{"id":16134,"date":"2025-09-18T21:27:40","date_gmt":"2025-09-18T19:27:40","guid":{"rendered":"https:\/\/monde25.info\/index.php\/2025\/09\/18\/veaux-vaches-moutons-les-epizooties-depeuplent-un-salon-de-lelevage\/"},"modified":"2025-09-18T21:27:40","modified_gmt":"2025-09-18T19:27:40","slug":"veaux-vaches-moutons-les-epizooties-depeuplent-un-salon-de-lelevage","status":"publish","type":"post","link":"https:\/\/monde25.info\/index.php\/2025\/09\/18\/veaux-vaches-moutons-les-epizooties-depeuplent-un-salon-de-lelevage\/","title":{"rendered":"Veaux, vaches, moutons\u00a0: les \u00e9pizooties d\u00e9peuplent un salon de l&#039;\u00e9levage"},"content":{"rendered":"<p> <br \/>\n<br \/><img loading=\"lazy\" decoding=\"async\" src=\"https:\/\/reporterre.net\/local\/cache-vignettes\/L700xH467\/dsc_0710-0438f.jpg?1758206380\" class=\"spip_logo\" width=\"700\" height=\"467\" alt=\"\" \/><\/p>\n<p>Dans les all\u00e9es du salon de l&rsquo;\u00e9levage de Rennes, plus de la moiti\u00e9 des animaux attendus sont absents. Le reflet d&rsquo;un monde agricole durement touch\u00e9 par les \u00e9pizooties, comme la fi\u00e8vre catarrhale ovine et la dermatose. <br class=\"autobr\" \/><br \/>\nRennes (Ille-et-Vilaine), reportage <br class=\"autobr\" \/><br \/>\nLa situation a peut-\u00eatre \u00e9chapp\u00e9 aux visiteurs de passage, mais les habitu\u00e9s l&rsquo;ont bien remarqu\u00e9. Plus de la moiti\u00e9 des animaux attendus manquent \u00e0 l&rsquo;appel du salon international de l&rsquo;\u00e9levage de Rennes \u2014 le Space\u00a0\u2014, en raison des\u00a0(\u2026)<\/p>\n<p>                    <a target=\"_blank\" href=\"https:\/\/reporterre.net\/Veaux-vaches-moutons-les-epizooties-depeuplent-un-salon-de-l-elevage?utm_source=RSS&amp;utm_medium=RSS\">Lire la suite<\/a><\/p>\n<p>                    &#8211;<br \/>\n                        <a target=\"_blank\" href=\"https:\/\/reporterre.net\/Reportage\" rel=\"directory\">Reportage<\/a><\/p>\n<p>                    \/<br \/>\n                        <a target=\"_blank\" href=\"https:\/\/reporterre.net\/Agriculture\" rel=\"tag\">Agriculture<\/a><br \/>\n<br \/><br \/>\n<br \/><a href=\"https:\/\/reporterre.net\/Veaux-vaches-moutons-les-epizooties-depeuplent-un-salon-de-l-elevage\" target=\"_blank\"\">Source link <\/a><\/p>\n","protected":false},"excerpt":{"rendered":"<p>Dans les all\u00e9es du salon de l&rsquo;\u00e9levage de Rennes, plus de la moiti\u00e9 des animaux attendus sont absents. Le reflet d&rsquo;un monde agricole durement touch\u00e9 par les \u00e9pizooties, comme la&hellip; <\/p>\n","protected":false},"author":1,"featured_media":0,"comment_status":"open","ping_status":"open","sticky":false,"template":"","format":"standard","meta":{"footnotes":""},"categories":[1],"tags":[],"class_list":["post-16134","post","type-post","status-publish","format-standard","hentry","category-non-classe"],"_links":{"self":[{"href":"https:\/\/monde25.info\/index.php\/wp-json\/wp\/v2\/posts\/16134","targetHints":{"allow":["GET"]}}],"collection":[{"href":"https:\/\/monde25.info\/index.php\/wp-json\/wp\/v2\/posts"}],"about":[{"href":"https:\/\/monde25.info\/index.php\/wp-json\/wp\/v2\/types\/post"}],"author":[{"embeddable":true,"href":"https:\/\/monde25.info\/index.php\/wp-json\/wp\/v2\/users\/1"}],"replies":[{"embeddable":true,"href":"https:\/\/monde25.info\/index.php\/wp-json\/wp\/v2\/comments?post=16134"}],"version-history":[{"count":0,"href":"https:\/\/monde25.info\/index.php\/wp-json\/wp\/v2\/posts\/16134\/revisions"}],"wp:attachment":[{"href":"https:\/\/monde25.info\/index.php\/wp-json\/wp\/v2\/media?parent=16134"}],"wp:term":[{"taxonomy":"category","embeddable":true,"href":"https:\/\/monde25.info\/index.php\/wp-json\/wp\/v2\/categories?post=16134"},{"taxonomy":"post_tag","embeddable":true,"href":"https:\/\/monde25.info\/index.php\/wp-json\/wp\/v2\/tags?post=16134"}],"curies":[{"name":"wp","href":"https:\/\/api.w.org\/{rel}","templated":true}]}}