{"id":16135,"date":"2025-09-18T22:01:24","date_gmt":"2025-09-18T20:01:24","guid":{"rendered":"https:\/\/monde25.info\/index.php\/2025\/09\/18\/la-mauritanie-pourrait-a-la-fois-rejoindre-les-accords-dabraham-et-superviser-les-jihadistes-au-sahel\/"},"modified":"2025-09-18T22:01:24","modified_gmt":"2025-09-18T20:01:24","slug":"la-mauritanie-pourrait-a-la-fois-rejoindre-les-accords-dabraham-et-superviser-les-jihadistes-au-sahel","status":"publish","type":"post","link":"https:\/\/monde25.info\/index.php\/2025\/09\/18\/la-mauritanie-pourrait-a-la-fois-rejoindre-les-accords-dabraham-et-superviser-les-jihadistes-au-sahel\/","title":{"rendered":"La Mauritanie pourrait \u00e0 la fois rejoindre les accords d\u2019Abraham et superviser les jihadistes au Sahel"},"content":{"rendered":"<p> <br \/>\n<\/p>\n<div>\n<div align=\"center\"><img loading=\"lazy\" decoding=\"async\" src=\"https:\/\/www.voltairenet.org\/local\/cache-vignettes\/L563xH352\/400_-_1-516-dbb5f.jpg?1758204948\" class=\"spip_logo\" width=\"563\" height=\"352\" alt=\"\"\/><\/div>\n<p>\u2022 Selon une note du Washington Institute for Near East Policy, <i>Resilience and Roadblocks\u00a0: The Abraham Accords at Five Years<\/i> (R\u00e9silience et obstacles\u00a0: les accords d\u2019Abraham apr\u00e8s cinq ans), Benyamin Netanyahou, Premier ministre isra\u00e9lien, aurait rencontr\u00e9 le pr\u00e9sident mauritanien Mohamed Ould Ghazouani, \u00e0 l\u2019occasion de sa visite \u00e0 la Maison-Blanche, le 8 juillet 2025. La Mauritanie participait alors au sommet \u00c9tats-Unis-Afrique. L\u2019entretien aurait port\u00e9 sur une possible adh\u00e9sion aux accords d\u2019Abraham.<\/p>\n<p>\u261e Cet \u00e9pisode est rendu public alors que plusieurs \u00c9tats arabes remettent en question leur participation \u00e0 ces accords et qu\u2019Isra\u00ebl recherche de nouveaux partenaires. Il souligne que les deux chefs d\u2019\u00c9tat et de gouvernement jouissent de relations cordiales, mais r\u00e9v\u00e8le que la Mauritanie entretient aussi des relations avec le Hamas.<\/p>\n<p>\u261e Ce positionnement de la Mauritanie intervient alors qu\u2019Alexander Ivanov, le porte-parole de l\u2019ancien Groupe Wagner en Afrique, a pr\u00e9sent\u00e9, en ao\u00fbt \u00e0 l\u2019agence Tass, la Mauritanie comme la plaque tournante des armes et des forces sp\u00e9ciales ukrainiennes en Afrique. Selon lui, ce pays contr\u00f4le d\u00e9j\u00e0 l\u2019ensemble des groupes terroristes au Sahel.<\/p>\n<p>En outre, en mai 2022, la straussienne Victoria Nuland, alors sous-secr\u00e9taire d\u2019\u00c9tat pour les Affaires politiques, avait annonc\u00e9 lors du sommet antiterroriste de Marrakech que la prochaine guerre au terrorisme aurait lieu au Sahel.<\/p>\n<p>Enfin, en novembre 2023, le pr\u00e9sident nig\u00e9rian Muhammadu Buhari, avait confirm\u00e9 l\u2019afflux massif, aux mains des jihadistes au Sahel et dans le bassin du lac Tchad, d\u2019armes US destin\u00e9es initialement \u00e0 l\u2019Ukraine.<\/p>\n<p>Le transfert d\u2019armes ukrainiennes a d\u00e9j\u00e0 \u00e9t\u00e9 constat\u00e9 au Burkina Faso, en Somalie et en Libye. Le Wall Street Journal a aussi not\u00e9 la pr\u00e9sence des Forces sp\u00e9ciales ukrainiennes aux c\u00f4t\u00e9s du g\u00e9n\u00e9ral Abdel Fattah Al-Burhan au Soudan, tandis que d\u2019autres les ont mentionn\u00e9es avec les Forces d\u00e9mocratiques alli\u00e9es en Ouganda. L\u2019Ukraine a publiquement revendiqu\u00e9 sa pr\u00e9sence au Mali. Concernant le Soudan, le m\u00e9dia Al-Rakouba avait \u00e9voqu\u00e9 le recrutement de mercenaires colombiens qui sont form\u00e9s par les Forces sp\u00e9ciales ukrainiennes en Moldavie sous la couverture du Forward Observations Group (FOG) et seraient pr\u00e9sents dans les deux parties soudanaises des g\u00e9n\u00e9raux Abdel Fattah Al-Burhan et Mohamed Hamdan Dogolo (alias \u00ab\u00a0Hemedti\u00a0\u00bb).<\/p>\n<p>Les services de s\u00e9curit\u00e9 alg\u00e9riens, quant \u00e0 eux, avaient d\u00e9nonc\u00e9 une autre fili\u00e8re, celle du Fr\u00e8re musulman Abdul Hamid Dbeibeh, chef du Gouvernement d\u2019unit\u00e9 nationale libyen (GNU), comme ayant jou\u00e9 un r\u00f4le dans le transfert d\u2019armes ukrainiennes \u00e0 des jihadistes alg\u00e9riens.<\/p>\n<blockquote class=\"spip\">\n<p>Cet article est extrait du num\u00e9ro 143 de \u00ab\u00a0Voltaire, actualit\u00e9 internationale\u00a0\u00bb. Le monde change vite. <a target=\"_blank\" href=\"https:\/\/buy.stripe.com\/7sI16i222cRI4UgcN9\" class=\"spip_out\" rel=\"external\">Abonnez-vous<\/a> \u00e0 notre lettre confidentielle hebdomadaire\u00a0; une source exceptionnelle d\u2019information sur la transition vers un monde multipolaire.<\/p>\n<\/blockquote>\n<\/div>\n<p><br \/>\n<br \/><a href=\"https:\/\/www.voltairenet.org\/article222809.html\" target=\"_blank\"\">Source link <\/a><\/p>\n","protected":false},"excerpt":{"rendered":"<p>\u2022 Selon une note du Washington Institute for Near East Policy, Resilience and Roadblocks\u00a0: The Abraham Accords at Five Years (R\u00e9silience et obstacles\u00a0: les accords d\u2019Abraham apr\u00e8s cinq ans), Benyamin&hellip; <\/p>\n","protected":false},"author":1,"featured_media":16136,"comment_status":"open","ping_status":"open","sticky":false,"template":"","format":"standard","meta":{"footnotes":""},"categories":[1],"tags":[],"class_list":["post-16135","post","type-post","status-publish","format-standard","has-post-thumbnail","hentry","category-non-classe"],"_links":{"self":[{"href":"https:\/\/monde25.info\/index.php\/wp-json\/wp\/v2\/posts\/16135","targetHints":{"allow":["GET"]}}],"collection":[{"href":"https:\/\/monde25.info\/index.php\/wp-json\/wp\/v2\/posts"}],"about":[{"href":"https:\/\/monde25.info\/index.php\/wp-json\/wp\/v2\/types\/post"}],"author":[{"embeddable":true,"href":"https:\/\/monde25.info\/index.php\/wp-json\/wp\/v2\/users\/1"}],"replies":[{"embeddable":true,"href":"https:\/\/monde25.info\/index.php\/wp-json\/wp\/v2\/comments?post=16135"}],"version-history":[{"count":0,"href":"https:\/\/monde25.info\/index.php\/wp-json\/wp\/v2\/posts\/16135\/revisions"}],"wp:featuredmedia":[{"embeddable":true,"href":"https:\/\/monde25.info\/index.php\/wp-json\/wp\/v2\/media\/16136"}],"wp:attachment":[{"href":"https:\/\/monde25.info\/index.php\/wp-json\/wp\/v2\/media?parent=16135"}],"wp:term":[{"taxonomy":"category","embeddable":true,"href":"https:\/\/monde25.info\/index.php\/wp-json\/wp\/v2\/categories?post=16135"},{"taxonomy":"post_tag","embeddable":true,"href":"https:\/\/monde25.info\/index.php\/wp-json\/wp\/v2\/tags?post=16135"}],"curies":[{"name":"wp","href":"https:\/\/api.w.org\/{rel}","templated":true}]}}