{"id":16138,"date":"2025-09-18T23:07:37","date_gmt":"2025-09-18T21:07:37","guid":{"rendered":"https:\/\/monde25.info\/index.php\/2025\/09\/18\/cannes-se-prepare-a-larrivee-dun-tsunami\/"},"modified":"2025-09-18T23:07:37","modified_gmt":"2025-09-18T21:07:37","slug":"cannes-se-prepare-a-larrivee-dun-tsunami","status":"publish","type":"post","link":"https:\/\/monde25.info\/index.php\/2025\/09\/18\/cannes-se-prepare-a-larrivee-dun-tsunami\/","title":{"rendered":"Cannes se pr\u00e9pare \u00e0 l\u2019arriv\u00e9e d\u2019un tsunami"},"content":{"rendered":"<p> <br \/>\n<\/p>\n<div>\n<h4><strong>En 2022, l\u2019UNESCO rappelait que la probabilit\u00e9 d\u2019une vague de tsunami de plus d\u2019un m\u00e8tre en M\u00e9diterran\u00e9e dans les 30 prochaines ann\u00e9es se rapproche de 100%. Face \u00e0 ce risque, la ville de Cannes a d\u00e9ploy\u00e9 des moyens pr\u00e9ventifs. Le point sur la situation.<\/strong><\/h4>\n<p><span style=\"font-weight: 400;\">La gravit\u00e9 d\u2019un tel ph\u00e9nom\u00e8ne serait accentu\u00e9e par <strong>le r\u00e9chauffement climatique et la mont\u00e9e des eaux<\/strong> qui en r\u00e9sulte, mettant en \u00e9vidence la vuln\u00e9rabilit\u00e9 particuli\u00e8re du bassin M\u00e9diterran\u00e9en face au r\u00e9chauffement climatique. En effet, outre le risque de tsunamis,<strong> le pourtour m\u00e9diterran\u00e9en se r\u00e9chauffe plus vite que le reste de la plan\u00e8te<\/strong> et en subit les cons\u00e9quences de plein fouet. <\/span><\/p>\n<p><span style=\"font-weight: 400;\">Les pr\u00e9paratifs mis en place par Cannes lui ont permis d\u2019obtenir <strong>la certification \u00ab tsunami ready \u00bb<\/strong> d\u00e9livr\u00e9e par l\u2019UNESCO. Mais \u00e0 quel point le risque est-il r\u00e9el ? D\u00e9cryptage dans cet article.<\/span><\/p>\n<h2><b>Le risque av\u00e9r\u00e9 de tsunami en M\u00e9diterran\u00e9e<\/b><\/h2>\n<blockquote>\n<p><span style=\"font-weight: 400;\"><strong>\u00ab\u00a0le bassin M\u00e9diterran\u00e9en est bel et bien menac\u00e9 de tsunami dans les trente prochaines ann\u00e9es\u00a0\u00bb.<\/strong> <\/span><\/p>\n<\/blockquote>\n<p><span style=\"font-weight: 400;\">Cela peut para\u00eetre anecdotique mais<strong> le bassin M\u00e9diterran\u00e9en est bel et bien menac\u00e9 de tsunami dans les trente prochaines ann\u00e9es.<\/strong> C\u2019est ce qu\u2019avait affirm\u00e9 l\u2019UNESCO en 2022, d\u00e9cidant alors d\u2019\u00e9largir son programme de protection \u00ab\u00a0tsunami ready\u00a0\u00bb \u00e0 la r\u00e9gion.<\/span><\/p>\n<p><span style=\"font-weight: 400;\"> Bien que moins puissants que ceux survenant <strong>des oc\u00e9ans Pacifique ou Indien,<\/strong> ils n\u2019en constituent pas moins <strong>un danger pour les villes c\u00f4ti\u00e8res\u00a0:<\/strong> des vagues continues de 50 centim\u00e8tres, associ\u00e9es \u00e0 un courant fort, repr\u00e9sentent <strong>une menace pour les passants<\/strong> sur le littoral et peuvent provoquer des d\u00e9g\u00e2ts cons\u00e9quents <strong>dans les zones portuaires et c\u00f4ti\u00e8res,<\/strong> emportant bateaux et autres v\u00e9hicules.\u00a0<\/span><\/p>\n<blockquote>\n<p><span style=\"font-weight: 400;\"><strong>\u00ab\u00a048 tsunamis ont frapp\u00e9 les c\u00f4tes fran\u00e7aises du bassin M\u00e9diterran\u00e9en entre 1564 et 2011\u00a0\u00bb.<\/strong><\/span><\/p>\n<\/blockquote>\n<p><span style=\"font-weight: 400;\">Par le pass\u00e9, pas moins de <strong>48 tsunamis ont frapp\u00e9 les c\u00f4tes fran\u00e7aises du bassin M\u00e9diterran\u00e9en entre 1564 et 2011.<\/strong> Ces catastrophes r\u00e9sultant principalement de tremblements de terre ou d\u2019\u00e9ruptions volcaniques, caus\u00e9s par des failles sismiques actives pr\u00e8s des Alpes ainsi qu\u2019au large de c\u00f4tes italiennes et alg\u00e9riennes.\u00a0<\/span><\/p>\n<p><span style=\"font-weight: 400;\">En 2003, <strong>un puissant s\u00e9isme survenu \u00e0 Boumerd\u00e8s en Alg\u00e9rie,<\/strong> causant de nombreuses victimes, avait d\u2019ailleurs d\u00e9clench\u00e9<strong> un raz-de-mar\u00e9e de l\u2019autre c\u00f4t\u00e9 de la M\u00e9diterran\u00e9e.<\/strong> Celui-ci avait d\u00e9truit sur son passage des centaines de bateaux dans les \u00eeles Bal\u00e9ares et, dans une moindre mesure, dans les ports de la C\u00f4te d\u2019Azur victimes d\u2019un retrait soudain du niveau de la mer.<\/span><\/p>\n<p><span style=\"font-weight: 400;\">Les s\u00e9ismes pouvant entra\u00eener ces tsunamis sont impr\u00e9visibles, d\u2019o\u00f9 l\u2019utilit\u00e9 d\u2019y \u00eatre suffisamment pr\u00e9par\u00e9s.\u00a0<\/span><\/p>\n<h2><b>Depuis 2014, Cannes vis\u00e9 par la menace<\/b><\/h2>\n<p><span style=\"font-weight: 400;\">D\u00e8s 2014, la ville de Cannes a lanc\u00e9 <strong>un programme de pr\u00e9vention contre les tsunamis,<\/strong> avec le soutien de l\u2019UNESCO. Ce dispositif d\u2019alerte vise \u00e0 prot\u00e9ger les habitants et \u00e0 r\u00e9duire les dommages mat\u00e9riels en cas de catastrophe maritime.<\/span><\/p>\n<figure id=\"attachment_999437\" aria-describedby=\"caption-attachment-999437\" style=\"width: 1500px\" class=\"wp-caption alignnone\"><img fetchpriority=\"high\" decoding=\"async\" class=\"size-full wp-image-999437\" src=\"https:\/\/mrmondialisation.org\/wp-content\/uploads\/2025\/09\/couverture-article-1-1.jpg\" alt=\"Climat : Cannes se pr\u00e9pare \u00e0 l\u2019arriv\u00e9e d\u2019un tsunami\" width=\"1500\" height=\"785\" srcset=\"https:\/\/mrmondialisation.org\/wp-content\/uploads\/2025\/09\/couverture-article-1-1.jpg 1500w, https:\/\/mrmondialisation.org\/wp-content\/uploads\/2025\/09\/couverture-article-1-1-1024x536.jpg 1024w, https:\/\/mrmondialisation.org\/wp-content\/uploads\/2025\/09\/couverture-article-1-1-768x402.jpg 768w, https:\/\/mrmondialisation.org\/wp-content\/uploads\/2025\/09\/couverture-article-1-1-696x364.jpg 696w, https:\/\/mrmondialisation.org\/wp-content\/uploads\/2025\/09\/couverture-article-1-1-1068x559.jpg 1068w, https:\/\/mrmondialisation.org\/wp-content\/uploads\/2025\/09\/couverture-article-1-1-803x420.jpg 803w\" sizes=\"(max-width: 1500px) 100vw, 1500px\"\/><figcaption id=\"caption-attachment-999437\" class=\"wp-caption-text\"><span style=\"font-weight: 400;\">@Source : Darya Sannikova, <\/span><i><span style=\"font-weight: 400;\">Pexels<\/span><\/i><\/figcaption><\/figure>\n<p><span style=\"font-weight: 400;\">\u00c0 cette fin, la mairie de Cannes a cr\u00e9\u00e9 <strong>une d\u00e9l\u00e9gation de risque majeur<\/strong> appliquant une politique de gestion des risques \u00e0 travers plusieurs initiatives concr\u00e8tes. Les professionnels du littoral <strong>\u2013 plagistes, h\u00f4teliers, secteur de la p\u00eache et des activit\u00e9s baln\u00e9aires et nautiques<\/strong> <strong>\u2013<\/strong> ont \u00e9galement ont \u00e9t\u00e9 sensibilis\u00e9s et int\u00e9gr\u00e9s dans les d\u00e9marches de pr\u00e9vention.\u00a0<\/span><\/p>\n<div class=\"td-a-rec td-a-rec-id-content_inline  tdi_1 td_block_template_1\">\n<span class=\"td-adspot-title\">&#8211; Pour une information libre ! &#8211;<\/span><a target=\"_blank\" href=\"https:\/\/fr.tipeee.com\/mr-mondialisation\" class=\"tipeee-project-small\">Soutenir Mr Japanization sur Tipeee<\/a>\n<\/div>\n<p><span style=\"font-weight: 400;\">Depuis 2017, la ville de Cannes collabore ainsi avec<strong> le Centre national d\u2019alerte aux tsunamis (Cenalt)<\/strong> pour organiser des exercices d\u2019\u00e9vacuation. Des messages d\u2019alerte sont envoy\u00e9s par t\u00e9l\u00e9phone et diffus\u00e9s via les quelques <strong>383 haut-parleurs r\u00e9partis sur les 15 kilom\u00e8tres de littoral.<\/strong> La municipalit\u00e9 a install\u00e9 une signalisation qui dirige les passants vers <strong>21 \u00ab zones refuge \u00bb<\/strong> identifi\u00e9es dans la ville, situ\u00e9es \u00e0 au moins 200 m\u00e8tres des c\u00f4tes.\u00a0<\/span><\/p>\n<p><span style=\"font-weight: 400;\">Une<strong> r\u00e9serve communale de s\u00e9curit\u00e9 civile <\/strong>a \u00e9galement \u00e9t\u00e9 \u00e9tablie, compos\u00e9e de b\u00e9n\u00e9voles form\u00e9s pouvant appuyer les secours lors des exercices d\u2019\u00e9vacuation pour guider et sensibiliser la population.<\/span><\/p>\n<blockquote>\n<p><strong>\u00ab\u00a0Cannes est depuis janvier 2024 la premi\u00e8re ville de M\u00e9diterran\u00e9e \u00e0 avoir obtenu la certification \u00ab tsunami ready \u00bb\u00a0\u00bb<\/strong><\/p>\n<\/blockquote>\n<p><span style=\"font-weight: 400;\">Gr\u00e2ce \u00e0 ces efforts, Cannes est depuis janvier 2024 <strong>la premi\u00e8re ville de M\u00e9diterran\u00e9e \u00e0 avoir obtenu la certification \u00ab\u00a0tsunami ready\u00a0\u00bb,<\/strong> cr\u00e9e par l\u2019UNESCO pour encourager les villes c\u00f4ti\u00e8res \u00e0 se pr\u00e9parer face au risque de tsunami.<\/span><\/p>\n<p><iframe loading=\"lazy\" title=\"La ville de Cannes pr\u00eate en cas de tsunami, a re\u00e7u  la certification Tsunami Ready\" width=\"1110\" height=\"624\" src=\"https:\/\/www.youtube.com\/embed\/qutEgI1HDDo?feature=oembed\" frameborder=\"0\" allow=\"accelerometer; autoplay; clipboard-write; encrypted-media; gyroscope; picture-in-picture; web-share\" referrerpolicy=\"strict-origin-when-cross-origin\" allowfullscreen><\/iframe><\/p>\n<h2><b>La vuln\u00e9rabilit\u00e9 du bassin M\u00e9diterran\u00e9en, \u00ab\u00a0hotspot\u00a0\u00bb climatique<\/b><\/h2>\n<p><span style=\"font-weight: 400;\">Si les tsunamis sont caus\u00e9s par des s\u00e9ismes ou \u00e9ruptions volcaniques,<strong> leur gravit\u00e9 \u2013 elle \u2013 peut \u00eatre amplifi\u00e9e par le r\u00e9chauffement climatique<\/strong> qui provoque la mont\u00e9e du niveau de la mer. <\/span><\/p>\n<p><span style=\"font-weight: 400;\">Or, <strong>le niveau moyen de la mer M\u00e9diterran\u00e9e a d\u00e9j\u00e0 augment\u00e9 de 6 centim\u00e8tres ces 20 derni\u00e8res ann\u00e9es,<\/strong> et le rythme de cette \u00e9l\u00e9vation ne fait que s\u2019acc\u00e9l\u00e9rer. Selon un rapport du r\u00e9seau M\u00e9diterran\u00e9en des Experts sur le Changement Climatique et Environnemental (MedECC), <strong>le niveau moyen de la M\u00e9diterran\u00e9e devrait augmenter de 37 \u00e0 90 centim\u00e8tres d\u2019ici la fin du si\u00e8cle.<\/strong><\/span><\/p>\n<p><span style=\"font-weight: 400;\">Ce risque vient donc s\u2019ajouter aux nombreuses menaces du d\u00e9r\u00e8glement climatique qui p\u00e8sent sur la r\u00e9gion. En effet, le bassin M\u00e9diterran\u00e9en est particuli\u00e8rement vuln\u00e9rable au d\u00e9r\u00e8glement climatique, d\u00e9crit par les climatologues comme <strong>un \u00ab\u00a0hotspot\u00a0\u00bb climatique<\/strong> puisqu\u2019il se r\u00e9chauffe 20% plus vite que le reste de la plan\u00e8te. Si cette tendance persiste, les projections indiquent que <strong>les temp\u00e9ratures pourraient y augmenter de 3,8\u00b0C \u00e0 6,5\u00b0C<\/strong> par rapport \u00e0 l\u2019\u00e8re pr\u00e9industrielle d\u2019ici 2100.<\/span><\/p>\n<p><span style=\"font-weight: 400;\">Ce r\u00e9chauffement est observ\u00e9 tant sur terre qu\u2019en mer. Les eaux de la M\u00e9diterran\u00e9e subissent un r\u00e9chauffement alarmant, comme l\u2019attestent<strong> les canicules marines de cet \u00e9t\u00e9.<\/strong> En juin, les temp\u00e9ratures de l\u2019eau ont atteint des records de chaleur : <strong>26\u00b0C en moyenne en surface et jusqu\u2019\u00e0 31\u00b0C le 1<\/strong><\/span><strong>er<\/strong><span style=\"font-weight: 400;\"><strong> juillet au large de l\u2019Espagne, d\u00e9passant de 5\u00b0C les normales de saison.<\/strong> <\/span><\/p>\n<p><iframe loading=\"lazy\" title=\"La M\u00e9diterran\u00e9e fr\u00f4le les 30 degr\u00e9s\" width=\"1110\" height=\"624\" src=\"https:\/\/www.youtube.com\/embed\/XZj9SvU1zp0?feature=oembed\" frameborder=\"0\" allow=\"accelerometer; autoplay; clipboard-write; encrypted-media; gyroscope; picture-in-picture; web-share\" referrerpolicy=\"strict-origin-when-cross-origin\" allowfullscreen><\/iframe><\/p>\n<p><span style=\"font-weight: 400;\">Ces vagues de chaleur marines surviennent d\u00e9sormais <strong>plus t\u00f4t et plus fr\u00e9quemment.<\/strong> Ces derni\u00e8res sont d\u00e9vastatrices pour les \u00e9cosyst\u00e8mes\u00a0marins : <strong>mortalit\u00e9s massives de certaines esp\u00e8ces, <a target=\"_blank\" href=\"https:\/\/mrmondialisation.org\/moitie-coraux-disparus-science-alerte-1998\/\">blanchiment des coraux<\/a> et r\u00e9duction de l\u2019absorption du CO2 par l\u2019oc\u00e9an due au d\u00e9clin du phytoplancton et des herbiers marins sous l\u2019effet des temp\u00e9ratures excessives.\u00a0<\/strong><\/span><\/p>\n<blockquote>\n<p><strong>\u00ab\u00a0Les scientifiques constatent \u00e0 cet \u00e9gard une tropicalisation de la M\u00e9diterran\u00e9e\u00a0\u00bb<\/strong><\/p>\n<\/blockquote>\n<p><span style=\"font-weight: 400;\">Les scientifiques constatent \u00e0 cet \u00e9gard<strong> une tropicalisation de la M\u00e9diterran\u00e9e.<\/strong> Des esp\u00e8ces marines tropicales, notamment invasives, prolif\u00e8rent tandis que <strong>les esp\u00e8ces autochtones sont contraintes de migrer<\/strong> vers des zones plus fra\u00eeches, entra\u00eenant un bouleversement de l\u2019\u00e9cosyst\u00e8me mettant en danger la biodiversit\u00e9 de la M\u00e9diterran\u00e9e.\u00a0<\/span><\/p>\n<h2><b>Amplification des ph\u00e9nom\u00e8nes m\u00e9t\u00e9orologiques violents<\/b><\/h2>\n<p><span style=\"font-weight: 400;\">Ce r\u00e9chauffement de la M\u00e9diterran\u00e9e entra\u00eene des ph\u00e9nom\u00e8nes m\u00e9t\u00e9orologiques de plus en plus extr\u00eames dans les pays de son pourtour, <strong>entre canicules et pluies torrentielles.\u00a0<\/strong><\/span><\/p>\n<p><span style=\"font-weight: 400;\">En effet, d\u2019un c\u00f4t\u00e9, d\u00fb \u00e0 la forte hausse des temp\u00e9ratures de la mer,<strong> les masses d\u2019air venant du Sahara<\/strong> ne sont plus rafra\u00eechies lorsqu\u2019elles traversent la M\u00e9diterran\u00e9e et gardent leurs temp\u00e9ratures extr\u00eamement \u00e9lev\u00e9es, alimentant canicules de plus en plus longues et fr\u00e9quentes. Ces derni\u00e8res favorisent d\u00e8s lors <strong>les s\u00e9cheresses r\u00e9currentes ou encore les feux de for\u00eats ravageurs,<\/strong> comme cet \u00e9t\u00e9<\/span><span style=\"font-weight: 400;\">\u202f<\/span><span style=\"font-weight: 400;\">\u00e0 Marseille, Narbonne, en Catalogne et en Mac\u00e9doine du Nord.\u00a0\u00a0<\/span><\/p>\n<p><span style=\"font-weight: 400;\">D\u2019un autre c\u00f4t\u00e9, <strong>l\u2019\u00e9vaporation accrue de la mer due aux fortes chaleurs entra\u00eene une forte humidit\u00e9 dans l\u2019atmosph\u00e8re<\/strong> qui, \u00e0 la rencontre de vents froids venant de l\u2019Atlantique ou de reliefs montagneux, d\u00e9clenche <strong>des ph\u00e9nom\u00e8nes orageux violents,<\/strong> commun\u00e9ment appel\u00e9s \u00e9pisodes m\u00e9diterran\u00e9ens (ou c\u00e9venols). Ces \u00e9pisodes pluvieux extr\u00eames frappent surtout en automne, et <strong>d\u00e9versent en seulement quelques heures l\u2019\u00e9quivalent de plusieurs mois de pluie.<\/strong> C\u2019est ce ph\u00e9nom\u00e8ne qui est \u00e0 l\u2019origine des inondations d\u00e9vastatrices \u00e0 Valence \u00e0 la fin du mois d\u2019octobre 2024 par exemple.\u00a0<\/span><\/p>\n<blockquote>\n<p><strong>\u00ab\u00a0les \u00e9pisodes m\u00e9diterran\u00e9ens violents sont d\u00e9sormais deux \u00e0 trois fois plus fr\u00e9quents en France.\u00a0\u00bb<\/strong><\/p>\n<\/blockquote>\n<p><span style=\"font-weight: 400;\"><strong>L\u2019intensit\u00e9 de ces \u00e9pisodes a augment\u00e9 ces derni\u00e8res ann\u00e9es<\/strong> du fait de la hausse des temp\u00e9ratures. De fait, les statistiques de l\u2019Union Europ\u00e9enne d\u00e9montrent que <strong>l\u2019intensit\u00e9 des pr\u00e9cipitations dans la r\u00e9gion a augment\u00e9 de 22% ces 50 derni\u00e8res ann\u00e9es<\/strong><\/span><span style=\"font-weight: 400;\"><strong>.<\/strong> Selon le climatologue Robert Vautard, les \u00e9pisodes m\u00e9diterran\u00e9ens violents sont d\u00e9sormais <strong>deux \u00e0 trois fois plus fr\u00e9quents en France.<\/strong> Et les cons\u00e9quences peuvent \u00eatre d\u00e9vastatrices\u00a0: <strong>inondations, coul\u00e9es de boue ou encore glissements de terrain.<\/strong><\/span><\/p>\n<figure id=\"attachment_999438\" aria-describedby=\"caption-attachment-999438\" style=\"width: 1000px\" class=\"wp-caption alignnone\"><img loading=\"lazy\" decoding=\"async\" class=\"wp-image-999438 size-full\" src=\"https:\/\/mrmondialisation.org\/wp-content\/uploads\/2025\/09\/cannes-photo-2.jpg\" alt=\"\" width=\"1000\" height=\"686\" srcset=\"https:\/\/mrmondialisation.org\/wp-content\/uploads\/2025\/09\/cannes-photo-2.jpg 1000w, https:\/\/mrmondialisation.org\/wp-content\/uploads\/2025\/09\/cannes-photo-2-768x527.jpg 768w, https:\/\/mrmondialisation.org\/wp-content\/uploads\/2025\/09\/cannes-photo-2-218x150.jpg 218w, https:\/\/mrmondialisation.org\/wp-content\/uploads\/2025\/09\/cannes-photo-2-696x477.jpg 696w, https:\/\/mrmondialisation.org\/wp-content\/uploads\/2025\/09\/cannes-photo-2-612x420.jpg 612w, https:\/\/mrmondialisation.org\/wp-content\/uploads\/2025\/09\/cannes-photo-2-100x70.jpg 100w\" sizes=\"auto, (max-width: 1000px) 100vw, 1000px\"\/><figcaption id=\"caption-attachment-999438\" class=\"wp-caption-text\">@Source : M\u00e9t\u00e9o France<\/figcaption><\/figure>\n<h2><b>La M\u00e9diterran\u00e9e comme laboratoire du r\u00e9chauffement climatique\u00a0<\/b><\/h2>\n<p><span style=\"font-weight: 400;\">La M\u00e9diterran\u00e9e, en tant que mer semi-ferm\u00e9e, subit d\u00e9j\u00e0 un r\u00e9chauffement acc\u00e9l\u00e9r\u00e9 et sert \u00e0 cet effet <strong>de \u00ab\u00a0laboratoire\u00a0\u00bb scientifique aux climatologues.<\/strong> On le voit, la r\u00e9gion subit de plein fouet toutes les cons\u00e9quences n\u00e9fastes de la hausse des temp\u00e9ratures, entre mont\u00e9e des eaux, menaces aux \u00e9cosyst\u00e8mes marins, \u00e9pisodes m\u00e9t\u00e9orologiques extr\u00eames, canicules et s\u00e9cheresses. Ainsi, la M\u00e9diterran\u00e9e pr\u00e9sage ce qu\u2019implique l\u2019amplification du r\u00e9chauffement \u00e0 l\u2019\u00e9chelle globale, soit rien de rassurant.<\/span><\/p>\n<p><span style=\"font-weight: 400;\">Pour de plus en plus de villes, il convient, comme Cannes, <strong>de se pr\u00e9parer \u00e0 des potentielles catastrophes amplifi\u00e9es par le d\u00e9r\u00e8glement climatique<\/strong> tel que le risque de tsunami, afin d\u2019en limiter les cons\u00e9quences. Cela passe par des syst\u00e8mes de pr\u00e9vention et d\u2019alerte, mais appelle \u00e9galement \u00e0 v\u00e9g\u00e9taliser les villes pour att\u00e9nuer les canicules, limiter la b\u00e9tonisation des sols, adapter les \u00e9vacuations des eaux en cas de pluies diluviennes, et surtout, de r\u00e9duire ses \u00e9missions de gaz \u00e0 effet de serre pour freiner le changement climatique global. <\/span><\/p>\n<p><span style=\"font-weight: 400;\">Mais combien de villes le pourront et combien seront inversement surexpos\u00e9es \u00e0 ces catastrophes par manque de moyens ? Comme chaque fois,<strong> la question climatique est intimement li\u00e9e \u00e0 celle de la justice sociale.\u00a0<\/strong><\/span><\/p>\n<p style=\"text-align: right;\"><em><span style=\"font-weight: 400;\">\u2013 Delphine de H.<\/span><\/em><\/p>\n<hr\/>\n<p><b>Sources<\/b><\/p>\n<p><a target=\"_blank\" href=\"https:\/\/www.consilium.europa.eu\/fr\/infographics\/climate-costs\/\"><span style=\"font-weight: 400;\">https:\/\/www.consilium.europa.eu\/fr\/infographics\/climate-costs\/<\/span><\/a><\/p>\n<p><span style=\"font-weight: 400;\">\u00ab\u00a0R\u00e9silience aux tsunamis : l\u2019UNESCO formera 100 % des populations c\u00f4ti\u00e8res \u00e0 risque d\u2019ici 2030\u00a0\u00bb, UNESCO, 22\/06\/2022<\/span><\/p>\n<p><span style=\"font-weight: 400;\">Inondations en Espagne\u00a0: \u00abLe changement climatique a deux visages, les canicules et les pluies terribles\u00bb, Margaux Lacroux, <\/span><a target=\"_blank\" href=\"https:\/\/www.liberation.fr\/environnement\/climat\/inondations-en-espagne-le-changement-climatique-a-deux-visages-les-canicules-et-les-pluies-terribles-20241030_H2EOAATISNEBHGOSOMDJ4ZM77U\/\"><i><span style=\"font-weight: 400;\">Lib\u00e9ration<\/span><\/i><\/a><span style=\"font-weight: 400;\">, 30\/10\/2025,\u00a0<\/span><\/p>\n<p><span style=\"font-weight: 400;\">\u00ab\u00a0La M\u00e9diterran\u00e9e br\u00fble et nous regardons ailleurs\u00a0\u00bb, <\/span><i><span style=\"font-weight: 400;\">L\u2019invit\u00e9(e) des Matins<\/span><\/i><span style=\"font-weight: 400;\">, <a target=\"_blank\" href=\"https:\/\/www.radiofrance.fr\/franceculture\/podcasts\/france-culture-va-plus-loin-l-invite-e-des-matins-d-ete\/la-mediterranee-brule-et-nous-regardons-ailleurs-2498719\">France Culture,<\/a> 24\/07\/2025<\/span><\/p>\n<p><span style=\"font-weight: 400;\">\u00ab Changement climatique et environnemental dans le bassin mediterran\u00e9en, situation actuelle et risques pour le futur \u00bb, Premier rapport d\u2019\u00e9valuation sur la M\u00e9diterran\u00e9e (MAR1), MedECC, 2020.\u00a0<\/span><\/p>\n<div class=\"td-a-rec td-a-rec-id-content_bottom  tdi_2 td_block_template_1\">\n<span class=\"td-adspot-title\">&#8211; Cet article gratuit et ind\u00e9pendant existe gr\u00e2ce \u00e0 vous &#8211;<\/span><\/p>\n<div class=\"td-all-devices\">\n    <a target=\"_blank\" href=\"https:\/\/mrmondialisation.org\/donation\/\" title=\"Faire_un_don\"><img decoding=\"async\" class=\"donationArticle\" src=\"https:\/\/mrmondialisation.org\/wp-content\/uploads\/2022\/12\/220405-flikalicious-final.jpg\" alt=\"Donation\"\/><\/a>\n<\/div>\n<\/div><\/div>\n<p><br \/>\n<br \/><a href=\"https:\/\/mrmondialisation.org\/cannes-tsunami-climat\/\" target=\"_blank\"\">Source link <\/a><\/p>\n","protected":false},"excerpt":{"rendered":"<p>En 2022, l\u2019UNESCO rappelait que la probabilit\u00e9 d\u2019une vague de tsunami de plus d\u2019un m\u00e8tre en M\u00e9diterran\u00e9e dans les 30 prochaines ann\u00e9es se rapproche de 100%. Face \u00e0 ce risque,&hellip; <\/p>\n","protected":false},"author":1,"featured_media":16139,"comment_status":"open","ping_status":"open","sticky":false,"template":"","format":"standard","meta":{"footnotes":""},"categories":[1],"tags":[],"class_list":["post-16138","post","type-post","status-publish","format-standard","has-post-thumbnail","hentry","category-non-classe"],"_links":{"self":[{"href":"https:\/\/monde25.info\/index.php\/wp-json\/wp\/v2\/posts\/16138","targetHints":{"allow":["GET"]}}],"collection":[{"href":"https:\/\/monde25.info\/index.php\/wp-json\/wp\/v2\/posts"}],"about":[{"href":"https:\/\/monde25.info\/index.php\/wp-json\/wp\/v2\/types\/post"}],"author":[{"embeddable":true,"href":"https:\/\/monde25.info\/index.php\/wp-json\/wp\/v2\/users\/1"}],"replies":[{"embeddable":true,"href":"https:\/\/monde25.info\/index.php\/wp-json\/wp\/v2\/comments?post=16138"}],"version-history":[{"count":0,"href":"https:\/\/monde25.info\/index.php\/wp-json\/wp\/v2\/posts\/16138\/revisions"}],"wp:featuredmedia":[{"embeddable":true,"href":"https:\/\/monde25.info\/index.php\/wp-json\/wp\/v2\/media\/16139"}],"wp:attachment":[{"href":"https:\/\/monde25.info\/index.php\/wp-json\/wp\/v2\/media?parent=16138"}],"wp:term":[{"taxonomy":"category","embeddable":true,"href":"https:\/\/monde25.info\/index.php\/wp-json\/wp\/v2\/categories?post=16138"},{"taxonomy":"post_tag","embeddable":true,"href":"https:\/\/monde25.info\/index.php\/wp-json\/wp\/v2\/tags?post=16138"}],"curies":[{"name":"wp","href":"https:\/\/api.w.org\/{rel}","templated":true}]}}