{"id":16140,"date":"2025-09-18T23:40:42","date_gmt":"2025-09-18T21:40:42","guid":{"rendered":"https:\/\/monde25.info\/index.php\/2025\/09\/18\/israel-commet-un-genocide-cest-un-fait-pas-une-opinion\/"},"modified":"2025-09-18T23:40:42","modified_gmt":"2025-09-18T21:40:42","slug":"israel-commet-un-genocide-cest-un-fait-pas-une-opinion","status":"publish","type":"post","link":"https:\/\/monde25.info\/index.php\/2025\/09\/18\/israel-commet-un-genocide-cest-un-fait-pas-une-opinion\/","title":{"rendered":"Isra\u00ebl commet un g\u00e9nocide. C\u2019est un fait, pas une opinion"},"content":{"rendered":"<p> <br \/>\n<\/p>\n<div>\n<ol class=\"campaign-loop campaign-list\">\n<li id=\"campaign-482494\" class=\"post-482494 campaign type-campaign status-publish hentry campaign-has-goal campaign-has-not-achieved-goal campaign-has-end-date campaign-has-not-ended\">\n\t<a target=\"_blank\" href=\"https:\/\/reseauinternational.net\/campaigns\/campagne-de-dons-septembre-octobre-2025\/\"><\/p>\n<h3>Campagne de dons  Septembre \u2013 Octobre 2025<\/h3>\n<p>\t\t\t<\/a><\/p>\n<p>\n\tChers amis lecteurs, Nous faisons \u00e0 nouveau appel \u00e0 vous pour une nouvelle campagne de dons. Votre soutien nous est indispensable pour continuer \u00e0 vous fournir le meilleur de l\u2019information internationale alternative. C\u2019est gr\u00e2ce \u00e0 vos dons que nous pourrons maintenir le cap pour une information plurielle et r\u00e9ellement alternative. Nous comptons sur vous.<\/p>\n<p>\n<span class=\"amount\">360,00\u00a0\u20ac<\/span> de l\u2019objectif de <span class=\"goal-amount\">25 000,00\u00a0\u20ac<\/span> atteint<\/p>\n<\/li>\n<\/ol>\n<p>par\u00a0<strong>Caitlin Johnstone<\/strong><\/p>\n<p>Une enqu\u00eate de l\u2019ONU a r\u00e9v\u00e9l\u00e9 qu\u2019Isra\u00ebl commettait un g\u00e9nocide \u00e0 Gaza et que les autorit\u00e9s isra\u00e9liennes avaient \u00ab<em>l\u2019intention de tuer autant de Palestiniens que possible<\/em>\u00bb dans l\u2019enclave.<\/p>\n<p>Isra\u00ebl a r\u00e9agi au rapport de l\u2019ONU en le qualifiant de Hamas et d\u2019antis\u00e9mite, car c\u2019est tout ce qu\u2019ils ont. Le minist\u00e8re isra\u00e9lien des Affaires \u00e9trang\u00e8res a publi\u00e9 une d\u00e9claration affirmant que le rapport avait <a target=\"_blank\" href=\"https:\/\/x.com\/IsraelMFA\/status\/1967849154509459799\" target=\"_blank\" rel=\"noopener\" title=\"\">\u00e9t\u00e9 r\u00e9dig\u00e9<\/a> par \u00ab<em>des individus servant de mandataires au Hamas, connus pour leurs positions ouvertement antis\u00e9mites<\/em>\u00bb.<\/p>\n<p>Bla, bla, bla. Ce rapport est le Hamas et antis\u00e9mite. Toutes les organisations de d\u00e9fense des droits humains sont le Hamas et antis\u00e9mites. Il existe une vaste conspiration antis\u00e9mite mondiale du Hamas visant \u00e0 faire croire qu\u2019Isra\u00ebl commet un g\u00e9nocide, juste pour attrister le peuple juif.<\/p>\n<figure class=\"wp-block-embed is-type-rich is-provider-twitter wp-block-embed-twitter\">\n<div class=\"wp-block-embed__wrapper\">\n<div class=\"embed-twitter\">\n<blockquote class=\"twitter-tweet\" data-width=\"550\" data-dnt=\"true\">\n<p lang=\"en\" dir=\"ltr\">I can&rsquo;t stop thinking about 1 sentence in today&rsquo;s UN report regarding Israel&rsquo;s genocide in Gaza.<\/p>\n<p>\u00ab\u00a0Israeli security forces shot at &amp; killed civilians, including children who were holding makeshift white flags. Some children, including toddlers, were shot in the head by snipers.\u201d<\/p>\n<p>\u2014 Aaron Bastani (@AaronBastani) <a target=\"_blank\" href=\"https:\/\/twitter.com\/AaronBastani\/status\/1967984754416029709?ref_src=twsrc%5Etfw\">September 16, 2025<\/a><\/p><\/blockquote>\n<\/div>\n<\/div>\n<\/figure>\n<p>\u00c0 ce stade, les seules personnes qui nient encore qu\u2019Isra\u00ebl commette un g\u00e9nocide sont celles qui veulent s\u2019assurer que personne ne fasse quoi que ce soit pour l\u2019emp\u00eacher de commettre un g\u00e9nocide. La liste des institutions humanitaires qui accusent Isra\u00ebl de g\u00e9nocide comprend d\u00e9sormais :<\/p>\n<ol class=\"wp-block-list\">\n<li><a target=\"_blank\" href=\"https:\/\/www.ohchr.org\/en\/press-releases\/2025\/09\/israel-has-committed-genocide-gaza-strip-un-commission-finds\" target=\"_blank\" rel=\"noopener\" title=\"\">La Commission d\u2019enqu\u00eate internationale ind\u00e9pendante des Nations unies sur le territoire palestinien occup\u00e9<\/a><\/li>\n<li><a target=\"_blank\" href=\"https:\/\/www.bbc.com\/news\/articles\/cde3eyzdr63o\" target=\"_blank\" rel=\"noopener\" title=\"\">L\u2019Association internationale des sp\u00e9cialistes du g\u00e9nocide<\/a><\/li>\n<li><a target=\"_blank\" href=\"https:\/\/www.phr.org.il\/wp-content\/uploads\/2025\/07\/Genocide-in-Gaza-PHRI-English.pdf\" target=\"_blank\" rel=\"noopener\" title=\"\">M\u00e9decins pour les droits de l\u2019homme-Isra\u00ebl<\/a> (autre organisation isra\u00e9lienne)<\/li>\n<li><a target=\"_blank\" href=\"https:\/\/www.amnesty.org\/en\/latest\/news\/2024\/12\/amnesty-international-concludes-israel-is-committing-genocide-against-palestinians-in-gaza\/\" target=\"_blank\" rel=\"noopener\" title=\"\">Amnesty International<\/a><\/li>\n<li><a target=\"_blank\" href=\"https:\/\/msf.org.uk\/issues\/gaza-genocide\" target=\"_blank\" rel=\"noopener\" title=\"\">M\u00e9decins sans fronti\u00e8res<\/a><\/li>\n<li><a target=\"_blank\" href=\"https:\/\/www.ecchr.eu\/fileadmin\/Q_As\/ECCHR_Q_A__Gaza_and_Genocide_20241210.pdf\" target=\"_blank\" rel=\"noopener\" title=\"\">Le Centre europ\u00e9en pour les droits constitutionnels et humains<\/a><\/li>\n<li><a target=\"_blank\" href=\"https:\/\/www.hrw.org\/news\/2024\/12\/19\/israels-crime-extermination-acts-genocide-gaza\" target=\"_blank\" rel=\"noopener\" title=\"\">Human Rights Watch<\/a><\/li>\n<li><a target=\"_blank\" href=\"https:\/\/www.fidh.org\/en\/region\/north-africa-middle-east\/israel-palestine\/one-year-of-denouncing-the-genocide-of-palestinians-in-gaza\" target=\"_blank\" rel=\"noopener\" title=\"\">La F\u00e9d\u00e9ration internationale des ligues des droits de l\u2019homme<\/a><\/li>\n<li><a target=\"_blank\" href=\"https:\/\/www.lemkininstitute.com\/statements-new-page\/statement-on-why-we-call-the-israeli-attack-on-gaza-genocide\" target=\"_blank\" rel=\"noopener\" title=\"\">L\u2019Institut Lemkin pour la pr\u00e9vention du g\u00e9nocide<\/a><\/li>\n<\/ol>\n<p>La liste des institutions humanitaires qui affirment qu\u2019Isra\u00ebl ne commet PAS de g\u00e9nocide \u00e0 Gaza comprend :<\/p>\n<ol class=\"wp-block-list\">\n<li>Personne<\/li>\n<li>Personne<\/li>\n<li>Z\u00e9ro<\/li>\n<li>Rien<\/li>\n<li>Rien<\/li>\n<li>Z\u00e9ro<\/li>\n<li>Absolument rien<\/li>\n<li>Absence totale<\/li>\n<li>Rien du tout<\/li>\n<li>Bupkis<\/li>\n<\/ol>\n<figure class=\"wp-block-embed is-type-rich is-provider-twitter wp-block-embed-twitter\">\n<div class=\"wp-block-embed__wrapper\">\n<div class=\"embed-twitter\">\n<blockquote class=\"twitter-tweet\" data-width=\"550\" data-dnt=\"true\">\n<p lang=\"en\" dir=\"ltr\">Israel is committing genocide in Gaza \u2014 UN<\/p>\n<p>\u201cThe Commission concludes that Israeli authorities and security forces have had and continue to have the genocidal intent to destroy, in whole or in part, the Palestinians in the Gaza Strip.\u201d <br \/>\u2013 UN Human Rights Council. <a target=\"_blank\" href=\"https:\/\/t.co\/QTTwGDi66c\">pic.twitter.com\/QTTwGDi66c<\/a><\/p>\n<p>\u2014 WikiLeaks (@wikileaks) <a target=\"_blank\" href=\"https:\/\/twitter.com\/wikileaks\/status\/1968080495914422455?ref_src=twsrc%5Etfw\">September 16, 2025<\/a><\/p><\/blockquote>\n<\/div>\n<\/div>\n<\/figure>\n<p>Il est inacceptable de traiter le fait qu\u2019Isra\u00ebl commette un g\u00e9nocide comme une simple question d\u2019opinion. Toutes les institutions comp\u00e9tentes en mati\u00e8re de droits de l\u2019homme affirment qu\u2019il s\u2019agit d\u2019un g\u00e9nocide. Aucune institution \u00e9quivalente ne le dit. C\u2019est une affaire r\u00e9gl\u00e9e.<\/p>\n<p>Ceux qui nient qu\u2019il s\u2019agit d\u2019un g\u00e9nocide m\u00e9ritent d\u2019\u00eatre pris au m\u00eame s\u00e9rieux que les platistes. Ils ne sont qu\u2019une version extr\u00eamement mal\u00e9fique et destructrice de la th\u00e9orie de la Terre plate.<\/p>\n<p>On ne voit pas d\u2019articles sur la NASA o\u00f9 des journalistes ajoutent \u00e0 leurs reportages \u00ab<em>une agence que beaucoup consid\u00e8rent comme un canular gouvernemental visant \u00e0 nous faire accepter la th\u00e9orie de la Terre-boule<\/em>\u00bb<em>.<\/em> Si un invit\u00e9 mentionne l\u2019Antarctique sur la <em>BBC<\/em>, le pr\u00e9sentateur ne l\u2019interrompt pas pour dire \u00ab<em>et nous devrions pr\u00e9ciser ici que les th\u00e9oriciens de la Terre-boule nient l\u2019existence de ce continent, affirmant qu\u2019il s\u2019agit en r\u00e9alit\u00e9 d\u2019un mur de glace qui maintient les oc\u00e9ans en place<\/em>\u00bb.<\/p>\n<p>On ne voit pas non plus de reportages qui traitent les th\u00e9ories scientifiques accept\u00e9es sur l\u2019espace et notre plan\u00e8te comme s\u2019il s\u2019agissait d\u2019une opinion partag\u00e9e par certains. On ne voit jamais la mention \u00ab<em>dont de nombreux scientifiques affirment l\u2019existence<\/em>\u00bb dans un rapport sur l\u2019espace, ni les mentions de l\u2019horizon att\u00e9nu\u00e9es par des termes comme \u00ab<em>dont certains pensent qu\u2019elles sont dues \u00e0 la courbure de la Terre plut\u00f4t qu\u2019aux lois de la perspective et de la r\u00e9fraction de la lumi\u00e8re<\/em>\u00bb. Ces faits sont simplement trait\u00e9s comme des faits \u00e9tablis, et ceux qui les contestent ne sont pas pris au s\u00e9rieux.<\/p>\n<p>Le g\u00e9nocide de Gaza ne devrait pas \u00eatre diff\u00e9rent. Comme le dit le vieil adage, si un camp affirme qu\u2019il pleut et l\u2019autre qu\u2019il ne pleut pas, votre r\u00f4le n\u2019est pas de citer les deux camps, mais de regarder par la fen\u00eatre.<\/p>\n<p>La fen\u00eatre est l\u00e0, m\u00e9dias occidentaux. Et c\u2019est un g\u00e9nocide qui d\u00e9ferle.<\/p>\n<p>source : <a target=\"_blank\" href=\"https:\/\/www.caitlinjohnst.one\/p\/israel-is-committing-genocide-this?utm_source=post-email-title&amp;publication_id=82124&amp;post_id=173842303&amp;utm_campaign=email-post-title&amp;isFreemail=true&amp;r=kuh7y&amp;triedRedirect=true&amp;utm_medium=email\" target=\"_blank\" rel=\"noopener\" title=\"\">Caitlin Johnstone<\/a> via <a target=\"_blank\" href=\"https:\/\/marie-claire-tellier.over-blog.com\/2025\/09\/israel-commet-un-genocide.c-est-un-fait-pas-une-opinion.html\" target=\"_blank\" rel=\"noopener\" title=\"\">Marie-Claire Tellier<\/a><\/p>\n<div class=\"sharedaddy sd-block sd-like jetpack-likes-widget-wrapper jetpack-likes-widget-unloaded\" id=\"like-post-wrapper-237719536-483272-68cc699ad3b65\" data-src=\"https:\/\/widgets.wp.com\/likes\/?ver=15.0#blog_id=237719536&amp;post_id=483272&amp;origin=reseauinternational.net&amp;obj_id=237719536-483272-68cc699ad3b65\" data-name=\"like-post-frame-237719536-483272-68cc699ad3b65\" data-title=\"Aimer ou rebloguer\">\n<h3 class=\"sd-title\">J\u2019aime \u00e7a\u00a0:<\/h3>\n<p><span class=\"button\"><span>J\u2019aime<\/span><\/span> <span class=\"loading\">chargement\u2026<\/span><\/p>\n<p><span class=\"sd-text-color\"\/><a target=\"_blank\" class=\"sd-link-color\"\/><\/div>\n<p><meta itemscope=\"\" itemprop=\"mainEntityOfPage\" itemtype=\"https:\/\/schema.org\/WebPage\" itemid=\"https:\/\/reseauinternational.net\/israel-commet-un-genocide-cest-un-fait-pas-une-opinion\/\"\/><meta itemprop=\"headline\" content=\"Isra\u00ebl commet un g\u00e9nocide. C\u2019est un fait, pas une opinion\"\/><span style=\"display: none;\" itemprop=\"author\" itemscope=\"\" itemtype=\"https:\/\/schema.org\/Person\"><meta itemprop=\"name\" content=\"R\u00e9seau International\"\/><\/span><span style=\"display: none;\" itemprop=\"image\" itemscope=\"\" itemtype=\"https:\/\/schema.org\/ImageObject\"><meta itemprop=\"url\" content=\"https:\/\/i0.wp.com\/reseauinternational.net\/wp-content\/uploads\/2025\/09\/Sans-titre-27-5.png?fit=800%2C450&amp;quality=100&amp;ssl=1\"\/><meta itemprop=\"width\" content=\"800\"\/><meta itemprop=\"height\" content=\"450\"\/><\/span><span style=\"display: none;\" itemprop=\"publisher\" itemscope=\"\" itemtype=\"https:\/\/schema.org\/Organization\"><span style=\"display: none;\" itemprop=\"logo\" itemscope=\"\" itemtype=\"https:\/\/schema.org\/ImageObject\"><meta itemprop=\"url\" content=\"https:\/\/reseauinternational.net\/wp-content\/uploads\/2022\/06\/Capture-de\u0301cran-2022-06-14-a\u0300-16.51.07.png\"\/><\/span><meta itemprop=\"name\" content=\"R\u00e9seau International\"\/><\/span><meta itemprop=\"datePublished\" content=\"2025-09-18T15:16:03+00:00\"\/><meta itemprop=\"dateModified\" content=\"2025-09-18T15:17:08+00:00\"\/><\/div>\n<p><script async src=\"\/\/platform.twitter.com\/widgets.js\" charset=\"utf-8\"><\/script><br \/>\n<br \/><br \/>\n<br \/><a href=\"https:\/\/reseauinternational.net\/israel-commet-un-genocide-cest-un-fait-pas-une-opinion\/\" target=\"_blank\"\">Source link <\/a><\/p>\n","protected":false},"excerpt":{"rendered":"<p>Campagne de dons Septembre \u2013 Octobre 2025 Chers amis lecteurs, Nous faisons \u00e0 nouveau appel \u00e0 vous pour une nouvelle campagne de dons. Votre soutien nous est indispensable pour continuer&hellip; <\/p>\n","protected":false},"author":1,"featured_media":16141,"comment_status":"open","ping_status":"open","sticky":false,"template":"","format":"standard","meta":{"footnotes":""},"categories":[1],"tags":[],"class_list":["post-16140","post","type-post","status-publish","format-standard","has-post-thumbnail","hentry","category-non-classe"],"_links":{"self":[{"href":"https:\/\/monde25.info\/index.php\/wp-json\/wp\/v2\/posts\/16140","targetHints":{"allow":["GET"]}}],"collection":[{"href":"https:\/\/monde25.info\/index.php\/wp-json\/wp\/v2\/posts"}],"about":[{"href":"https:\/\/monde25.info\/index.php\/wp-json\/wp\/v2\/types\/post"}],"author":[{"embeddable":true,"href":"https:\/\/monde25.info\/index.php\/wp-json\/wp\/v2\/users\/1"}],"replies":[{"embeddable":true,"href":"https:\/\/monde25.info\/index.php\/wp-json\/wp\/v2\/comments?post=16140"}],"version-history":[{"count":0,"href":"https:\/\/monde25.info\/index.php\/wp-json\/wp\/v2\/posts\/16140\/revisions"}],"wp:featuredmedia":[{"embeddable":true,"href":"https:\/\/monde25.info\/index.php\/wp-json\/wp\/v2\/media\/16141"}],"wp:attachment":[{"href":"https:\/\/monde25.info\/index.php\/wp-json\/wp\/v2\/media?parent=16140"}],"wp:term":[{"taxonomy":"category","embeddable":true,"href":"https:\/\/monde25.info\/index.php\/wp-json\/wp\/v2\/categories?post=16140"},{"taxonomy":"post_tag","embeddable":true,"href":"https:\/\/monde25.info\/index.php\/wp-json\/wp\/v2\/tags?post=16140"}],"curies":[{"name":"wp","href":"https:\/\/api.w.org\/{rel}","templated":true}]}}