{"id":16148,"date":"2025-09-19T01:52:45","date_gmt":"2025-09-18T23:52:45","guid":{"rendered":"https:\/\/monde25.info\/index.php\/2025\/09\/19\/lanti-campisme-campiste-de-lujfp-ca-vient-de-sortir\/"},"modified":"2025-09-19T01:52:45","modified_gmt":"2025-09-18T23:52:45","slug":"lanti-campisme-campiste-de-lujfp-ca-vient-de-sortir","status":"publish","type":"post","link":"https:\/\/monde25.info\/index.php\/2025\/09\/19\/lanti-campisme-campiste-de-lujfp-ca-vient-de-sortir\/","title":{"rendered":"L&rsquo;anti-campisme campiste de l&rsquo;UJFP (\u00e7a vient de sortir)"},"content":{"rendered":"<p> <br \/>\n<\/p>\n<div style=\"word-wrap:break-word;\">\n<p>Normalement, je me serais abstenu. Mais comme mon nom est mentionn\u00e9, avec celui de Maxime Vivas &#8211; et plut\u00f4t gratuitement, il faut bien le dire &#8211; je me vois contraint et forc\u00e9 d\u2019apporter mon grain de sel. Et comme le document en question est accessible, pourquoi se g\u00eaner\u00a0?<\/p>\n<p>Je parle bien-s\u00fbr d\u2019un \u00ab\u00a0document interne\u00a0\u00bb de l\u2019UJFP de 17 pages r\u00e9dig\u00e9 dans le style crytpo-antifa \u00e0 la Ornella Guyet (pour ceux qui ont la r\u00e9f\u00e9rence). Le document intitul\u00e9 \u00ab\u00a0<a target=\"_blank\" href=\"https:\/\/ujfp.org\/IMG\/2025\/07\/Document-interne-ligne-de-conduite-allies-25-7-25.pdf\" class=\"spip_out\" rel=\"external\">Rouges-bruns, confusionnistes, complotistes, antis\u00e9mites\u00a0: des mises au point qui nous semblent n\u00e9cessaires<\/a>\u00a0\u00bb fut adopt\u00e9 en pleine torpeur estivale, et son objectif principal est de d\u00e9gommer, surtout mais pas que, notre ami Michel Collon. A ma connaissance, ce document a provoqu\u00e9 au moins trois d\u00e9missions de l\u2019UJFP. C\u2019est \u00e0 la fois dommage et pr\u00e9visible.<\/p>\n<p>Il y a plein de raisons pour d\u00e9tester Michel Collon. D\u2019abord, il est<i> trop<\/i> sympa et <i>trop<\/i> int\u00e8gre pour un journaliste. C\u2019est louche. Ensuite, sa maison est <i>trop<\/i> belle, sa famille est <i>trop<\/i> sympa et son \u00e9quipe \u00e0 Investig\u2019Action est juste <i>trop<\/i> g\u00e9niale. Et ils font un travail <i>trop<\/i> indispensable. De l\u00e0 \u00e0 penser qu\u2019il est <i>trop<\/i>, il n\u2019y a qu\u2019un pas.<\/p>\n<p>Tout \u00e7a fait de lui une cible tellement facile qu\u2019on peut lui r\u00e9gler son compte en seulement 17 pages remplies des rapprochements hasardeux, de d\u00e9contextualisations, de mensonges par omission, de mensonges tout court et autres petites manipulations habituels dans ce genre de litt\u00e9rature.<\/p>\n<p>Le tout, \u00e9videmment, n\u2019est pas sign\u00e9. C\u2019est d\u2019ailleurs rarement le cas pour ce genre de litt\u00e9rature. Il y a probablement de bonnes raisons. Une de ces raisons \u00e9tant qu\u2019on pourrait savoir qui parle et d\u2019o\u00f9 il parle. Et d\u2019\u00e9viter la balourdise commise par <i>Charlie Hebdo<\/i> lorsqu\u2019ils nous (le Grand Soir) ont reproch\u00e9 d\u2019avoir publi\u00e9 un auteur qui aurait vir\u00e9 tr\u00e8s \u00e0 droite. Le fait que l\u2019auteur ait \u00e9t\u00e9 publi\u00e9 avant le fameux virage n\u2019a pas d\u2019importance car de tels angles morts font partie de ce genre litt\u00e9raire. Et le fait qu\u2019apr\u00e8s 10 minutes de recherche sur Internet on d\u00e9couvre que Charlie avait lui-m\u00eame publi\u00e9 cet auteur non pas une, non pas deux, mais trois fois fait aussi partie du genre. C\u2019est ballot.<\/p>\n<p>C\u2019est un peu comme si on reprochait au journal <i>Le Monde<\/i> que son ex-caricaturiste \u00e9toile, Konk, soit devenu facho (chemin suivi par l\u2019actuel caricaturiste, Plantu, d\u2019ailleurs). Mais ce genre litt\u00e9raire se cantonne \u00e0 des cibles pr\u00e9cises.<\/p>\n<p>Ce genre litt\u00e9raire a aussi d\u2019autres codes, comme le recyclage (limite plagiat) de trucs qui datent d\u2019au moins 15 ans, l\u2019ubiquit\u00e9 et le port de faux-nez (avec de gros \u00e9lastiques). Et le document de l\u2019UJFP n\u2019y \u00e9chappe pas. Son ou ses auteur(s) non plus. Pire, il(s) se tire(nt) une balle dans le pied et personne apparemment \u00e0 l\u2019UJFP ne s\u2019en est rendu compte. J\u2019y reviendrai.<\/p>\n<p>Pour r\u00e9diger ce genre de litt\u00e9rature, il faut un certain genre d\u2019auteurs. Pour ceux qu\u2019on r\u00e9ussit \u00e0 identifier &#8211; rappelez-vous, ces \u0153uvres sont rarement sign\u00e9es &#8211;  le r\u00e9sultat n\u2019est pas brillant. Pour revenir \u00e0 Ornella Guyet, on se souviendra qu\u2019elle \u00e9crivait sous plusieurs pseudos et en profitait pour prendre comme r\u00e9f\u00e9rence un article qu\u2019elle avait elle-m\u00eame r\u00e9dig\u00e9e sous un autre pseudo. La multiplication de sites \u00ab\u00a0sp\u00e9cialis\u00e9s\u00a0\u00bb dans ce genre litt\u00e9raire et tenus manifestement par les m\u00eames personnes, se r\u00e9f\u00e9ren\u00e7ant \u00e9videmment les uns les autres, fait partie de la m\u00eame technique. \u00c7a fait s\u00e9rieux.<\/p>\n<p>Un autre trait marquant chez ces auteurs m\u2019a amen\u00e9 il y a plus de 15 ans \u00e0 inventer et breveter une m\u00e9thode redoutable pour d\u00e9busquer la supercherie. La m\u00e9thode s\u2019appelle CLV, acronyme pour <i>Cliquer sur Lien pour V\u00e9rifier<\/i>. (Attention, chaque fois que vous le faites, vous me devez 0,01 euro) En effet, que ne fut ma surprise la premi\u00e8re fois que j\u2019ai cliqu\u00e9 sur un des liens de bas de page de la reine des \u00ab\u00a0chasseurs de conspis\u00a0\u00bb Ornella Guyet, pour d\u00e9couvrir qu\u2019il renvoyait vers un article qui disait exactement le contraire de ce qui \u00e9tait affirm\u00e9.<\/p>\n<p>Un des animateurs du m\u00e9dia Le Canard R\u00e9fractaire, Yohan (le jeune homme qui pr\u00e9sente les vid\u00e9os), semblait dubitatif au d\u00e9but lorsque je l\u2019ai mis en garde sur une attaque en r\u00e8gle, et de ces m\u00e9thodes, qui s\u2019annon\u00e7ait contre lui et sa cha\u00eene. (Oui, j\u2019ai un don pour les voir arriver.) L\u2019attaque annonc\u00e9e est venue d\u2019un \u00ab\u00a0journaliste\u00a0\u00bb de Conspiracy Watch, qui est un peu le navire amiral de ce genre d\u2019op\u00e9rations. \u00c7a n\u2019a pas loup\u00e9. Il a cliqu\u00e9 sur un lien de l\u2019article \u00e0 charge pondu par le crapuleux et a d\u00e9couvert que l\u2019article r\u00e9f\u00e9renc\u00e9 disait&#8230; le contraire. En guise de remerciement, Yohan ne m\u2019a m\u00eame pas offert un canard en plastique pour mon bain.<\/p>\n<p>Un autre trait marquant est l\u2019entrisme. Pardon, l\u2019infiltration. Que ce soit chez Acrimed, le Monde Diplomatique ou m\u00eame le Grand Soir, rien de vaut une mini-jupe, une veste bard\u00e9e de badges r\u00e9volutionnaires et une soif illimit\u00e9e de \u00ab\u00a0savoir\u00a0\u00bb qui fait quoi, qui couche avec qui, qui ne parle plus \u00e0 qui, qui rencontre qui, etc. Le tout accompagn\u00e9 d\u2019un enthousiasme qui fait plaisir \u00e0 voir, surtout chez les militants d\u00e9bord\u00e9s ou fatigu\u00e9s, pour les suggestions, propositions, t\u00e2ches diverses et\/ou pour devenir ton ami(e). C\u2019est mignon comme tout.<\/p>\n<p>Cela dit, \u00e7a peut aussi prendre d\u2019autres <i>formes<\/i>, si je puis m\u2019exprimer ainsi.<\/p>\n<p>Mais revenons \u00e0 nos moutons et de la balle dans le pied.<\/p>\n<p>Une des accusations pr\u00e9sent\u00e9es dans le document de l\u2019UJFP est (roulements de tambour) le\u2026 \u00ab\u00a0CAMPISME\u00a0\u00bb. Quoi\u00a0? Un nouveau mot dans le dictionnaire\u00a0? Un concept qui serait apparu r\u00e9cemment et qui aurait \u00e9chapp\u00e9 \u00e0 tous les intellectuels et philosophes des (au moins) derniers deux cents ans\u00a0?<\/p>\n<p>Le campisme tel qu\u2019\u00e9nonc\u00e9 dans le document de l\u2019UJFP consiste \u00e0 dire\u00a0: \u00ab\u00a0Les campistes choisissent leur camp \u00e0 l\u2019avance (anti-Occident), et jugent ensuite toute situation \u00e0 travers ce prisme, sans nuance.\u00a0\u00bb<\/p>\n<p>Du partisanisme, quoi. Ouf, je croyais mourir du Covid alors que j\u2019avais juste une petite grippe. (<i>Vous avez remarqu\u00e9 ce que je viens de faire l\u00e0\u00a0? Ca s\u2019appelle un raisonnement par contamination<\/i>)<\/p>\n<p>Or, si dans ce texte on disqualifie quelqu\u2019un non pas en analysant ses arguments, mais uniquement parce qu\u2019il est pass\u00e9 sur Russia Today (RT), cela ressemble f\u00e9rocement \u00e0 un raisonnement miroir\u00a0:<\/p>\n<ul class=\"spip\" role=\"list\">\n<li> non plus \u00ab\u00a0tout ennemi de l\u2019Occident est mon ami\u00a0\u00bb,<\/li>\n<li> mais \u00ab\u00a0tout ce qui touche un ennemi de l\u2019Occident est ill\u00e9gitime\u00a0\u00bb.<\/li>\n<\/ul>\n<p>Dans les deux cas, c\u2019est une logique de camp\u00a0:<\/p>\n<ul class=\"spip\" role=\"list\">\n<li> juger un acteur en fonction de son \u00ab\u00a0appartenance\u00a0\u00bb (le m\u00e9dia, le pays, le r\u00e9seau),<\/li>\n<li> plut\u00f4t qu\u2019en fonction de ses id\u00e9es ou propos <strong>r\u00e9els<\/strong>.<\/li>\n<\/ul>\n<p>On peut appeler \u00e7a\u00a0:<\/p>\n<ul class=\"spip\" role=\"list\">\n<li> une sym\u00e9trie argumentative\u00a0: critiquer le campisme\u2026 en tombant soi-m\u00eame dans une grille de camp.<\/li>\n<li> ou une faille rh\u00e9torique\u00a0: glisser d\u2019un reproche de m\u00e9thode vers une application partielle de la m\u00eame m\u00e9thode.<\/li>\n<\/ul>\n<p>Ce paradoxe montre que\u00a0:<\/p>\n<ul class=\"spip\" role=\"list\">\n<li> le texte est tr\u00e8s marqu\u00e9 par une logique de vigilance militante (qui est avec nous, qui est contre nous),<\/li>\n<li> ce qui  am\u00e8ne \u00e0 un raisonnement par \u00e9tiquetage plut\u00f4t qu\u2019une analyse discursive.<\/li>\n<\/ul>\n<p>Cela en dit long sur le style\u00a0: on est dans une \u00e9criture o\u00f9 les alliances symboliques ou imaginaires p\u00e8sent plus que le contenu pr\u00e9cis des propos.<\/p>\n<p>\u00a0<\/p>\n<p><center><\/p>\n<h2 class=\"spip\">Reproche du \u00ab\u00a0campisme\u00a0\u00bb vs. raisonnement campiste dans le texte<\/h2>\n<p><\/center><\/p>\n<table>\n<tr>\n<td>Ce que le texte reproche au campisme<\/td>\n<td>Passages ou logiques du texte refl\u00e9tant la m\u00eame d\u00e9marche<\/td>\n<\/tr>\n<tr>\n<td>Le campisme consiste \u00e0 soutenir un acteur uniquement parce qu\u2019il s\u2019oppose \u00e0 l\u2019Occident (USA, Isra\u00ebl, OTAN, etc.), sans nuance.\t<\/td>\n<td>Le texte critique des personnes pour avoir particip\u00e9 \u00e0 un m\u00e9dia comme RT, sans analyser le contenu exact de leur propos. Ici, c\u2019est le \u00ab\u00a0support\u00a0\u00bb (m\u00e9dia russe) qui invalide, plut\u00f4t que l\u2019argument.<\/td>\n<\/tr>\n<tr>\n<td>Le campisme r\u00e9duit la politique internationale \u00e0 une opposition binaire (\u00ab\u00a0eux contre nous\u00a0\u00bb).\t<\/td>\n<td>En rejetant des figures militantes par appartenance suppos\u00e9e \u00e0 un r\u00e9seau, une mouvance ou un m\u00e9dia, le texte tend lui aussi \u00e0 raisonner en termes de camps symboliques.<\/td>\n<\/tr>\n<tr>\n<td>Le campisme emp\u00eache l\u2019analyse concr\u00e8te des situations\u00a0: il ne regarde pas les faits mais la position g\u00e9opolitique.\t<\/td>\n<td>Dans certains passages, le texte n\u2019examine pas les faits ou arguments exprim\u00e9s par l\u2019intervenant, mais juge son choix de plate-forme comme en soi disqualifiant.<\/td>\n<\/tr>\n<tr>\n<td>Le campisme est accus\u00e9 d\u2019affaiblir la rigueur intellectuelle et de favoriser des amalgames dangereux.\t<\/td>\n<td>Le texte, en adoptant une grille \u00ab\u00a0vigilance contre tout ce qui touche l\u2019ennemi\u00a0\u00bb, tombe aussi dans l\u2019amalgame inverse\u00a0: rejeter par association plut\u00f4t que par analyse.<\/td>\n<\/tr>\n<\/table>\n<p>\u00a0<\/p>\n<p>\nEn bref\u00a0: ce genre litt\u00e9raire pr\u00e9tend combattre le campisme avec un raisonnement\u2026 campiste. Bigre, qui aurait pu le deviner\u00a0?<\/p>\n<p>Et o\u00f9 est-ce que j\u2019ai d\u00e9j\u00e0 vu, et chez qui, que chaque accusation \u00e9tait en r\u00e9alit\u00e9 un aveu\u00a0?<\/p>\n<p>Entre-temps, le 11 septembre dernier, le directeur de publication du site de l\u2019UJFP a fait l\u2019objet d\u2019une perquisition. Dans <a target=\"_blank\" href=\"https:\/\/ujfp.org\/perquisition-contre-lujfp-la-repression-du-mouvement-de-solidarite-avec-le-peuple-palestinien-devient-folle\/\" class=\"spip_out\" rel=\"external\">un communiqu\u00e9, l\u2019UJFP \u00e9crit<\/a>\u00a0:<\/p>\n<blockquote class=\"spip\">\n<p>Cette action forte et insens\u00e9e est \u00ab\u00a0justifi\u00e9e\u00a0\u00bb par une plainte d\u00e9pos\u00e9e en 2024 par une organisation, l\u2019association la \u00ab\u00a0\u00ab\u00a0Jeunesse Fran\u00e7aise Juive\u00a0\u00bb, sp\u00e9cifiquement cr\u00e9\u00e9e apr\u00e8s le 7 octobre 2023.<\/p>\n<p>Cette action s\u2019inscrit dans le cadre de la circulaire du ministre de la Justice sur l\u2019apologie du terrorisme, en entretenant une notion floue et en pla\u00e7ant un b\u00e2illon contre le mouvement de solidarit\u00e9 pour la Palestine.<\/p>\n<p>En l\u2019absence de notre camarade qui \u00e9tait parti pour rejoindre la F\u00eate de l\u2019Huma, la police s\u2019est empar\u00e9e de quelques dossiers personnels et m\u00eame de livres dans sa biblioth\u00e8que<\/p>\n<\/blockquote>\n<p>Franchement, entre l\u2019UJFP (\u00e0 qui je trouve depuis un certain incident r\u00e9cent un peu moins de qualit\u00e9s qu\u2019avant) et cette \u00ab\u00a0Jeunesse Fran\u00e7aise Juive\u00a0\u00bb (que je ne connais pas), mon coeur ne fait m\u00eame pas semblant de balancer. J\u2019annonce, en bon campiste, ma solidarit\u00e9 totale et sans r\u00e9serves avec l\u2019UJFP.<\/p>\n<p>Campistement v\u00f4tre,<\/p>\n<p><strong>Viktor Dedaj<\/strong><br class=\"autobr\"\/><br \/>\n<i>qui campe toujours sur ses positions<\/i><\/p>\n<p>PS \u00e0 l\u2019UJFP\u00a0: je connais tr\u00e8s bien la diff\u00e9rence entre un antis\u00e9mite et un antisioniste\u00a0: c\u2019est 80 points de QI. Soit \u00e0 peu pr\u00e8s le m\u00eame \u00e9cart qu\u2019entre ceux qui savent faire la distinction et ceux qui ne savent pas (\u00e0 ne pas confondre avec ceux qui font semblant de ne pas savoir).<\/p>\n<\/div>\n<p><br \/>\n<br \/><a href=\"https:\/\/www.legrandsoir.info\/l-anti-campisme-campiste-de-l-ujfp-ca-vient-de-sortir.html\" target=\"_blank\"\">Source link <\/a><\/p>\n","protected":false},"excerpt":{"rendered":"<p>Normalement, je me serais abstenu. Mais comme mon nom est mentionn\u00e9, avec celui de Maxime Vivas &#8211; et plut\u00f4t gratuitement, il faut bien le dire &#8211; je me vois contraint&hellip; <\/p>\n","protected":false},"author":1,"featured_media":16149,"comment_status":"open","ping_status":"open","sticky":false,"template":"","format":"standard","meta":{"footnotes":""},"categories":[1],"tags":[],"class_list":["post-16148","post","type-post","status-publish","format-standard","has-post-thumbnail","hentry","category-non-classe"],"_links":{"self":[{"href":"https:\/\/monde25.info\/index.php\/wp-json\/wp\/v2\/posts\/16148","targetHints":{"allow":["GET"]}}],"collection":[{"href":"https:\/\/monde25.info\/index.php\/wp-json\/wp\/v2\/posts"}],"about":[{"href":"https:\/\/monde25.info\/index.php\/wp-json\/wp\/v2\/types\/post"}],"author":[{"embeddable":true,"href":"https:\/\/monde25.info\/index.php\/wp-json\/wp\/v2\/users\/1"}],"replies":[{"embeddable":true,"href":"https:\/\/monde25.info\/index.php\/wp-json\/wp\/v2\/comments?post=16148"}],"version-history":[{"count":0,"href":"https:\/\/monde25.info\/index.php\/wp-json\/wp\/v2\/posts\/16148\/revisions"}],"wp:featuredmedia":[{"embeddable":true,"href":"https:\/\/monde25.info\/index.php\/wp-json\/wp\/v2\/media\/16149"}],"wp:attachment":[{"href":"https:\/\/monde25.info\/index.php\/wp-json\/wp\/v2\/media?parent=16148"}],"wp:term":[{"taxonomy":"category","embeddable":true,"href":"https:\/\/monde25.info\/index.php\/wp-json\/wp\/v2\/categories?post=16148"},{"taxonomy":"post_tag","embeddable":true,"href":"https:\/\/monde25.info\/index.php\/wp-json\/wp\/v2\/tags?post=16148"}],"curies":[{"name":"wp","href":"https:\/\/api.w.org\/{rel}","templated":true}]}}