{"id":16150,"date":"2025-09-19T02:58:36","date_gmt":"2025-09-19T00:58:36","guid":{"rendered":"https:\/\/monde25.info\/index.php\/2025\/09\/19\/il-faut-reinscrire-la-lutte-des-classes-dans-les-luttes-ecologistes\/"},"modified":"2025-09-19T02:58:36","modified_gmt":"2025-09-19T00:58:36","slug":"il-faut-reinscrire-la-lutte-des-classes-dans-les-luttes-ecologistes","status":"publish","type":"post","link":"https:\/\/monde25.info\/index.php\/2025\/09\/19\/il-faut-reinscrire-la-lutte-des-classes-dans-les-luttes-ecologistes\/","title":{"rendered":"\u00ab\u00a0Il faut r\u00e9inscrire la lutte des classes dans les luttes \u00e9cologistes\u00a0\u00bb"},"content":{"rendered":"<p> <br \/>\n<br \/><img loading=\"lazy\" decoding=\"async\" src=\"https:\/\/reporterre.net\/local\/cache-vignettes\/L700xH467\/afp__20250911__aly-notitle250910_npxyb__v1__highres__frenchprotestgroupsstageblockev-2eb5e.jpg?1758181395\" class=\"spip_logo\" width=\"700\" height=\"467\" alt=\"\" \/><\/p>\n<p>Julien Troccaz, syndicaliste et engag\u00e9 dans les luttes \u00e9cologistes, salue la vigueur du mouvement social et les alliances patiemment cr\u00e9\u00e9es pour \u00ab<small class=\"fine d-inline\">\u00a0<\/small>r\u00e9inscrire la lutte des classes dans les luttes \u00e9cologistes<small class=\"fine d-inline\">\u00a0<\/small>\u00bb. <br class=\"autobr\" \/> Julien Troccaz, cheminot et secr\u00e9taire f\u00e9d\u00e9ral Sud-Rail, est engag\u00e9 dans les luttes \u00e9cologistes. Il appelle \u00e0 cr\u00e9er de nouvelles alliances pour renforcer le mouvement social et \u00e0 ne pas oublier, dans les combats \u00e9cologistes, la n\u00e9cessaire lutte des classes. Reporterre \u2014\u00a0(\u2026)<\/p>\n<p>                    <a target=\"_blank\" href=\"https:\/\/reporterre.net\/La-greve-reste-le-meilleur-moyen-pour-bloquer-le-pays?utm_source=RSS&amp;utm_medium=RSS\">Lire la suite<\/a><\/p>\n<p>                    &#8211;<br \/>\n                        <a target=\"_blank\" href=\"https:\/\/reporterre.net\/Entretien-19\" rel=\"directory\">Entretien<\/a><\/p>\n<p>                    \/<br \/>\n                        <a target=\"_blank\" href=\"https:\/\/reporterre.net\/Luttes\" rel=\"tag\">Luttes<\/a><br \/>\n<br \/><br \/>\n<br \/><a href=\"https:\/\/reporterre.net\/La-greve-reste-le-meilleur-moyen-pour-bloquer-le-pays\" target=\"_blank\"\">Source link <\/a><\/p>\n","protected":false},"excerpt":{"rendered":"<p>Julien Troccaz, syndicaliste et engag\u00e9 dans les luttes \u00e9cologistes, salue la vigueur du mouvement social et les alliances patiemment cr\u00e9\u00e9es pour \u00ab\u00a0r\u00e9inscrire la lutte des classes dans les luttes \u00e9cologistes\u00a0\u00bb.&hellip; <\/p>\n","protected":false},"author":1,"featured_media":0,"comment_status":"open","ping_status":"open","sticky":false,"template":"","format":"standard","meta":{"footnotes":""},"categories":[1],"tags":[],"class_list":["post-16150","post","type-post","status-publish","format-standard","hentry","category-non-classe"],"_links":{"self":[{"href":"https:\/\/monde25.info\/index.php\/wp-json\/wp\/v2\/posts\/16150","targetHints":{"allow":["GET"]}}],"collection":[{"href":"https:\/\/monde25.info\/index.php\/wp-json\/wp\/v2\/posts"}],"about":[{"href":"https:\/\/monde25.info\/index.php\/wp-json\/wp\/v2\/types\/post"}],"author":[{"embeddable":true,"href":"https:\/\/monde25.info\/index.php\/wp-json\/wp\/v2\/users\/1"}],"replies":[{"embeddable":true,"href":"https:\/\/monde25.info\/index.php\/wp-json\/wp\/v2\/comments?post=16150"}],"version-history":[{"count":0,"href":"https:\/\/monde25.info\/index.php\/wp-json\/wp\/v2\/posts\/16150\/revisions"}],"wp:attachment":[{"href":"https:\/\/monde25.info\/index.php\/wp-json\/wp\/v2\/media?parent=16150"}],"wp:term":[{"taxonomy":"category","embeddable":true,"href":"https:\/\/monde25.info\/index.php\/wp-json\/wp\/v2\/categories?post=16150"},{"taxonomy":"post_tag","embeddable":true,"href":"https:\/\/monde25.info\/index.php\/wp-json\/wp\/v2\/tags?post=16150"}],"curies":[{"name":"wp","href":"https:\/\/api.w.org\/{rel}","templated":true}]}}