{"id":16158,"date":"2025-09-19T07:55:48","date_gmt":"2025-09-19T05:55:48","guid":{"rendered":"https:\/\/monde25.info\/index.php\/2025\/09\/19\/comment-les-ecureuils-sont-devenus-des-symboles-des-luttes\/"},"modified":"2025-09-19T07:55:48","modified_gmt":"2025-09-19T05:55:48","slug":"comment-les-ecureuils-sont-devenus-des-symboles-des-luttes","status":"publish","type":"post","link":"https:\/\/monde25.info\/index.php\/2025\/09\/19\/comment-les-ecureuils-sont-devenus-des-symboles-des-luttes\/","title":{"rendered":"Comment les \u00ab\u00a0\u00e9cureuils\u00a0\u00bb sont devenus des symboles des luttes"},"content":{"rendered":"<p> <br \/>\n<br \/><img loading=\"lazy\" decoding=\"async\" src=\"https:\/\/reporterre.net\/local\/cache-vignettes\/L700xH467\/pal0306002-487a4.jpg?1758259801\" class=\"spip_logo\" width=\"700\" height=\"467\" alt=\"\" \/><\/p>\n<p>Depuis la m\u00e9diatisation de la luttes des \u00ab<small class=\"fine d-inline\">\u00a0<\/small>\u00e9cureuils<small class=\"fine d-inline\">\u00a0<\/small>\u00bb dans les arbres de l&rsquo;A69, les militants qui grimpent sont de plus en plus nombreux. Un engagement physique et psychologique pour prot\u00e9ger le vivant. <br class=\"autobr\" \/> Huit personnes l\u00e8vent le nez vers le houppier d&rsquo;un grand ch\u00eane d&rsquo;o\u00f9 pendouillent des cordes d&rsquo;escalade. Pour les accrocher, Simon a lanc\u00e9 un petit sac lest\u00e9 qui s&rsquo;est accroch\u00e9 autour d&rsquo;une grosse branche. Un geste vif, qui n\u00e9cessite une certaine adresse et ne fonctionne pas \u00e0 tous les\u00a0(\u2026)<\/p>\n<p>                    <a target=\"_blank\" href=\"https:\/\/reporterre.net\/Comment-les-ecureuils-sont-devenus-des-symboles-des-luttes?utm_source=RSS&amp;utm_medium=RSS\">Lire la suite<\/a><\/p>\n<p>                    &#8211;<br \/>\n                        <a target=\"_blank\" href=\"https:\/\/reporterre.net\/Reportage\" rel=\"directory\">Reportage<\/a><\/p>\n<p>                    \/<br \/>\n                        <a target=\"_blank\" href=\"https:\/\/reporterre.net\/Luttes\" rel=\"tag\">Luttes<\/a><br \/>\n<br \/><br \/>\n<br \/><a href=\"https:\/\/reporterre.net\/Comment-les-ecureuils-sont-devenus-des-symboles-des-luttes\" target=\"_blank\"\">Source link <\/a><\/p>\n","protected":false},"excerpt":{"rendered":"<p>Depuis la m\u00e9diatisation de la luttes des \u00ab\u00a0\u00e9cureuils\u00a0\u00bb dans les arbres de l&rsquo;A69, les militants qui grimpent sont de plus en plus nombreux. Un engagement physique et psychologique pour prot\u00e9ger&hellip; <\/p>\n","protected":false},"author":1,"featured_media":0,"comment_status":"open","ping_status":"open","sticky":false,"template":"","format":"standard","meta":{"footnotes":""},"categories":[1],"tags":[],"class_list":["post-16158","post","type-post","status-publish","format-standard","hentry","category-non-classe"],"_links":{"self":[{"href":"https:\/\/monde25.info\/index.php\/wp-json\/wp\/v2\/posts\/16158","targetHints":{"allow":["GET"]}}],"collection":[{"href":"https:\/\/monde25.info\/index.php\/wp-json\/wp\/v2\/posts"}],"about":[{"href":"https:\/\/monde25.info\/index.php\/wp-json\/wp\/v2\/types\/post"}],"author":[{"embeddable":true,"href":"https:\/\/monde25.info\/index.php\/wp-json\/wp\/v2\/users\/1"}],"replies":[{"embeddable":true,"href":"https:\/\/monde25.info\/index.php\/wp-json\/wp\/v2\/comments?post=16158"}],"version-history":[{"count":0,"href":"https:\/\/monde25.info\/index.php\/wp-json\/wp\/v2\/posts\/16158\/revisions"}],"wp:attachment":[{"href":"https:\/\/monde25.info\/index.php\/wp-json\/wp\/v2\/media?parent=16158"}],"wp:term":[{"taxonomy":"category","embeddable":true,"href":"https:\/\/monde25.info\/index.php\/wp-json\/wp\/v2\/categories?post=16158"},{"taxonomy":"post_tag","embeddable":true,"href":"https:\/\/monde25.info\/index.php\/wp-json\/wp\/v2\/tags?post=16158"}],"curies":[{"name":"wp","href":"https:\/\/api.w.org\/{rel}","templated":true}]}}