{"id":16163,"date":"2025-09-19T09:34:57","date_gmt":"2025-09-19T07:34:57","guid":{"rendered":"https:\/\/monde25.info\/index.php\/2025\/09\/19\/japon-takaichi-candidate-pour-diriger-le-parti-au-pouvoir-et-de-fait-le-gouvernement\/"},"modified":"2025-09-19T09:34:57","modified_gmt":"2025-09-19T07:34:57","slug":"japon-takaichi-candidate-pour-diriger-le-parti-au-pouvoir-et-de-fait-le-gouvernement","status":"publish","type":"post","link":"https:\/\/monde25.info\/index.php\/2025\/09\/19\/japon-takaichi-candidate-pour-diriger-le-parti-au-pouvoir-et-de-fait-le-gouvernement\/","title":{"rendered":"Japon : Takaichi candidate pour diriger le parti au pouvoir et, de fait, le gouvernement"},"content":{"rendered":"<p> <br \/>\n<\/p>\n<div>\n<p>La nationaliste nippone Sanae Takaichi a annonc\u00e9 jeudi sa candidature \u00e0 la pr\u00e9sidence du parti au pouvoir, et, de facto, au poste de cheffe du gouvernement du Japon, qu&rsquo;aucune femme politique n&rsquo;a encore dirig\u00e9.<\/p>\n<p>Un scrutin doit se tenir le 4 octobre pour d\u00e9signer la prochaine personne \u00e0 la t\u00eate du Parti lib\u00e9ral-d\u00e9mocrate (PLD), apr\u00e8s la d\u00e9mission du Premier ministre\u00a0Shigeru Ishiba le 7 septembre.<\/p>\n<p>\u00ab\u00a0Ce dont nous avons besoin aujourd&rsquo;hui, c&rsquo;est d&rsquo;une politique qui transforme la vie quotidienne et l&rsquo;anxi\u00e9t\u00e9 des gens en un avenir plein d&rsquo;espoirs et de r\u00eaves\u00a0\u00bb, a-t-elle d\u00e9clar\u00e9 lors d&rsquo;une courte allocution \u00e0 la presse jeudi pour annoncer sa candidature.<\/p>\n<p>Mme Takaichi, 64 ans, d\u00e9fend des id\u00e9es conservatrices sur les questions de soci\u00e9t\u00e9 et appelle \u00e0 une d\u00e9fense robuste. En mati\u00e8re \u00e9conomique, elle est favorable \u00e0 d&rsquo;importantes d\u00e9penses publiques et \u00e0 des taux d&rsquo;int\u00e9r\u00eat bas, dans le sillage des politiques conduites par son mentor en politique, l&rsquo;ex-Premier ministre Shinzo Abe.<\/p>\n<p>Sanae Takaichi est aussi une critique virulente du renforcement de la pr\u00e9sence militaire chinoise en Asie-Oc\u00e9anie.<\/p>\n<p>La responsable politique a plusieurs fois tent\u00e9 de prendre la t\u00eate du PLD. Elle \u00e9tait arriv\u00e9e deuxi\u00e8me, l&rsquo;an dernier, derri\u00e8re Shigeru Ishiba.<\/p>\n<p>Trois hommes politiques ont d\u00e9j\u00e0 officialis\u00e9 leur candidature au prochain scrutin interne.<\/p>\n<p>Son rival le plus important pourrait \u00eatre le populaire ministre de l&rsquo;Agriculture Shinjiro Koizumi, 44 ans, qui a d\u00e9cid\u00e9 de briguer la t\u00eate du PLD selon plusieurs m\u00e9dias. Ce responsable politique tr\u00e8s pr\u00e9sent dans les m\u00e9dias est lui-m\u00eame le fils de l&rsquo;ancien Premier ministre Junichiro Koizumi.<\/p>\n<p>Une fois \u00e9lu, le nouveau chef du PLD devra encore recevoir l&rsquo;approbation des deux chambres du Parlement pour devenir Premier ministre du Japon.<\/p>\n<\/div>\n<p><script>(function(d, s, id) {  var js, fjs = d.getElementsByTagName(s)[0];  if (d.getElementById(id)) return;  js = d.createElement(s); js.id = id;  js.src = \"\/\/connect.facebook.net\/fr_FR\/sdk.js#xfbml=1&version=v2.3\";  fjs.parentNode.insertBefore(js, fjs);}(document, \"script\", \"facebook-jssdk\"));<\/script><br \/>\n<br \/><br \/>\n<br \/><a href=\"https:\/\/www.francesoir.fr\/politique-monde\/la-nationaliste-nippone-sanae-takaichi-annonce-jeudi-sa-candidature-la-presidence\" target=\"_blank\"\">Source link <\/a><\/p>\n","protected":false},"excerpt":{"rendered":"<p>La nationaliste nippone Sanae Takaichi a annonc\u00e9 jeudi sa candidature \u00e0 la pr\u00e9sidence du parti au pouvoir, et, de facto, au poste de cheffe du gouvernement du Japon, qu&rsquo;aucune femme&hellip; <\/p>\n","protected":false},"author":1,"featured_media":16164,"comment_status":"open","ping_status":"open","sticky":false,"template":"","format":"standard","meta":{"footnotes":""},"categories":[1],"tags":[],"class_list":["post-16163","post","type-post","status-publish","format-standard","has-post-thumbnail","hentry","category-non-classe"],"_links":{"self":[{"href":"https:\/\/monde25.info\/index.php\/wp-json\/wp\/v2\/posts\/16163","targetHints":{"allow":["GET"]}}],"collection":[{"href":"https:\/\/monde25.info\/index.php\/wp-json\/wp\/v2\/posts"}],"about":[{"href":"https:\/\/monde25.info\/index.php\/wp-json\/wp\/v2\/types\/post"}],"author":[{"embeddable":true,"href":"https:\/\/monde25.info\/index.php\/wp-json\/wp\/v2\/users\/1"}],"replies":[{"embeddable":true,"href":"https:\/\/monde25.info\/index.php\/wp-json\/wp\/v2\/comments?post=16163"}],"version-history":[{"count":0,"href":"https:\/\/monde25.info\/index.php\/wp-json\/wp\/v2\/posts\/16163\/revisions"}],"wp:featuredmedia":[{"embeddable":true,"href":"https:\/\/monde25.info\/index.php\/wp-json\/wp\/v2\/media\/16164"}],"wp:attachment":[{"href":"https:\/\/monde25.info\/index.php\/wp-json\/wp\/v2\/media?parent=16163"}],"wp:term":[{"taxonomy":"category","embeddable":true,"href":"https:\/\/monde25.info\/index.php\/wp-json\/wp\/v2\/categories?post=16163"},{"taxonomy":"post_tag","embeddable":true,"href":"https:\/\/monde25.info\/index.php\/wp-json\/wp\/v2\/tags?post=16163"}],"curies":[{"name":"wp","href":"https:\/\/api.w.org\/{rel}","templated":true}]}}