{"id":16174,"date":"2025-09-19T13:26:10","date_gmt":"2025-09-19T11:26:10","guid":{"rendered":"https:\/\/monde25.info\/index.php\/2025\/09\/19\/les-10-actus-a-ne-pas-manquer-cette-semaine-2\/"},"modified":"2025-09-19T13:26:10","modified_gmt":"2025-09-19T11:26:10","slug":"les-10-actus-a-ne-pas-manquer-cette-semaine-2","status":"publish","type":"post","link":"https:\/\/monde25.info\/index.php\/2025\/09\/19\/les-10-actus-a-ne-pas-manquer-cette-semaine-2\/","title":{"rendered":"les 10 actus \u00e0 ne pas manquer cette semaine !"},"content":{"rendered":"<p> <br \/>\n<\/p>\n<div>\n<h3><strong>Vous n\u2019avez pas eu le temps de suivre l\u2019actu ? Voici notre top 10 des actus \u00e0 ne pas manquer cette semaine.\u00a0<\/strong><\/h3>\n<h2 class=\"mb-2 mt-4 font-display font-semimedium text-base first:mt-0\">1. Vagues de chaleur : un co\u00fbt record pour la France<\/h2>\n<p class=\"my-2 [&amp;+p]:mt-4 [&amp;_strong:has(+br)]:inline-block [&amp;_strong:has(+br)]:pb-2\">Les \u00e9pisodes de chaleur extr\u00eame de l\u2019\u00e9t\u00e9 2025 ont caus\u00e9 <strong>plus de 10 milliards d\u2019euros de pertes \u00e9conomiques en France.<\/strong> \u00c0 l\u2019\u00e9chelle europ\u00e9enne, ces \u00e9v\u00e9nements climatiques <strong>pourraient atteindre 126 milliards d\u2019euros de dommages<\/strong>, selon des estimations. Secteurs agricoles, \u00e9nerg\u00e9tiques et de la sant\u00e9 figurent parmi les plus touch\u00e9s. <span style=\"font-weight: 400;\">(<\/span><a target=\"_blank\" href=\"https:\/\/www.lemonde.fr\/planete\/article\/2025\/09\/15\/les-evenements-climatiques-extremes-de-l-ete-2025-pourraient-entrainer-126-milliards-d-euros-de-pertes-en-europe_6641215_3244.html\"><span style=\"font-weight: 400;\">Le Monde<\/span><\/a><span style=\"font-weight: 400;\">)<\/span><\/p>\n<h2 class=\"mb-2 mt-4 font-display font-semimedium text-base first:mt-0\">2. Tour d\u2019Espagne : manifestation pro-Palestine \u00e0 Madrid<\/h2>\n<p class=\"my-2 [&amp;+p]:mt-4 [&amp;_strong:has(+br)]:inline-block [&amp;_strong:has(+br)]:pb-2\">Lors de l\u2019arriv\u00e9e de la Vuelta 2025, des <strong>manifestants pro-Palestine ont perturb\u00e9 le parcours \u00e0 Madrid.<\/strong> Cette action visait \u00e0 sensibiliser le public sur la situation au Proche-Orient, au c\u0153ur de l\u2019actualit\u00e9 g\u00e9opolitique, et \u00e0 interpeller le monde sportif. <span style=\"font-weight: 400;\">(<\/span><a target=\"_blank\" href=\"https:\/\/www.mediapart.fr\/journal\/international\/140925\/tour-d-espagne-madrid-des-manifestants-pro-palestine-envahissent-le-parcours-de-la-course\"><span style=\"font-weight: 400;\">Mediapart<\/span><\/a><span style=\"font-weight: 400;\">)<\/span><\/p>\n<h2 class=\"mb-2 mt-4 font-display font-semimedium text-base first:mt-0\">3. Olivier Faure appelle \u00e0 hisser le drapeau palestinien<\/h2>\n<p class=\"my-2 [&amp;+p]:mt-4 [&amp;_strong:has(+br)]:inline-block [&amp;_strong:has(+br)]:pb-2\">Le premier secr\u00e9taire du Parti socialiste, Olivier Faure, souhaite que <strong>les mairies de France arborent le drapeau palestinien le 22 septembre.<\/strong> L\u2019initiative vise \u00e0 soutenir la reconnaissance internationale de la Palestine et \u00e0 marquer une solidarit\u00e9 politique et symbolique. <span style=\"font-weight: 400;\">(<\/span><a target=\"_blank\" href=\"https:\/\/www.liberation.fr\/politique\/reconnaissance-de-la-palestine-olivier-faure-souhaite-des-drapeaux-palestinien-sur-les-mairies-le-22-septembre-20250915_IKXWSVRRS5DMXIQPYRRQF5P3KI\/\"><span style=\"font-weight: 400;\">Lib\u00e9ration<\/span><\/a><span style=\"font-weight: 400;\">)<\/span><\/p>\n<h2 class=\"mb-2 mt-4 font-display font-semimedium text-base first:mt-0\">4. Frappes isra\u00e9liennes au Qatar : sommet arabe en vue<\/h2>\n<p class=\"my-2 [&amp;+p]:mt-4 [&amp;_strong:has(+br)]:inline-block [&amp;_strong:has(+br)]:pb-2\"><strong>Apr\u00e8s des frappes isra\u00e9liennes sur le Qatar, plusieurs pays arabes ont annonc\u00e9 la tenue d\u2019un sommet exceptionnel.<\/strong> L\u2019objectif : coordonner une r\u00e9ponse r\u00e9gionale et renforcer la position diplomatique face \u00e0 l\u2019escalade militaire au Moyen-Orient. <span style=\"font-weight: 400;\">(<\/span><a target=\"_blank\" href=\"https:\/\/www.liberation.fr\/international\/moyen-orient\/frappes-israeliennes-sur-le-qatar-un-sommet-des-pays-arabes-en-riposte-20250915_546S2EZ2YFBX3EQP4CVLFH5SQU\/\"><span style=\"font-weight: 400;\">Lib\u00e9ration<\/span><\/a><span style=\"font-weight: 400;\">)<\/span><\/p>\n<h2 class=\"mb-2 mt-4 font-display font-semimedium text-base first:mt-0\">5. Les euthanasies d\u2019animaux en bonne sant\u00e9 dans les zoos<\/h2>\n<p class=\"my-2 [&amp;+p]:mt-4 [&amp;_strong:has(+br)]:inline-block [&amp;_strong:has(+br)]:pb-2\">Une enqu\u00eate r\u00e9v\u00e8le que <strong>des animaux jug\u00e9s \u00ab\u00a0surnum\u00e9raires\u00a0\u00bb<\/strong>, comme des lionceaux ou des babouins, sont <strong>parfois euthanasi\u00e9s dans les zoos europ\u00e9ens.<\/strong> Cette pratique controvers\u00e9e, souvent cach\u00e9e au public, relance le d\u00e9bat sur le bien-\u00eatre animal et la gestion de la biodiversit\u00e9 captive. <span style=\"font-weight: 400;\">(<\/span><a target=\"_blank\" href=\"https:\/\/www.liberation.fr\/environnement\/animaux\/lionceaux-euthanasies-babouins-abattus-dans-les-zoos-le-tabou-des-mises-a-mort-danimaux-en-bonne-sante-20250911_2SX6GD65QZCENMSRZ3XH4BLF2M\/\"><span style=\"font-weight: 400;\">Lib\u00e9ration<\/span><\/a><span style=\"font-weight: 400;\">)<\/span><\/p>\n<h2 class=\"mb-2 mt-4 font-display font-semimedium text-base first:mt-0\">6. Un poisson-limace bossel\u00e9 film\u00e9 dans les abysses<\/h2>\n<p class=\"my-2 [&amp;+p]:mt-4 [&amp;_strong:has(+br)]:inline-block [&amp;_strong:has(+br)]:pb-2\">Des chercheurs ont film\u00e9 <strong>pour la premi\u00e8re fois un poisson-limace bossel\u00e9<\/strong>, d\u00e9crit comme \u00a0\u00bb adorable\u00a0\u00bb, dans les profondeurs du Pacifique. Cette esp\u00e8ce m\u00e9connue enrichit les <strong>connaissances sur la vie marine abyssale<\/strong> et t\u00e9moigne de la diversit\u00e9 encore inexplor\u00e9e des oc\u00e9ans. <span style=\"font-weight: 400;\">(<\/span><a target=\"_blank\" href=\"https:\/\/www.liberation.fr\/environnement\/biodiversite\/decouverte-un-adorable-poisson-limace-bossele-filme-dans-les-abysses-du-pacifique-20250910_5Q2FSAK4VJCXNJBW4DLRQL6TGA\/\"><span style=\"font-weight: 400;\">Lib\u00e9ration<\/span><\/a><span style=\"font-weight: 400;\">)<\/span><\/p>\n<h2 class=\"mb-2 mt-4 font-display font-semimedium text-base first:mt-0\">7. Arr\u00eats maladie et cong\u00e9s : une avanc\u00e9e sociale<\/h2>\n<p class=\"my-2 [&amp;+p]:mt-4 [&amp;_strong:has(+br)]:inline-block [&amp;_strong:has(+br)]:pb-2\">Une r\u00e9forme tr\u00e8s attendue entre en vigueur : <strong>les jours d\u2019arr\u00eat maladie coinc\u00e9s pendant les cong\u00e9s pay\u00e9s pourront d\u00e9sormais \u00eatre report\u00e9s.<\/strong> Cette mesure aligne la France sur la jurisprudence europ\u00e9enne et repr\u00e9sente une avanc\u00e9e sociale majeure pour les salari\u00e9s concern\u00e9s. <span style=\"font-weight: 400;\">(<\/span><a target=\"_blank\" href=\"https:\/\/www.alternatives-economiques.fr\/jours-darrets-maladie-tombent-pendant-vacances-pourront-enfin-etr\/00116226\"><span style=\"font-weight: 400;\">Alternatives \u00e9conomiques<\/span><\/a><span style=\"font-weight: 400;\">)<\/span><\/p>\n<h2 class=\"mb-2 mt-4 font-display font-semimedium text-base first:mt-0\">8. Rachat de Brut par CMA CGM<\/h2>\n<p class=\"my-2 [&amp;+p]:mt-4 [&amp;_strong:has(+br)]:inline-block [&amp;_strong:has(+br)]:pb-2\"><strong>Le m\u00e9dia Brut<\/strong>, sp\u00e9cialis\u00e9 dans les formats courts et les vid\u00e9os diffus\u00e9es sur les r\u00e9seaux sociaux, a <strong>\u00e9t\u00e9 rachet\u00e9 par le groupe CMA CGM<\/strong>, propri\u00e9taire par ailleurs de BFM TV. Cette acquisition illustre la concentration croissante du secteur m\u00e9diatique et l\u2019int\u00e9r\u00eat des grands groupes pour les m\u00e9dias num\u00e9riques. (<a target=\"_blank\" href=\"https:\/\/www.lemonde.fr\/economie-francaise\/article\/2025\/09\/12\/le-media-brut-rachete-par-cma-cgm_6640603_1656968.html\">Le Monde<\/a>)<\/p>\n<h2 class=\"mb-2 mt-4 font-display font-semimedium text-base first:mt-0\">9. Journ\u00e9e d\u2019action de la FNSEA le 25 septembre<\/h2>\n<p class=\"my-2 [&amp;+p]:mt-4 [&amp;_strong:has(+br)]:inline-block [&amp;_strong:has(+br)]:pb-2\">Le puissant <strong>syndicat agricole FNSEA a annonc\u00e9 une journ\u00e9e d\u2019action nationale le 25 septembre.<\/strong> Les agriculteurs veulent alerter sur la crise de rentabilit\u00e9 des exploitations et r\u00e9clament davantage de <strong>soutien face \u00e0 l\u2019inflation, aux normes environnementales et aux importations \u00e9trang\u00e8res.<\/strong> (<a target=\"_blank\" href=\"https:\/\/www.francebleu.fr\/infos\/economie-social\/agriculture-la-fnsea-appelle-a-une-grande-journee-d-action-le-26-septembre-7104508\">Francebleu<\/a>)<\/p>\n<div class=\"td-a-rec td-a-rec-id-content_inline  tdi_1 td_block_template_1\">\n<span class=\"td-adspot-title\">&#8211; Pour une information libre ! &#8211;<\/span><a target=\"_blank\" href=\"https:\/\/fr.tipeee.com\/mr-mondialisation\" class=\"tipeee-project-small\">Soutenir Mr Japanization sur Tipeee<\/a>\n<\/div>\n<h2 class=\"mb-2 mt-4 font-display font-semimedium text-base first:mt-0\">10. ONU : r\u00e9solution pour un futur \u00c9tat palestinien<\/h2>\n<p class=\"my-2 [&amp;+p]:mt-4 [&amp;_strong:has(+br)]:inline-block [&amp;_strong:has(+br)]:pb-2\">L\u2019Assembl\u00e9e g\u00e9n\u00e9rale des Nations unies (ONU) a adopt\u00e9 <strong>une r\u00e9solution en faveur de la cr\u00e9ation d\u2019un futur \u00c9tat palestinien, excluant explicitement le Hamas.<\/strong> Ce geste diplomatique symbolique marque une \u00e9tape importante dans les discussions internationales sur <strong>la solution \u00e0 deux \u00c9tats.<\/strong> (<a target=\"_blank\" href=\"https:\/\/www.courrierinternational.com\/article\/diplomatie-a-une-majorite-ecrasante-l-onu-soutient-un-futur-etat-palestinien-sans-le-hamas_235123\">Courrierinternational<\/a>)<\/p>\n<p style=\"text-align: right;\"><em><strong>\u2013\u00a0 Maureen Damman<\/strong><\/em><\/p>\n<div class=\"td-a-rec td-a-rec-id-content_bottom  tdi_2 td_block_template_1\">\n<span class=\"td-adspot-title\">&#8211; Cet article gratuit et ind\u00e9pendant existe gr\u00e2ce \u00e0 vous &#8211;<\/span><\/p>\n<div class=\"td-all-devices\">\n    <a target=\"_blank\" href=\"https:\/\/mrmondialisation.org\/donation\/\" title=\"Faire_un_don\"><img decoding=\"async\" class=\"donationArticle\" src=\"https:\/\/mrmondialisation.org\/wp-content\/uploads\/2022\/12\/220405-flikalicious-final.jpg\" alt=\"Donation\"\/><\/a>\n<\/div>\n<\/div><\/div>\n<p><br \/>\n<br \/><a href=\"https:\/\/mrmondialisation.org\/chaleur-arrets-maladies-et-fnsea-les-10-actus-a-ne-pas-manquer-cette-semaine\/\" target=\"_blank\"\">Source link <\/a><\/p>\n","protected":false},"excerpt":{"rendered":"<p>Vous n\u2019avez pas eu le temps de suivre l\u2019actu ? Voici notre top 10 des actus \u00e0 ne pas manquer cette semaine.\u00a0 1. Vagues de chaleur : un co\u00fbt record&hellip; <\/p>\n","protected":false},"author":1,"featured_media":16175,"comment_status":"open","ping_status":"open","sticky":false,"template":"","format":"standard","meta":{"footnotes":""},"categories":[1],"tags":[],"class_list":["post-16174","post","type-post","status-publish","format-standard","has-post-thumbnail","hentry","category-non-classe"],"_links":{"self":[{"href":"https:\/\/monde25.info\/index.php\/wp-json\/wp\/v2\/posts\/16174","targetHints":{"allow":["GET"]}}],"collection":[{"href":"https:\/\/monde25.info\/index.php\/wp-json\/wp\/v2\/posts"}],"about":[{"href":"https:\/\/monde25.info\/index.php\/wp-json\/wp\/v2\/types\/post"}],"author":[{"embeddable":true,"href":"https:\/\/monde25.info\/index.php\/wp-json\/wp\/v2\/users\/1"}],"replies":[{"embeddable":true,"href":"https:\/\/monde25.info\/index.php\/wp-json\/wp\/v2\/comments?post=16174"}],"version-history":[{"count":0,"href":"https:\/\/monde25.info\/index.php\/wp-json\/wp\/v2\/posts\/16174\/revisions"}],"wp:featuredmedia":[{"embeddable":true,"href":"https:\/\/monde25.info\/index.php\/wp-json\/wp\/v2\/media\/16175"}],"wp:attachment":[{"href":"https:\/\/monde25.info\/index.php\/wp-json\/wp\/v2\/media?parent=16174"}],"wp:term":[{"taxonomy":"category","embeddable":true,"href":"https:\/\/monde25.info\/index.php\/wp-json\/wp\/v2\/categories?post=16174"},{"taxonomy":"post_tag","embeddable":true,"href":"https:\/\/monde25.info\/index.php\/wp-json\/wp\/v2\/tags?post=16174"}],"curies":[{"name":"wp","href":"https:\/\/api.w.org\/{rel}","templated":true}]}}