{"id":16176,"date":"2025-09-19T13:59:42","date_gmt":"2025-09-19T11:59:42","guid":{"rendered":"https:\/\/monde25.info\/index.php\/2025\/09\/19\/nouvelle-agitation-a-washington-reseau-international\/"},"modified":"2025-09-19T13:59:42","modified_gmt":"2025-09-19T11:59:42","slug":"nouvelle-agitation-a-washington-reseau-international","status":"publish","type":"post","link":"https:\/\/monde25.info\/index.php\/2025\/09\/19\/nouvelle-agitation-a-washington-reseau-international\/","title":{"rendered":"Nouvelle agitation \u00e0 Washington &#8211; R\u00e9seau International"},"content":{"rendered":"<p> <br \/>\n<\/p>\n<div>\n<ol class=\"campaign-loop campaign-list\">\n<li id=\"campaign-482494\" class=\"post-482494 campaign type-campaign status-publish hentry campaign-has-goal campaign-has-not-achieved-goal campaign-has-end-date campaign-has-not-ended\">\n\t<a target=\"_blank\" href=\"https:\/\/reseauinternational.net\/campaigns\/campagne-de-dons-septembre-octobre-2025\/\"><\/p>\n<h3>Campagne de dons  Septembre \u2013 Octobre 2025<\/h3>\n<p>\t\t\t<\/a><\/p>\n<p>\n\tChers amis lecteurs, Nous faisons \u00e0 nouveau appel \u00e0 vous pour une nouvelle campagne de dons. Votre soutien nous est indispensable pour continuer \u00e0 vous fournir le meilleur de l\u2019information internationale alternative. C\u2019est gr\u00e2ce \u00e0 vos dons que nous pourrons maintenir le cap pour une information plurielle et r\u00e9ellement alternative. Nous comptons sur vous.<\/p>\n<p>\n<span class=\"amount\">375,00\u00a0\u20ac<\/span> de l\u2019objectif de <span class=\"goal-amount\">25 000,00\u00a0\u20ac<\/span> atteint<\/p>\n<\/li>\n<\/ol>\n<p>par <strong>Philip Giraldi<\/strong><\/p>\n<p><strong>Une activit\u00e9 fr\u00e9n\u00e9tique pour soutenir un gouvernement qui perd le contr\u00f4le.<\/strong><\/p>\n<p>La semaine a \u00e9t\u00e9 une nouvelle fois mouvement\u00e9e \u00e0 Washington et dans ses environs. Le meurtre de Charlie Kirk a donn\u00e9 lieu \u00e0 des sp\u00e9culations qui ont pouss\u00e9 tous les fous et les haineux \u00e0 sortir de leurs cachettes. Cela inclut in\u00e9vitablement le ch\u0153ur des imb\u00e9ciles qui composent le cabinet de Donald Trump. Depuis la mort de Kirk, les conservateurs r\u00e9publicains ont <a target=\"_blank\" href=\"https:\/\/time.com\/7316315\/republicans-far-right-reacts-charlie-kirk-death-blame-left-crackdown\/\" target=\"_blank\" rel=\"noopener\" title=\"\">appel\u00e9 \u00e0 une r\u00e9pression<\/a> contre la gauche, bien qu\u2019il ne soit pas du tout \u00e9vident qu\u2019un groupe identifiable de centre gauche ait \u00e9t\u00e9 impliqu\u00e9 de quelque mani\u00e8re que ce soit dans ce meurtre.<\/p>\n<p>Il est peut-\u00eatre plus probable que Kirk ait \u00e9t\u00e9 tu\u00e9 par Isra\u00ebl, qui avait \u00e0 la fois le mobile et les moyens de commettre cet assassinat. Isra\u00ebl a \u00e9galement un palmar\u00e8s international in\u00e9gal\u00e9 en mati\u00e8re d\u2019assassinats politiques, les \u00c9tats-Unis lui fournissant toujours une couverture politique lorsqu\u2019il tue quelqu\u2019un. Cela a \u00e9t\u00e9 le cas r\u00e9cemment au Liban, en Syrie, au Y\u00e9men, en Iran et au Qatar. Les d\u00e9clarations pr\u00e9cipit\u00e9es du Premier ministre isra\u00e9lien Benjamin Netanyahou, qui a imm\u00e9diatement apr\u00e8s les faits d\u00e9crit \u00e0 quel point il aimait Kirk, sont en elles-m\u00eames extr\u00eamement suspectes, car il est clair que les Isra\u00e9liens et leurs amis am\u00e9ricains \u00e9taient en d\u00e9saccord avec Kirk au sujet de ses pr\u00e9occupations concernant le contr\u00f4le de l\u2019\u00c9tat juif sur Trump et la politique am\u00e9ricaine.<\/p>\n<p>Et personne n\u2019a encore expliqu\u00e9 <a target=\"_blank\" href=\"https:\/\/greeknewsondemand.com\/2025\/09\/12\/fake-charlie-kirk-shooting-charlie-scuttled-off-with-private-jet-after-finishing-serving-faithfully-his-jewish-paymasters-evidence\/\" target=\"_blank\" rel=\"noopener\" title=\"\">le myst\u00e9rieux d\u00e9part<\/a> d\u2019un a\u00e9roport voisin \u00e0 bord d\u2019un jet priv\u00e9 dont le syst\u00e8me de surveillance d\u00e9pendante automatique en mode diffusion (ADS-B), qui fournit des informations de positionnement entre l\u2019avion et le contr\u00f4le a\u00e9rien, avait \u00e9t\u00e9 d\u00e9lib\u00e9r\u00e9ment d\u00e9sactiv\u00e9. L\u2019avion appartient \u00e0 Derek Maxfield, un homme d\u2019affaires juif fortun\u00e9 qui soutient le mouvement local Chabad Lubavich Utah. On peut supposer que le v\u00e9ritable assassin a \u00e9t\u00e9 \u00e9vacu\u00e9 des lieux par voie a\u00e9rienne. Il y a \u00e9galement eu une vid\u00e9o de surveillance difficile \u00e0 expliquer qui semble remettre en question la localisation et le statut du fusil qui aurait \u00e9t\u00e9 utilis\u00e9 pour commettre le meurtre, alors que le suspect qui a \u00e9t\u00e9 arr\u00eat\u00e9 \u00e9tait cens\u00e9 \u00eatre en fuite. Une chose est s\u00fbre : si l\u2019enqu\u00eate implique effectivement Isra\u00ebl dans le meurtre, il y aura une dissimulation organis\u00e9e par le gouvernement, tout comme cela a \u00e9t\u00e9 le cas lors de l\u2019attaque isra\u00e9lienne contre l\u2019USS Liberty en 1967, qui a co\u00fbt\u00e9 la vie \u00e0 34 marins am\u00e9ricains, ainsi que lors de l\u2019assassinat suspect de JFK et du rapport final tout aussi discutable publi\u00e9 sur le 11 septembre, deux \u00e9v\u00e9nements qui pourraient impliquer Isra\u00ebl.<\/p>\n<p>Faute de v\u00e9ritable cible pour se venger de Kirk, les responsables de l\u2019enqu\u00eate gouvernementale ont d\u00e9vers\u00e9 leur col\u00e8re sur les cibles habituelles, notamment la libert\u00e9 d\u2019expression garantie par le premier amendement. Un certain nombre d\u2019employ\u00e9s qui ont exprim\u00e9 leur aversion pour Kirk en raison de certaines de ses positions controvers\u00e9es ont \u00e9t\u00e9 sanctionn\u00e9s. L\u2019animateur de talk-show nocturne Jimmy Kimmel est peut-\u00eatre le <a target=\"_blank\" href=\"https:\/\/www.thenation.com\/article\/society\/jimmy-kimmel-suspended-trump-charlie-kirk-free-speech\/?custno=&amp;utm_source=Sailthru&amp;utm_medium=email&amp;utm_campaign=Daily%209.18.2025&amp;utm_term=daily\" target=\"_blank\" rel=\"noopener\" title=\"\">plus connu<\/a> parmi un nombre croissant de personnes \u00e0 travers les \u00c9tats-Unis qui ont \u00e9t\u00e9 <a target=\"_blank\" href=\"https:\/\/time.com\/7316628\/charlie-kirk-death-celebrations-social-media-consequences-fired-immigrants-deport\/\" target=\"_blank\" rel=\"noopener\" title=\"\">licenci\u00e9es ou sanctionn\u00e9es sur leur lieu de travail<\/a> pour avoir tenu des propos jug\u00e9s offensants \u00e0 l\u2019\u00e9gard de la politique de Kirk. Certains des commentaires r\u00e9v\u00e9l\u00e9s dans les m\u00e9dias contenaient certes des propos qui pourraient \u00eatre consid\u00e9r\u00e9s comme excessifs, mais d\u2019autres ne semblaient pas glorifier ou c\u00e9l\u00e9brer la mort de Kirk.<\/p>\n<p>Le d\u00e9partement d\u2019\u00c9tat de Trump se mobilise \u00e9galement pour trouver les personnes \u00e0 punir, affirmant qu\u2019il identifiera les non-citoyens \u00ab<em>qui, sur les r\u00e9seaux sociaux, louent, justifient ou minimisent cet \u00e9v\u00e9nement<\/em>\u00bb et prendra les mesures appropri\u00e9es \u00e0 leur encontre, telles que le refus ou la r\u00e9vocation de leur visa et leur expulsion s\u2019ils se trouvent d\u00e9j\u00e0 aux \u00c9tats-Unis. La ministre de la Justice Pam Bondi a \u00e9galement menac\u00e9 les citoyens am\u00e9ricains ordinaires qui publient des \u00ab<em>propos inappropri\u00e9s<\/em>\u00bb sur les r\u00e9seaux sociaux, affirmant que le minist\u00e8re de la Justice <a target=\"_blank\" href=\"https:\/\/time.com\/7317709\/pam-bondi-free-speech-charlie-kirk\/\" target=\"_blank\" rel=\"noopener\" title=\"\">poursuivrait les \u00abdiscours haineux\u00bb<\/a>. Bondi devrait peut-\u00eatre consulter le premier amendement de la Constitution, que Trump et tous ses partisans ont jur\u00e9 de respecter et de d\u00e9fendre. Il ne contient aucune clause relative aux \u00abdiscours haineux\u00bb qui priverait quiconque de son droit \u00e0 s\u2019exprimer librement sur n\u2019importe quel sujet. Bondi est peut-\u00eatre devenue confuse en citant constamment \u00abl\u2019antis\u00e9mitisme\u00bb, qui inclut toute critique d\u2019Isra\u00ebl, comme un \u00abdiscours haineux\u00bb qui doit \u00eatre combattu et criminalis\u00e9. Elle devrait peut-\u00eatre regarder une carte o\u00f9 elle d\u00e9couvrirait qu\u2019Isra\u00ebl ne fait pas partie des \u00c9tats-Unis, m\u00eame si le Congr\u00e8s et la Maison-Blanche sont parfois confus sur la question.<\/p>\n<p>\u00c0 ce propos, les partisans habituels d\u2019Isra\u00ebl ont \u00e9t\u00e9 actifs sur tous les fronts pour faire passer le massacre continu des Palestiniens par Isra\u00ebl comme une action juste. Le d\u00e9put\u00e9 Brian Mast, de Floride, qui a servi dans l\u2019arm\u00e9e isra\u00e9lienne et qui porte parfois cet uniforme lorsqu\u2019il est pr\u00e9sent au b\u00e2timent administratif de la Chambre des repr\u00e9sentants, a <a target=\"_blank\" href=\"https:\/\/theintercept.com\/2025\/09\/15\/marco-rubio-revoke-passports-brian-mast\/\" target=\"_blank\" rel=\"noopener\" title=\"\">pr\u00e9sent\u00e9 un projet de loi<\/a> qui aurait autoris\u00e9 le secr\u00e9taire d\u2019\u00c9tat \u00e0 r\u00e9voquer le passeport de tout Am\u00e9ricain qu\u2019il estime avoir fourni un \u00absoutien mat\u00e9riel\u00bb \u00e0 des terroristes. Les \u00abterroristes\u00bb en question sont, bien s\u00fbr, le Hamas et les autres groupes de r\u00e9sistance palestiniens, et ce projet de loi signifierait que toute personne \u00e9crivant quelque chose sur les r\u00e9seaux sociaux pour d\u00e9fendre les Gazaouis pourrait se voir retirer son passeport. Heureusement, Mast a retir\u00e9 son projet de loi en raison de la vive r\u00e9action de nombreux groupes de d\u00e9fense des libert\u00e9s civiles qui avaient averti la semaine derni\u00e8re que ce projet de loi mettait en danger le droit de voyager librement et qu\u2019il accordait essentiellement au secr\u00e9taire d\u2019\u00c9tat un pouvoir de \u00abpolice de la pens\u00e9e\u00bb.<\/p>\n<p>Mais, in\u00e9vitablement, lorsqu\u2019un membre du Congr\u00e8s fait un pas en arri\u00e8re sur la question isra\u00e9lienne, quelqu\u2019un d\u2019autre est pr\u00eat \u00e0 prendre le relais. La d\u00e9put\u00e9e Elise Stefanik, de l\u2019\u00c9tat de New York, <a target=\"_blank\" href=\"https:\/\/www.jns.org\/stefanik-introduces-legislation-to-prevent-future-ny-officials-from-arresting-netanyahu\/\" target=\"_blank\" rel=\"noopener\" title=\"\">a pr\u00e9sent\u00e9 un projet de loi<\/a> qui emp\u00eacherait les futurs responsables de la ville de New York d\u2019arr\u00eater Benjamin Netanyahou lors de sa visite aux \u00c9tats-Unis. Stefanik d\u00e9crit son projet de loi comme visant \u00e0 \u00ab<em>prot\u00e9ger la souverainet\u00e9 am\u00e9ricaine et \u00e0 emp\u00eacher des radicaux comme Zohran Mamdani d\u2019arr\u00eater ill\u00e9galement le dirigeant de notre alli\u00e9 d\u00e9mocratique, Isra\u00ebl<\/em>\u00bb. Ce projet de loi emp\u00eacherait les forces de l\u2019ordre locales et nationales d\u2019arr\u00eater Netanyahou lors d\u2019une visite \u00e0 New York, o\u00f9 se trouve le si\u00e8ge des Nations unies.<\/p>\n<p>Zohran Mamdani est un repr\u00e9sentant de l\u2019\u00c9tat de New York et l\u2019actuel candidat d\u00e9mocrate \u00e0 la mairie de New York, en t\u00eate dans les sondages. Un mandat d\u2019arr\u00eat a \u00e9t\u00e9 \u00e9mis par la Cour p\u00e9nale internationale sur la base des crimes de guerre et du g\u00e9nocide commis par Isra\u00ebl, que le gouvernement am\u00e9ricain refuse de reconna\u00eetre. Mamdani soutient le boycott international d\u2019Isra\u00ebl, a condamn\u00e9 le g\u00e9nocide en cours et a laiss\u00e9 entendre qu\u2019il s\u2019ex\u00e9cuterait si Netanyahou venait en ville ! C\u2019est pourquoi il est pris pour cible par des personnes comme Stefanik.<\/p>\n<p>La pol\u00e9mique autour de Kirk a peut-\u00eatre ouvert la voie \u00e0 d\u2019autres comportements de la part du r\u00e9gime Trump qui fr\u00f4lent la folie. Le secr\u00e9taire d\u2019\u00c9tat et conseiller \u00e0 la s\u00e9curit\u00e9 nationale Marco Rubio s\u2019est rendu en Isra\u00ebl pour ramper devant Netanyahou afin de \u00abgarantir\u00bb la s\u00e9curit\u00e9 d\u2019Isra\u00ebl apr\u00e8s la s\u00e9ance de pri\u00e8re obligatoire au mur des Lamentations. Lui et l\u2019ambassadeur am\u00e9ricain en Isra\u00ebl, Mike Huckabee, ont rev\u00eatu leur kippa et ont d\u00e9montr\u00e9 leur ob\u00e9issance \u00e0 une puissance sup\u00e9rieure, qui est clairement le gouvernement de l\u2019\u00c9tat juif et le lobby isra\u00e9lien am\u00e9ricain. On se demande si Netanyahou, qui sera \u00e0 Washington la semaine prochaine, sera tenu de rendre la pareille en se rendant \u00e0 une s\u00e9ance de pri\u00e8re \u00e0 la cath\u00e9drale nationale lorsqu\u2019il sera en ville.<\/p>\n<p>Et pour finir, une petite nouvelle r\u00e9jouissante. Il est clair qu\u2019Isra\u00ebl sait r\u00e9compenser ses rares d\u00e9fenseurs, en l\u2019occurrence Donald Trump, que Netanyahou d\u00e9crit comme le meilleur ami que son pays ait jamais eu parmi les pr\u00e9sidents am\u00e9ricains. Bezalel Smotrich, le ministre des Finances isra\u00e9lien d\u2019extr\u00eame droite, <a target=\"_blank\" href=\"https:\/\/www.haaretz.com\/israel-news\/2025-09-17\/ty-article\/.premium\/real-estate-bonanza-smotrich-says-israel-in-talks-with-u-s-on-dividing-gazas-land\/00000199-588b-d907-a5db-7def13e40000\" target=\"_blank\" rel=\"noopener\" title=\"\">a r\u00e9v\u00e9l\u00e9 que<\/a> les plans de r\u00e9am\u00e9nagement de Gaza, une fois que la bande de Gaza aura \u00e9t\u00e9 nettoy\u00e9e de ses Palestiniens, avancent \u00e0 grands pas. Il a qualifi\u00e9 le projet de \u00ab<em>bonanza immobili\u00e8re<\/em>\u00bb et a indiqu\u00e9 que l\u2019\u00c9tat juif \u00e9tait en pourparlers avec les \u00c9tats-Unis concernant le partage des terres de Gaza entre les deux pays. Smotrich a fait remarquer qu\u2019Isra\u00ebl \u00e9tait en train de terminer la \u00ab<em>phase de d\u00e9molition<\/em>\u00bb pour reconstruire Gaza, et que des n\u00e9gociations \u00e9taient en cours avec les \u00c9tats-Unis concernant un plan d\u2019affaires pour le r\u00e9am\u00e9nagement. Il a ajout\u00e9 que le plan de reconstruction \u00e9tait \u00ab<em>sur le bureau du pr\u00e9sident Trump<\/em>\u00bb. Le r\u00eave de la Trump Riviera semble devenir r\u00e9alit\u00e9, et selon certaines informations, le gendre de Trump, Jared Kushner, aurait r\u00e9cemment \u00e9t\u00e9 tr\u00e8s actif en Isra\u00ebl et dans plusieurs \u00c9tats arabes du Golfe pour mener \u00e0 bien des projets de d\u00e9veloppement.<\/p>\n<p>Certains pourraient faire remarquer avec m\u00e9pris que Donald Trump profite sans scrupules des opportunit\u00e9s qui s\u2019offrent \u00e0 lui pour enrichir sa famille pendant qu\u2019il occupe la fonction de pr\u00e9sident des \u00c9tats-Unis d\u2019Am\u00e9rique. Il a intent\u00e9 des poursuites judiciaires personnelles <a target=\"_blank\" href=\"https:\/\/www.yahoo.com\/news\/articles\/trump-suing-york-times-other-181148018.html?fr=sycsrp_catchall\" target=\"_blank\" rel=\"noopener\" title=\"\">contre des m\u00e9dias<\/a> qu\u2019il estime l\u2019avoir insult\u00e9 ou diffam\u00e9, la derni\u00e8re en date \u00e9tant l\u2019annonce faite la semaine derni\u00e8re par <a target=\"_blank\" href=\"https:\/\/truthsocial.com\/@realDonaldTrump\/posts\/115211918198289404\" target=\"_blank\" rel=\"noopener\" title=\"\">Trump sur Truth Social<\/a> : \u00ab<em>Aujourd\u2019hui, j\u2019ai le grand honneur d\u2019intenter un proc\u00e8s en diffamation et calomnie de 15 milliards de dollars contre The New York Times. Je suis FIER de tenir ce \u00abtorchon\u00bb autrefois respect\u00e9 pour responsable, comme nous le faisons avec les r\u00e9seaux d\u2019informations bidons<\/em>\u00bb. Trump a \u00e9galement poursuivi le <em>Wall Street Journal<\/em> pour 10 milliards de dollars, ainsi que les cha\u00eenes d\u2019information <em>ABC<\/em> et <em>CBS<\/em>, qui ont toutes deux conclu un accord \u00e0 l\u2019amiable pour respectivement 16 et 15 millions de dollars. Ce type de litige personnel de la part d\u2019un chef d\u2019\u00c9tat devrait-il \u00eatre autoris\u00e9 ? Trump a d\u00e9clar\u00e9 qu\u2019en tant que pr\u00e9sident, \u00abil peut faire tout ce qu\u2019il veut\u00bb. Beaucoup d\u2019Am\u00e9ricains pourraient ne pas \u00eatre d\u2019accord avec cela !<\/p>\n<p>source\u00a0: <a target=\"_blank\" href=\"https:\/\/www.unz.com\/pgiraldi\/more-turmoil-from-washington\/\" target=\"_blank\" rel=\"noopener\" title=\"\">The Unz Review<\/a><\/p>\n<div class=\"sharedaddy sd-block sd-like jetpack-likes-widget-wrapper jetpack-likes-widget-unloaded\" id=\"like-post-wrapper-237719536-483476-68cd3f2f34779\" data-src=\"https:\/\/widgets.wp.com\/likes\/?ver=15.0#blog_id=237719536&amp;post_id=483476&amp;origin=reseauinternational.net&amp;obj_id=237719536-483476-68cd3f2f34779\" data-name=\"like-post-frame-237719536-483476-68cd3f2f34779\" data-title=\"Aimer ou rebloguer\">\n<h3 class=\"sd-title\">J\u2019aime \u00e7a\u00a0:<\/h3>\n<p><span class=\"button\"><span>J\u2019aime<\/span><\/span> <span class=\"loading\">chargement\u2026<\/span><\/p>\n<p><span class=\"sd-text-color\"\/><a target=\"_blank\" class=\"sd-link-color\"\/><\/div>\n<p><meta itemscope=\"\" itemprop=\"mainEntityOfPage\" itemtype=\"https:\/\/schema.org\/WebPage\" itemid=\"https:\/\/reseauinternational.net\/nouvelle-agitation-a-washington\/\"\/><meta itemprop=\"headline\" content=\"Nouvelle agitation \u00e0 Washington\"\/><span style=\"display: none;\" itemprop=\"author\" itemscope=\"\" itemtype=\"https:\/\/schema.org\/Person\"><meta itemprop=\"name\" content=\"R\u00e9seau International\"\/><\/span><span style=\"display: none;\" itemprop=\"image\" itemscope=\"\" itemtype=\"https:\/\/schema.org\/ImageObject\"><meta itemprop=\"url\" content=\"https:\/\/i0.wp.com\/reseauinternational.net\/wp-content\/uploads\/2025\/09\/Sans-titre-16-12.png?fit=800%2C450&amp;quality=100&amp;ssl=1\"\/><meta itemprop=\"width\" content=\"800\"\/><meta itemprop=\"height\" content=\"450\"\/><\/span><span style=\"display: none;\" itemprop=\"publisher\" itemscope=\"\" itemtype=\"https:\/\/schema.org\/Organization\"><span style=\"display: none;\" itemprop=\"logo\" itemscope=\"\" itemtype=\"https:\/\/schema.org\/ImageObject\"><meta itemprop=\"url\" content=\"https:\/\/reseauinternational.net\/wp-content\/uploads\/2022\/06\/Capture-de\u0301cran-2022-06-14-a\u0300-16.51.07.png\"\/><\/span><meta itemprop=\"name\" content=\"R\u00e9seau International\"\/><\/span><meta itemprop=\"datePublished\" content=\"2025-09-19T11:23:44+00:00\"\/><meta itemprop=\"dateModified\" content=\"2025-09-19T11:24:03+00:00\"\/><\/div>\n<p><br \/>\n<br \/><a href=\"https:\/\/reseauinternational.net\/nouvelle-agitation-a-washington\/\" target=\"_blank\"\">Source link <\/a><\/p>\n","protected":false},"excerpt":{"rendered":"<p>Campagne de dons Septembre \u2013 Octobre 2025 Chers amis lecteurs, Nous faisons \u00e0 nouveau appel \u00e0 vous pour une nouvelle campagne de dons. Votre soutien nous est indispensable pour continuer&hellip; <\/p>\n","protected":false},"author":1,"featured_media":16177,"comment_status":"open","ping_status":"open","sticky":false,"template":"","format":"standard","meta":{"footnotes":""},"categories":[1],"tags":[],"class_list":["post-16176","post","type-post","status-publish","format-standard","has-post-thumbnail","hentry","category-non-classe"],"_links":{"self":[{"href":"https:\/\/monde25.info\/index.php\/wp-json\/wp\/v2\/posts\/16176","targetHints":{"allow":["GET"]}}],"collection":[{"href":"https:\/\/monde25.info\/index.php\/wp-json\/wp\/v2\/posts"}],"about":[{"href":"https:\/\/monde25.info\/index.php\/wp-json\/wp\/v2\/types\/post"}],"author":[{"embeddable":true,"href":"https:\/\/monde25.info\/index.php\/wp-json\/wp\/v2\/users\/1"}],"replies":[{"embeddable":true,"href":"https:\/\/monde25.info\/index.php\/wp-json\/wp\/v2\/comments?post=16176"}],"version-history":[{"count":0,"href":"https:\/\/monde25.info\/index.php\/wp-json\/wp\/v2\/posts\/16176\/revisions"}],"wp:featuredmedia":[{"embeddable":true,"href":"https:\/\/monde25.info\/index.php\/wp-json\/wp\/v2\/media\/16177"}],"wp:attachment":[{"href":"https:\/\/monde25.info\/index.php\/wp-json\/wp\/v2\/media?parent=16176"}],"wp:term":[{"taxonomy":"category","embeddable":true,"href":"https:\/\/monde25.info\/index.php\/wp-json\/wp\/v2\/categories?post=16176"},{"taxonomy":"post_tag","embeddable":true,"href":"https:\/\/monde25.info\/index.php\/wp-json\/wp\/v2\/tags?post=16176"}],"curies":[{"name":"wp","href":"https:\/\/api.w.org\/{rel}","templated":true}]}}