{"id":16178,"date":"2025-09-19T14:32:44","date_gmt":"2025-09-19T12:32:44","guid":{"rendered":"https:\/\/monde25.info\/index.php\/2025\/09\/19\/norbert-bardin-le-photographe-qui-murmure-a-loreille-des-arbres\/"},"modified":"2025-09-19T14:32:44","modified_gmt":"2025-09-19T12:32:44","slug":"norbert-bardin-le-photographe-qui-murmure-a-loreille-des-arbres","status":"publish","type":"post","link":"https:\/\/monde25.info\/index.php\/2025\/09\/19\/norbert-bardin-le-photographe-qui-murmure-a-loreille-des-arbres\/","title":{"rendered":"Norbert Bardin, le photographe qui murmure \u00e0 l&rsquo;oreille des arbres"},"content":{"rendered":"<p> <br \/>\n<\/p>\n<div>\n<p>\u00c0 la Cit\u00e9 internationale de la langue fran\u00e7aise de Villers-Cotter\u00eats, l\u2019exposition \u00ab Murmures et promesses de la for\u00eat \u00bb offre une immersion po\u00e9tique au c\u0153ur du vivant. Derri\u00e8re l\u2019objectif, un photographe, Norbert Bardin, d\u00e9ploie son regard singulier sur la for\u00eat et ses habitants immobiles : les arbres.<\/p>\n<p>Install\u00e9 \u00e0 Ch\u00e2teau-Thierry, <a target=\"_blank\" href=\"https:\/\/norbertbardin.com\/\">Norbert Bardin<\/a> s\u2019attache depuis plusieurs ann\u00e9es \u00e0 explorer la relation entre nature et patrimoine. Son terrain de pr\u00e9dilection : les arbres, qu\u2019il nomme affectueusement ses \u00ab amis enracin\u00e9s \u00bb. Pour lui, ils ne sont pas de simples sujets photographiques, mais les t\u00e9moins du temps, des compagnons silencieux et majestueux.<\/p>\n<p>Ses images, presque toujours en noir et blanc, r\u00e9v\u00e8lent avec force, les textures de l\u2019\u00e9corce, les lignes tortueuses des branches, les jeux d\u2019ombre et de lumi\u00e8re. Norbert Bardin ne cherche pas la couleur \u00e9clatante, mais l\u2019essence. En se d\u00e9pouillant du superflu, il donne \u00e0 voir la puissance brute de la nature et invite \u00e0 une contemplation lente, presque m\u00e9ditative.<\/p>\n<p>Dans ses s\u00e9ries, les arbres sont pr\u00e9sent\u00e9s tels des sculptures vivantes, des monuments du paysage. Certains, multi-centenaires, portent les stigmates du temps mais aussi une vitalit\u00e9 qui force le respect. Loin d\u2019\u00eatre fig\u00e9s, ils semblent habit\u00e9s, dot\u00e9s d\u2019une voix que l\u2019\u0153il du photographe s\u2019efforce de capter.<\/p>\n<p><img decoding=\"async\" data-entity-uuid=\"b974dbf2-1c20-485c-bfc4-2af50f59d121\" data-entity-type=\"file\" width=\"1960\" height=\"1102\" loading=\"lazy\" class=\"lazyload\" src=\"https:\/\/www.francesoir.fr\/sites\/default\/files\/inline-images\/photo_4.jpeg\"\/><\/p>\n<p>\u00a0<\/p>\n<p>\u00c0 Villers-Cotter\u00eats, le dialogue entre le ch\u00e2teau de Fran\u00e7ois I<sup>er <\/sup>et la for\u00eat de Retz prend une r\u00e9sonance particuli\u00e8re. Les photographies circulent entre min\u00e9ral et v\u00e9g\u00e9tal, reliant patrimoine architectural et patrimoine naturel. Une invitation \u00e0 ralentir, \u00e0 \u00e9couter, \u00e0 red\u00e9couvrir ce lien intime avec le vivant.<\/p>\n<p>L\u2019exposition <a target=\"_blank\" href=\"https:\/\/www.cite-langue-francaise.fr\/agenda\/murmures-et-promesses-de-la-foret\">\u00ab Murmures et promesses de la for\u00eat \u00bb<\/a> est encore visible jusqu\u2019au 28 septembre 2025 \u00e0 la Cit\u00e9 internationale de la langue fran\u00e7aise. Il ne reste donc que quelques jours pour entrer dans l&rsquo;univers sensible de Norbert et se laisser guider par son regard po\u00e9tique.<\/p>\n<p><iframe loading=\"lazy\" title=\"Portrait vid\u00e9o de Norbert Bardin photographe\" width=\"1110\" height=\"624\" src=\"https:\/\/www.youtube.com\/embed\/rv__SDwkg64?feature=oembed\" frameborder=\"0\" allow=\"accelerometer; autoplay; clipboard-write; encrypted-media; gyroscope; picture-in-picture; web-share\" referrerpolicy=\"strict-origin-when-cross-origin\" allowfullscreen><\/iframe><\/p>\n<\/div>\n<p><script>(function(d, s, id) {  var js, fjs = d.getElementsByTagName(s)[0];  if (d.getElementById(id)) return;  js = d.createElement(s); js.id = id;  js.src = \"\/\/connect.facebook.net\/fr_FR\/sdk.js#xfbml=1&version=v2.3\";  fjs.parentNode.insertBefore(js, fjs);}(document, \"script\", \"facebook-jssdk\"));<\/script><br \/>\n<br \/><br \/>\n<br \/><a href=\"https:\/\/www.francesoir.fr\/culture-art-expo\/norbert-bardin-le-photographe-qui-murmure-avec-les-arbres\" target=\"_blank\"\">Source link <\/a><\/p>\n","protected":false},"excerpt":{"rendered":"<p>\u00c0 la Cit\u00e9 internationale de la langue fran\u00e7aise de Villers-Cotter\u00eats, l\u2019exposition \u00ab Murmures et promesses de la for\u00eat \u00bb offre une immersion po\u00e9tique au c\u0153ur du vivant. Derri\u00e8re l\u2019objectif, un&hellip; <\/p>\n","protected":false},"author":1,"featured_media":16179,"comment_status":"open","ping_status":"open","sticky":false,"template":"","format":"standard","meta":{"footnotes":""},"categories":[1],"tags":[],"class_list":["post-16178","post","type-post","status-publish","format-standard","has-post-thumbnail","hentry","category-non-classe"],"_links":{"self":[{"href":"https:\/\/monde25.info\/index.php\/wp-json\/wp\/v2\/posts\/16178","targetHints":{"allow":["GET"]}}],"collection":[{"href":"https:\/\/monde25.info\/index.php\/wp-json\/wp\/v2\/posts"}],"about":[{"href":"https:\/\/monde25.info\/index.php\/wp-json\/wp\/v2\/types\/post"}],"author":[{"embeddable":true,"href":"https:\/\/monde25.info\/index.php\/wp-json\/wp\/v2\/users\/1"}],"replies":[{"embeddable":true,"href":"https:\/\/monde25.info\/index.php\/wp-json\/wp\/v2\/comments?post=16178"}],"version-history":[{"count":0,"href":"https:\/\/monde25.info\/index.php\/wp-json\/wp\/v2\/posts\/16178\/revisions"}],"wp:featuredmedia":[{"embeddable":true,"href":"https:\/\/monde25.info\/index.php\/wp-json\/wp\/v2\/media\/16179"}],"wp:attachment":[{"href":"https:\/\/monde25.info\/index.php\/wp-json\/wp\/v2\/media?parent=16178"}],"wp:term":[{"taxonomy":"category","embeddable":true,"href":"https:\/\/monde25.info\/index.php\/wp-json\/wp\/v2\/categories?post=16178"},{"taxonomy":"post_tag","embeddable":true,"href":"https:\/\/monde25.info\/index.php\/wp-json\/wp\/v2\/tags?post=16178"}],"curies":[{"name":"wp","href":"https:\/\/api.w.org\/{rel}","templated":true}]}}