{"id":16195,"date":"2025-09-19T20:04:00","date_gmt":"2025-09-19T18:04:00","guid":{"rendered":"https:\/\/monde25.info\/index.php\/2025\/09\/19\/genocide-les-dirigeants-occidentaux-sont-veules-et-couards-mais-avant-tout-activement-complices\/"},"modified":"2025-09-19T20:04:00","modified_gmt":"2025-09-19T18:04:00","slug":"genocide-les-dirigeants-occidentaux-sont-veules-et-couards-mais-avant-tout-activement-complices","status":"publish","type":"post","link":"https:\/\/monde25.info\/index.php\/2025\/09\/19\/genocide-les-dirigeants-occidentaux-sont-veules-et-couards-mais-avant-tout-activement-complices\/","title":{"rendered":"G\u00e9nocide : les dirigeants occidentaux sont veules et couards, mais avant tout activement complices"},"content":{"rendered":"<p> <br \/>\n<\/p>\n<div>\n<ol class=\"campaign-loop campaign-list\">\n<li id=\"campaign-482494\" class=\"post-482494 campaign type-campaign status-publish hentry campaign-has-goal campaign-has-not-achieved-goal campaign-has-end-date campaign-has-not-ended\">\n\t<a target=\"_blank\" href=\"https:\/\/reseauinternational.net\/campaigns\/campagne-de-dons-septembre-octobre-2025\/\"><\/p>\n<h3>Campagne de dons  Septembre \u2013 Octobre 2025<\/h3>\n<p>\t\t\t<\/a><\/p>\n<p>\n\tChers amis lecteurs, Nous faisons \u00e0 nouveau appel \u00e0 vous pour une nouvelle campagne de dons. Votre soutien nous est indispensable pour continuer \u00e0 vous fournir le meilleur de l\u2019information internationale alternative. C\u2019est gr\u00e2ce \u00e0 vos dons que nous pourrons maintenir le cap pour une information plurielle et r\u00e9ellement alternative. Nous comptons sur vous.<\/p>\n<p>\n<span class=\"amount\">475,00\u00a0\u20ac<\/span> de l\u2019objectif de <span class=\"goal-amount\">25 000,00\u00a0\u20ac<\/span> atteint<\/p>\n<\/li>\n<\/ol>\n<p>par<strong> James Smith <\/strong>et<strong> Layth Hanbali<\/strong><\/p>\n<p><strong>Aucune preuve convaincante et irr\u00e9futable du g\u00e9nocide ne convaincra les dirigeants occidentaux de cesser de soutenir Isra\u00ebl, car cela n\u2019est pas dans leur int\u00e9r\u00eat. La seule fa\u00e7on de mettre fin au g\u00e9nocide, c\u2019est de le rendre plus co\u00fbteux que rentable.<\/strong><\/p>\n<p>On nous r\u00e9p\u00e8te sans cesse que les \u00e9lites politiques occidentales, ainsi que ses appendices institutionnels, sont <a target=\"_blank\" href=\"https:\/\/www.theguardian.com\/commentisfree\/2025\/jul\/25\/king-belgium-speak-truth-gaza-europe-cowardly-leaders\" target=\"_blank\" rel=\"noopener\" title=\"\">l\u00e2ches<\/a>, qu\u2019ils ont tout simplement trop peur de s\u2019exprimer et de s\u2019opposer au g\u00e9nocide perp\u00e9tr\u00e9 par le r\u00e9gime sioniste \u00e0 Gaza, ou alors qu\u2019ils se laissent trop influencer par la propagande sioniste et qu\u2019ils sont trop redevables au lobby pro-r\u00e9gime.<\/p>\n<p>Mais ces accusations ne r\u00e9sistent pas \u00e0 un examen s\u00e9rieux.<\/p>\n<p>Biden, Harris et la quasi-totalit\u00e9 du Parti d\u00e9mocrate \u2013 y compris son \u00abaile progressiste\u00bb \u2013 \u00e9taient tellement attach\u00e9s \u00e0 la colonie sioniste qu\u2019ils ont pr\u00e9f\u00e9r\u00e9 <a target=\"_blank\" href=\"https:\/\/www.imeupolicyproject.org\/postelection-polling\" target=\"_blank\" rel=\"noopener\" title=\"\">sacrifier<\/a> les \u00e9lections de 2024 plut\u00f4t que de s\u2019opposer s\u00e9rieusement \u00e0 ses crimes atroces et autres violations des droits humains.<\/p>\n<p>De m\u00eame, une pl\u00e9thore de responsables gouvernementaux europ\u00e9ens \u2013 Keir Starmer, David Lammy, Emmanuel Macron, Olaf Scholz, Friedrich Merz et bien d\u2019autres \u2013 sont tellement attach\u00e9s \u00e0 la colonie sioniste qu\u2019ils sont pr\u00eats \u00e0 risquer d\u2019\u00eatre inculp\u00e9s pour complicit\u00e9 de crimes de guerre plut\u00f4t que de suspendre les accords commerciaux ou les ventes d\u2019armes.<\/p>\n<p>L\u2019ensemble de la classe dirigeante occidentale a pr\u00e9f\u00e9r\u00e9 que l\u2019imposture des valeurs lib\u00e9rales, de l\u2019\u00c9tat de droit et de la libert\u00e9 d\u2019expression soit expos\u00e9e au grand jour, plut\u00f4t que de renoncer \u00e0 son soutien ind\u00e9fectible au r\u00e9gime sioniste.<\/p>\n<p>Il ne s\u2019agit pas de l\u00e2chet\u00e9 politique. Cela repr\u00e9sente plut\u00f4t un engagement id\u00e9ologique in\u00e9branlable envers leurs int\u00e9r\u00eats \u00e9conomiques et politiques, repr\u00e9sent\u00e9s, en l\u2019occurrence, par la colonie sioniste.<\/p>\n<p>Il n\u2019est pas surprenant que les \u00e9lections se poursuivent dans les pays occidentaux sans qu\u2019aucune alternative antisioniste coh\u00e9rente n\u2019apparaisse \u2013 les \u00e9lites politiques, \u00e9conomiques et culturelles sont presque unanimement unies dans leur soutien au r\u00e9gime sioniste et \u00e0 sa campagne centenaire d\u2019expansion coloniale.<\/p>\n<p>Il y a eu plusieurs \u00e9lections depuis le d\u00e9but du g\u00e9nocide, aux \u00c9tats-Unis, en Grande-Bretagne, en Allemagne, en France et ailleurs, mais aucune n\u2019a offert aux \u00e9lecteurs un v\u00e9ritable choix.<\/p>\n<p>Dans de nombreux pays, la majorit\u00e9 de la population \u00e9tait oppos\u00e9e \u00e0 la colonie sioniste, soutenait la lutte palestinienne, et s\u2019\u00e9levait contre le g\u00e9nocide, mais elle n\u2019a pas pu voter pour une repr\u00e9sentation politique antisioniste et pro-palestinienne.<\/p>\n<p>En bref, le vote ne permet pas aux populations de mettre fin \u00e0 la violence coloniale. Et ce n\u2019est nullement parce que les gens ne comprennent pas la situation ou manquent d\u2019empathie.<\/p>\n<p>En fait davantage de t\u00e9moignages, de conf\u00e9rences et de reportages ne changeront rien \u00e0 l\u2019affaire.<\/p>\n<p>La l\u00e2chet\u00e9 n\u2019est pas la raison de ce soutien acharn\u00e9. La v\u00e9rit\u00e9, c\u2019est que la colonie sioniste est une <a target=\"_blank\" href=\"https:\/\/jasonhickel.substack.com\/p\/why-does-the-us-support-israels-crimes\" target=\"_blank\" rel=\"noopener\" title=\"\">extension de l\u2019expansion et de l\u2019exploitation<\/a> occidentales.<\/p>\n<p>La colonie sioniste soutient le complexe militaro-industriel en achetant des armes \u00e0 l\u2019Occident et en les utilisant sur les Palestiniens comme cobayes, tandis que sa r\u00e9pression tous azimut des aspirations politiques dans toute la r\u00e9gion permet \u00e0 l\u2019Occident de renforcer son emprise sur les \u00e9conomies r\u00e9gionales et, par extension, sur leur gaz, leur p\u00e9trole, leur eau et leur main-d\u2019\u0153uvre.<\/p>\n<p>Les int\u00e9r\u00eats \u00e9conomiques ont motiv\u00e9 le soutien de l\u2019Occident au projet sioniste depuis ses d\u00e9buts.<\/p>\n<p>L\u2019une des principales raisons pour lesquelles les colonisateurs britanniques sont revenus sur leur promesse d\u2019ind\u00e9pendance aux Arabes de la r\u00e9gion et ont publi\u00e9 \u00e0 la place la d\u00e9claration Balfour \u2013 qui a ouvert la voie \u00e0 la colonisation sioniste de la Palestine \u2013 \u00e9tait la crainte de perdre le contr\u00f4le du canal de Suez.<\/p>\n<p>De m\u00eame, le soutien ind\u00e9fectible des \u00c9tats-Unis \u00e0 la colonie sioniste s\u2019est consolid\u00e9 dans les ann\u00e9es 1960 afin de promouvoir les ambitions \u00e9conomiques et politiques am\u00e9ricaines dans la r\u00e9gion pendant la guerre froide.<\/p>\n<p>Le pr\u00e9sident John F. Kennedy a mis fin \u00e0 l\u2019embargo am\u00e9ricain sur les armes avec le r\u00e9gime sioniste en 1961, a li\u00e9 les int\u00e9r\u00eats s\u00e9curitaires des deux colonies et a \u00e9tabli leur \u00abrelation sp\u00e9ciale\u00bb.<\/p>\n<p>Si le soutien am\u00e9ricain au r\u00e9gime sioniste a connu une br\u00e8ve p\u00e9riode d\u2019incertitude (par exemple, en 1975, le refus du r\u00e9gime sioniste de se plier aux termes d\u2019une initiative am\u00e9ricaine visant \u00e0 apaiser les tensions avec l\u2019\u00c9gypte, a conduit les \u00c9tats-Unis \u00e0 annoncer la suspension des livraisons militaires jusqu\u2019\u00e0 la capitulation d\u2019Isra\u00ebl), la promotion par Isra\u00ebl des int\u00e9r\u00eats am\u00e9ricains dans la r\u00e9gion est devenue une pierre angulaire de son identit\u00e9 nationale.<\/p>\n<p>En 1986, le s\u00e9nateur am\u00e9ricain Joe Biden a d\u00e9clar\u00e9 ouvertement : \u00ab<em>S\u2019il n\u2019y avait pas d\u2019Isra\u00ebl, il faudrait l\u2019inventer<\/em>\u00bb. Quarante-sept ans plus tard, en tant que pr\u00e9sident des \u00c9tats-Unis, il a r\u00e9p\u00e9t\u00e9 exactement les m\u00eames mots au pr\u00e9sident du r\u00e9gime sioniste, Isaac Herzog, qui a r\u00e9pondu : \u00ab<em>C\u2019est incroyable<\/em>\u00bb.<\/p>\n<p>Il est clair qu\u2019aucune atrocit\u00e9, aucune preuve irr\u00e9futable, aucune condamnation juridique ou morale ne peut convaincre les dirigeants occidentaux de changer de cap.<\/p>\n<p>Plus d\u2019images et de vid\u00e9os d\u2019enfants assassin\u00e9s (comme si 20 000 ne suffisaient pas), plus de d\u00e9clarations publiques de politiciens sionistes affirmant leur intention d\u2019exterminer les Palestiniens (comme si leurs d\u00e9clarations du 8 octobre 2023 et les actions correspondantes ne suffisaient pas), plus de preuves ind\u00e9niables que le soutien militaire, \u00e9conomique et diplomatique occidental alimente le g\u00e9nocide (comme si les politiciens occidentaux n\u2019en \u00e9taient pas d\u00e9j\u00e0 bien conscients), ne provoqueront pas de changement.<\/p>\n<p>Ni le g\u00e9nocide, ni la famine, ni le nettoyage ethnique, ni l\u2019occupation, ni l\u2019apartheid impos\u00e9 au peuple palestinien ne sont un prix trop \u00e9lev\u00e9 \u00e0 payer pour l\u2019\u00e9lite occidentale ; les avantages politiques et \u00e9conomiques qu\u2019elle tire de la colonie sioniste l\u2019emportent largement sur la valeur qu\u2019elle accorde \u00e0 la vie des Palestiniens.<\/p>\n<h5 class=\"wp-block-heading\"><strong>Augmenter le co\u00fbt du soutien au g\u00e9nocide<\/strong><\/h5>\n<p>Ceux qui luttent pour la justice et la lib\u00e9ration des Palestiniens doivent tenir compte de cette r\u00e9alit\u00e9, car se contenter de convaincre le public que les Palestiniens m\u00e9ritent justice et lib\u00e9ration ne suffira jamais.<\/p>\n<p>Pour \u00eatre efficaces, les campagnes en faveur des Palestiniens doivent avoir pour objectif de rendre le soutien au r\u00e9gime sioniste plus co\u00fbteux que profitable. C\u2019est la raison pour laquelle <a target=\"_blank\" href=\"https:\/\/mondoweiss.net\/2025\/06\/how-britains-designation-of-hamas-and-palestine-action-as-terrorist-groups-silences-free-speech\/\" target=\"_blank\" rel=\"noopener\" title=\"\">Palestine Action<\/a> a subi une des repressions les plus violentes de toutes celles jamais inflig\u00e9es au mouvement de solidarit\u00e9 avec la Palestine en Occident.<\/p>\n<p>Si Palestine Action est d\u00e9sormais interdite en tant qu\u2019organisation terroriste dans une d\u00e9cision sans pr\u00e9c\u00e9dent du gouvernement britannique, qui menace ses membres de peines de prison extr\u00eames, c\u2019est parce qu\u2019ils avaient r\u00e9ussi \u00e0 mobiliser un nombre important de volontaires pour d\u00e9truire du mat\u00e9riel militaire et ainsi menacer les profits qui assurent le soutien occidental \u00e0 la colonie sioniste.<\/p>\n<p>Ailleurs, tous ceux qui ont tent\u00e9 d\u2019\u00e9branler les institutions \u00e9litistes \u2013 universit\u00e9s, h\u00f4pitaux, agences de presse et entreprises technologiques \u2013 ont \u00e9galement \u00e9t\u00e9 r\u00e9prim\u00e9s.<\/p>\n<p>Microsoft a r\u00e9cemment <a target=\"_blank\" href=\"https:\/\/www.trtworld.com\/world\/article\/8a3e0d34b805\" target=\"_blank\" rel=\"noopener\" title=\"\">licenci\u00e9<\/a> quatre employ\u00e9s pour avoir protest\u00e9 contre l\u2019utilisation directe de sa technologie contre des Palestiniens, en plus d\u2019autres employ\u00e9s licenci\u00e9s plus t\u00f4t dans l\u2019ann\u00e9e, et travaillerait avec le FBI pour traquer d\u2019autres manifestants.<\/p>\n<p>Les universit\u00e9s, en particulier aux \u00c9tats-Unis, refusent de d\u00e9livrer des dipl\u00f4mes aux manifestants et appellent la police pour qu\u2019elle passe \u00e0 tabac et arr\u00eate leurs propres \u00e9tudiants.<\/p>\n<p>Des travailleurs de la sant\u00e9 ont \u00e9t\u00e9 licenci\u00e9s, suspendus et font l\u2019objet d\u2019enqu\u00eates pour avoir exprim\u00e9 leur solidarit\u00e9 avec les Palestiniens et avoir d\u00e9nonc\u00e9 la complicit\u00e9 institutionnelle dans les crimes du r\u00e9gime sioniste.<\/p>\n<p>Les m\u00e9dias ont pris pour cible ceux qui ont r\u00e9v\u00e9l\u00e9 leur inf\u00e9odation au lobby sioniste et ont supprim\u00e9 les reportages qui d\u00e9voilaient la mani\u00e8re dont les int\u00e9r\u00eats politiques et \u00e9conomiques occidentaux soutiennent directement le sionisme.<\/p>\n<p>Cette r\u00e9pression de grande envergure est directement li\u00e9e \u00e0 l\u2019impact perturbateur de ces efforts sur les structures de production \u00e9conomique et culturelle qui sont les fondements du soutien ind\u00e9fectible de l\u2019Occident \u00e0 la colonie sioniste.<\/p>\n<p>Au sein des syst\u00e8mes de pouvoir mondiaux, les m\u00eames r\u00e8gles s\u2019appliquent : la critique du r\u00e9gime sioniste est autoris\u00e9e tant qu\u2019elle ne repr\u00e9sente pas une menace concr\u00e8te pour les structures de production \u00e9conomique et culturelle qui le prot\u00e8gent.<\/p>\n<p>\u00c0 titre d\u2019illustration, la rapporteuse sp\u00e9ciale des Nations unies, Francesca Albanese, a ouvertement condamn\u00e9 les crimes du r\u00e9gime sioniste depuis sa nomination \u00e0 ce poste en mai 2022, mais l\u2019administration am\u00e9ricaine a d\u00e9cid\u00e9 de lui imposer des <a target=\"_blank\" href=\"https:\/\/www.state.gov\/releases\/office-of-the-spokesperson\/2025\/07\/sanctioning-lawfare-that-targets-u-s-and-israeli-persons\" target=\"_blank\" rel=\"noopener\" title=\"\">sanctions<\/a> apr\u00e8s qu\u2019elle a publi\u00e9 un rapport citant certaines des plus grandes entreprises qui soutiennent la colonie sioniste et amplifi\u00e9 les appels \u00e0 un boycott mondial.<\/p>\n<p>Ceux qui recherchent la justice et la lib\u00e9ration en Palestine ne doivent plus se contenter de diffuser des t\u00e9moignages, des conf\u00e9rences et des rapports, dans l\u2019id\u00e9e que le manque de r\u00e9action au g\u00e9nocide s\u2019origine dans un manque de compr\u00e9hension ou d\u2019information. Ils doivent se concentrer sur la perturbation concr\u00e8te des structures de production \u00e9conomique et culturelle sionistes.<\/p>\n<p>Nous devons, au minimum, boycotter individuellement et collectivement les entreprises, les agences de presse et les autres institutions qui tirent profit de la colonie sioniste et de sa logique g\u00e9nocidaire d\u2019\u00e9limination du peuple palestinien, et qui contribuent ainsi \u00e0 la perp\u00e9tuer.<\/p>\n<p>En plus du boycott, il existe une multitude de strat\u00e9gies d\u2019escalade et diverses formes d\u2019action directe. Il faut juste que nous soyons suffisamment nombreux \u00e0 \u00eatre pr\u00eats \u00e0 payer le prix de la lutte pour notre lib\u00e9ration collective.<\/p>\n<p>source : <a target=\"_blank\" href=\"https:\/\/mondoweiss.net\/2025\/09\/western-leaders-arent-cowards-for-continuing-to-support-israel-theyre-committed-imperialist-ideologues\/\" target=\"_blank\" rel=\"noopener\" title=\"\">Mondoweiss<\/a> via <a target=\"_blank\" href=\"https:\/\/www.chroniquepalestine.com\/genocide-dirigeants-occidentaux-sont-veules-couards-mais-avant-tout-activement-complices\" target=\"_blank\" rel=\"noopener\" title=\"\">Chronique de Palestine<\/a><\/p>\n<p><a target=\"_blank\" href=\"https:\/\/reseauinternational.net\/author\/domi\/\" target=\"_blank\" rel=\"noopener\" title=\"\">Dominique Muselet<\/a><\/p>\n<div class=\"sharedaddy sd-block sd-like jetpack-likes-widget-wrapper jetpack-likes-widget-unloaded\" id=\"like-post-wrapper-237719536-483475-68cd822a9366d\" data-src=\"https:\/\/widgets.wp.com\/likes\/?ver=15.0#blog_id=237719536&amp;post_id=483475&amp;origin=reseauinternational.net&amp;obj_id=237719536-483475-68cd822a9366d\" data-name=\"like-post-frame-237719536-483475-68cd822a9366d\" data-title=\"Aimer ou rebloguer\">\n<h3 class=\"sd-title\">J\u2019aime \u00e7a\u00a0:<\/h3>\n<p><span class=\"button\"><span>J\u2019aime<\/span><\/span> <span class=\"loading\">chargement\u2026<\/span><\/p>\n<p><span class=\"sd-text-color\"\/><a target=\"_blank\" class=\"sd-link-color\"\/><\/div>\n<p><meta itemscope=\"\" itemprop=\"mainEntityOfPage\" itemtype=\"https:\/\/schema.org\/WebPage\" itemid=\"https:\/\/reseauinternational.net\/genocide-les-dirigeants-occidentaux-sont-veules-et-couards-mais-avant-tout-activement-complices\/\"\/><meta itemprop=\"headline\" content=\"G\u00e9nocide : les dirigeants occidentaux sont veules et couards, mais avant tout activement complices\"\/><span style=\"display: none;\" itemprop=\"author\" itemscope=\"\" itemtype=\"https:\/\/schema.org\/Person\"><meta itemprop=\"name\" content=\"R\u00e9seau International\"\/><\/span><span style=\"display: none;\" itemprop=\"image\" itemscope=\"\" itemtype=\"https:\/\/schema.org\/ImageObject\"><meta itemprop=\"url\" content=\"https:\/\/i0.wp.com\/reseauinternational.net\/wp-content\/uploads\/2025\/09\/Sans-titre-17-10.png?fit=800%2C450&amp;quality=100&amp;ssl=1\"\/><meta itemprop=\"width\" content=\"800\"\/><meta itemprop=\"height\" content=\"450\"\/><\/span><span style=\"display: none;\" itemprop=\"publisher\" itemscope=\"\" itemtype=\"https:\/\/schema.org\/Organization\"><span style=\"display: none;\" itemprop=\"logo\" itemscope=\"\" itemtype=\"https:\/\/schema.org\/ImageObject\"><meta itemprop=\"url\" content=\"https:\/\/reseauinternational.net\/wp-content\/uploads\/2022\/06\/Capture-de\u0301cran-2022-06-14-a\u0300-16.51.07.png\"\/><\/span><meta itemprop=\"name\" content=\"R\u00e9seau International\"\/><\/span><meta itemprop=\"datePublished\" content=\"2025-09-19T10:50:08+00:00\"\/><meta itemprop=\"dateModified\" content=\"2025-09-19T11:36:17+00:00\"\/><\/div>\n<p><br \/>\n<br \/><a href=\"https:\/\/reseauinternational.net\/genocide-les-dirigeants-occidentaux-sont-veules-et-couards-mais-avant-tout-activement-complices\/\" target=\"_blank\"\">Source link <\/a><\/p>\n","protected":false},"excerpt":{"rendered":"<p>Campagne de dons Septembre \u2013 Octobre 2025 Chers amis lecteurs, Nous faisons \u00e0 nouveau appel \u00e0 vous pour une nouvelle campagne de dons. Votre soutien nous est indispensable pour continuer&hellip; <\/p>\n","protected":false},"author":1,"featured_media":16196,"comment_status":"open","ping_status":"open","sticky":false,"template":"","format":"standard","meta":{"footnotes":""},"categories":[1],"tags":[],"class_list":["post-16195","post","type-post","status-publish","format-standard","has-post-thumbnail","hentry","category-non-classe"],"_links":{"self":[{"href":"https:\/\/monde25.info\/index.php\/wp-json\/wp\/v2\/posts\/16195","targetHints":{"allow":["GET"]}}],"collection":[{"href":"https:\/\/monde25.info\/index.php\/wp-json\/wp\/v2\/posts"}],"about":[{"href":"https:\/\/monde25.info\/index.php\/wp-json\/wp\/v2\/types\/post"}],"author":[{"embeddable":true,"href":"https:\/\/monde25.info\/index.php\/wp-json\/wp\/v2\/users\/1"}],"replies":[{"embeddable":true,"href":"https:\/\/monde25.info\/index.php\/wp-json\/wp\/v2\/comments?post=16195"}],"version-history":[{"count":0,"href":"https:\/\/monde25.info\/index.php\/wp-json\/wp\/v2\/posts\/16195\/revisions"}],"wp:featuredmedia":[{"embeddable":true,"href":"https:\/\/monde25.info\/index.php\/wp-json\/wp\/v2\/media\/16196"}],"wp:attachment":[{"href":"https:\/\/monde25.info\/index.php\/wp-json\/wp\/v2\/media?parent=16195"}],"wp:term":[{"taxonomy":"category","embeddable":true,"href":"https:\/\/monde25.info\/index.php\/wp-json\/wp\/v2\/categories?post=16195"},{"taxonomy":"post_tag","embeddable":true,"href":"https:\/\/monde25.info\/index.php\/wp-json\/wp\/v2\/tags?post=16195"}],"curies":[{"name":"wp","href":"https:\/\/api.w.org\/{rel}","templated":true}]}}