{"id":1620,"date":"2024-12-06T13:32:45","date_gmt":"2024-12-06T12:32:45","guid":{"rendered":"https:\/\/monde25.info\/index.php\/2024\/12\/06\/la69-annulee-ce-qui-pourrait-etre-fait-a-la-place-de-lautoroute\/"},"modified":"2024-12-06T13:32:45","modified_gmt":"2024-12-06T12:32:45","slug":"la69-annulee-ce-qui-pourrait-etre-fait-a-la-place-de-lautoroute","status":"publish","type":"post","link":"https:\/\/monde25.info\/index.php\/2024\/12\/06\/la69-annulee-ce-qui-pourrait-etre-fait-a-la-place-de-lautoroute\/","title":{"rendered":"L\u2019A69 annul\u00e9e\u00a0? Ce qui pourrait \u00eatre fait \u00e0 la place de l\u2019autoroute"},"content":{"rendered":"<p> <br \/>\n<\/p>\n<div>\n<p class=\"indication_lieu\">Toulouse (Haute-Garonne), correspondance<\/p>\n<p>Les opposants \u00e0 l\u2019autoroute A69 retiennent leur souffle. Le 25\u00a0novembre avait lieu <a target=\"_blank\" href=\"https:\/\/reporterre.net\/A69-le-tribunal-se-donne-15-jours-pour-decider-de-l-annulation\">l\u2019audience au tribunal administratif de Toulouse<\/a> pour l\u2019\u00e9ventuelle annulation de l\u2019autorisation environnementale des travaux de l\u2019autoroute qui doit relier Castres \u00e0 Toulouse. Cette d\u00e9cision pourrait entra\u00eener l\u2019arr\u00eat imm\u00e9diat du chantier, et le retrait de toutes les machines sur les 53\u00a0km de trac\u00e9. Cette perspective invite les opposants \u00e0 imaginer un projet de territoire alternatif.<\/p>\n<p>Plusieurs sc\u00e9narios sont envisag\u00e9s si le tribunal administratif annule l\u2019autorisation. Tous prennent en compte les travaux d\u00e9j\u00e0 r\u00e9alis\u00e9s par le concessionnaire Atosca, qui <a target=\"_blank\" href=\"https:\/\/france3-regions.francetvinfo.fr\/occitanie\/tarn\/albi\/autoroute-a69-les-chiffres-d-avancement-annonces-par-atosca-sont-les-meme-depuis-un-an-mais-ou-en-est-rellement-le-chantier-3044458.html\" class=\"spip_out\" rel=\"external\">a r\u00e9cemment annonc\u00e9<\/a> que 50<small class=\"fine d-inline\">\u00a0<\/small>% des terrassements et 70<small class=\"fine d-inline\">\u00a0<\/small>% des ouvrages d\u2019art ont \u00e9t\u00e9 finalis\u00e9s.<\/p>\n<h2 class=\"spip\">\u2022 Option 1\u00a0: la remise en \u00e9tat\u00a0du chantier<\/h2>\n<p>Comme l\u2019a rappel\u00e9 l\u2019avocate des opposants au projet, M<sup class=\"typo_exposants\">e<\/sup> Alice Terrasse, lors de l\u2019audience du 25\u00a0novembre, l\u2019annulation de l\u2019autoroute pourrait entra\u00eener une obligation de remise en \u00e9tat pour le concessionnaire et l\u2019\u00c9tat. Concr\u00e8tement, Atosca et les pouvoirs publics seraient dans l\u2019obligation de d\u00e9molir les ouvrages d\u2019art d\u00e9j\u00e0 finalis\u00e9s et de remettre en \u00e9tat les parcelles terrass\u00e9es.<\/p>\n<p>En 2019, le Conseil d\u2019\u00c9tat <a target=\"_blank\" href=\"https:\/\/bordeaux.cour-administrative-appel.fr\/decisions-de-justice\/dernieres-decisions\/deviation-de-beynac-et-cazenac-annulation-totale-du-projet\" class=\"spip_out\" rel=\"external\">avait par exemple somm\u00e9<\/a> le d\u00e9partement de la Dordogne de <i>\u00ab<small class=\"fine d-inline\">\u00a0<\/small>d\u00e9molir les \u00e9l\u00e9ments d\u00e9j\u00e0 construits et de remettre les lieux en \u00e9tat<small class=\"fine d-inline\">\u00a0<\/small>\u00bb<\/i> dans le <a target=\"_blank\" href=\"https:\/\/reporterre.net\/Le-contournement-de-Beynac-sera-enfin-detruit-en-Dordogne\">projet de d\u00e9viation de Beynac<\/a>.<\/p>\n<h2 class=\"spip\">\u2022 Option 2\u00a0: laisser la nature reprendre ses droits<\/h2>\n<p>Une deuxi\u00e8me option consisterait \u00e0 laisser en l\u2019\u00e9tat les zones d\u00e9j\u00e0 terrass\u00e9es, pour \u00e9viter dans un premier temps d\u2019autres nuisances pour la faune et la flore. <i>\u00ab<small class=\"fine d-inline\">\u00a0<\/small>Ma position en tant que scientifique et docteur en \u00e9cologie, c\u2019est de dire qu\u2019il ne faut pas bouger<small class=\"fine d-inline\">\u00a0<\/small>\u00bb<\/i>, confie \u00e0 <i>Reporterre<\/i> Jean Olivier, pr\u00e9sident des Amis de la Terre Midi-Pyr\u00e9n\u00e9es.<\/p>\n<p>Et d\u2019ajouter\u00a0: <i>\u00ab<small class=\"fine d-inline\">\u00a0<\/small>Il faudrait que les machines s\u2019arr\u00eatent, laisser le chantier en l\u2019\u00e9tat et prendre le temps de r\u00e9aliser un diagnostic fin du territoire. Il faudrait analyser les zones o\u00f9 la nature peut reprendre ses droits et celles o\u00f9 il faudra l\u2019aider.<small class=\"fine d-inline\">\u00a0<\/small>\u00bb<\/i><\/p>\n<p>En effet, m\u00eame si pr\u00e8s de la moiti\u00e9 des terrassements ont \u00e9t\u00e9 effectu\u00e9s, le concessionnaire n\u2019a pas encore coul\u00e9 de bitume sur les 53 km de trac\u00e9. <i>\u00ab<small class=\"fine d-inline\">\u00a0<\/small>Tous ces travaux de terrassement sont des d\u00e9g\u00e2ts mineurs<small class=\"fine d-inline\">\u00a0<\/small>\u00bb<\/i>, confirme Karim Lahiani, urbaniste-paysagiste et auteur du <a target=\"_blank\" href=\"https:\/\/reporterre.net\/Veloroute-arbres-et-agriculture-Le-projet-alternatif-des-opposants-a-l-A69\">projet alternatif \u00ab<small class=\"fine d-inline\">\u00a0<\/small>Une autre voie<small class=\"fine d-inline\">\u00a0<\/small>\u00bb<\/a>. Pour Jean Olivier, <i>\u00ab<small class=\"fine d-inline\">\u00a0<\/small>la nature reprendra ses droits assez rapidement. Par contre, on ne retrouvera jamais les arbres de 200\u00a0ans ou plus <a target=\"_blank\" href=\"https:\/\/reporterre.net\/Bulldozers-beton-arbres-coupes-la-future-A69-detruit-tout-sur-son-passage\">qui ont \u00e9t\u00e9 abattus<\/a>. Il y a tout de m\u00eame certaines choses irr\u00e9versibles<small class=\"fine d-inline\">\u00a0<\/small>\u00bb<\/i>.<\/p>\n<h2 class=\"spip\">\u2022 Option 3\u00a0: le projet \u00ab<small class=\"fine d-inline\">\u00a0<\/small>Une autre voie<small class=\"fine d-inline\">\u00a0<\/small>\u00bb<\/h2>\n<p>La derni\u00e8re option est celle qui avait d\u00e9j\u00e0, en partie, \u00e9t\u00e9 pens\u00e9e par l\u2019urbaniste Karim Lahiani \u00e0 travers son <a target=\"_blank\" href=\"https:\/\/reporterre.net\/Veloroute-arbres-et-agriculture-Le-projet-alternatif-des-opposants-a-l-A69\">projet alternatif <i>\u00ab<small class=\"fine d-inline\">\u00a0<\/small>Une autre voie<small class=\"fine d-inline\">\u00a0<\/small>\u00bb<\/i><\/a>. <i>\u00ab<small class=\"fine d-inline\">\u00a0<\/small>Une grande partie des travaux d\u00e9j\u00e0 r\u00e9alis\u00e9s pourrait \u00eatre r\u00e9utilis\u00e9e. Les ouvrages d\u2019art sont pour beaucoup des modules pr\u00e9fabriqu\u00e9s faciles \u00e0 d\u00e9monter. Il y a \u00e9galement l\u2019option de concasser certains ouvrages pour r\u00e9utiliser le b\u00e9ton dans notre projet alternatif. On pourrait aussi conserver certains ponts, par exemple, pour faire passer des pistes cyclables ou des voies ferr\u00e9es<small class=\"fine d-inline\">\u00a0<\/small>\u00bb<\/i>, pr\u00e9sente l\u2019urbaniste.<\/p>\n<div class=\"spip_document_86828 spip_document spip_documents spip_document_image spip_documents_center spip_document_center spip_document_avec_legende\" data-legende-len=\"187\" data-legende-lenx=\"xxx\">\n<figure class=\"spip_doc_inner\">\n      <picture><source type=\"image\/webp\" srcset=\"https:\/\/reporterre.net\/local\/cache-vignettes\/L1050xH374\/copie_de_copie_de_copie_de_serie_nuisibles-0ffd6.jpg@.webp?1733233450\"><img decoding=\"async\" src=\"https:\/\/reporterre.net\/IMG\/jpg\/copie_de_copie_de_copie_de_serie_nuisibles.jpg\" width=\"1200\" height=\"427\" loading=\"lazy\" alt=\"\"\/><br \/>\n    <\/source><\/picture><figcaption class=\"spip_doc_legende\">\n<p>\u00c0 gauche, le chantier de l\u2019autoroute A69<small class=\"fine d-inline\">\u00a0<\/small><small class=\"fine d-inline\">\u00a0<\/small>; \u00e0 droite, le projet alternatif \u00ab<small class=\"fine d-inline\">\u00a0<\/small><small class=\"fine d-inline\">\u00a0<\/small>Une autre voie<small class=\"fine d-inline\">\u00a0<\/small><small class=\"fine d-inline\">\u00a0<\/small>\u00bb, r\u00e9utilisant les terrassements pour une piste cyclable.<br \/>\n<i>\u00a9 Karim Lahiani \/ Montage Reporterre<br \/>\n<\/i><\/p>\n<\/figcaption><\/figure>\n<\/p><\/div>\n<p>Jean Olivier, qui a travaill\u00e9 sur l\u2019alternative ferroviaire, confirme lui aussi, selon des avis d\u2019experts, que le viaduc de l\u2019Agout, qui est le plus gros ouvrage du chantier, pourrait notamment accueillir une double voie ferr\u00e9e et ainsi proposer une solution \u00e0 l\u2019engorgement de Castres. L\u2019alternative Une autre voie projette \u00e9galement de redonner une partie des terres aux agriculteurs pour repenser un projet de territoire.<\/p>\n<p><a target=\"_blank\" href=\"https:\/\/reporterre.net\/Veloroute-arbres-et-agriculture-Le-projet-alternatif-des-opposants-a-l-A69\" class=\"lien_lireaussi\"><strong>Lire aussi : <\/strong> <span>V\u00e9loroute, arbres et agriculture&#8230; Le projet alternatif des opposants \u00e0 l\u2019A69<\/span><\/a><\/p>\n<p><i>\u00ab<small class=\"fine d-inline\">\u00a0<\/small>C\u2019est une opportunit\u00e9 immense d\u2019avoir tout ce foncier disponible sur ces 53\u00a0km de trac\u00e9. L\u2019annulation de l\u2019autoroute permettrait \u00e9galement d\u2019avoir une vraie consultation avec la population. Cela r\u00e9veille nos imaginaires, et le Tarn pourrait vraiment devenir un territoire pionnier dans la mise en place concr\u00e8te d\u2019alternatives et de mobilit\u00e9s douces<small class=\"fine d-inline\">\u00a0<\/small>\u00bb<\/i>, raconte Karim Lahiani, qui a remport\u00e9 en mai dernier le <a target=\"_blank\" href=\"https:\/\/www.ecologie.gouv.fr\/presse\/presentation-7-laureats-du-palmares-jeunes-urbanistes-2024\" class=\"spip_out\" rel=\"external\">palmar\u00e8s des jeunes urbanistes<\/a> organis\u00e9 par le minist\u00e8re de la Transition \u00e9cologique, notamment avec son projet alternatif \u00e0 l\u2019A69.<\/p>\n<p><i>\u00ab<small class=\"fine d-inline\">\u00a0<\/small>Des \u00e9lus du territoire et des partenaires portent ce projet, comme <a target=\"_blank\" href=\"https:\/\/reporterre.net\/Ecosia-soutient-les-opposants-a-l-A69-en-plantant-des-arbres\">le moteur de recherche Ecosia<\/a>, qui a d\u00e9j\u00e0 vers\u00e9 40 000 euros \u00e0 la lutte contre l\u2019A69. L\u2019entreprise s\u2019est aussi engag\u00e9e \u00e0 s\u2019installer dans le Tarn si cette alternative voyait le jour. On sent un enthousiasme autour du projet.<small class=\"fine d-inline\">\u00a0<\/small>\u00bb<\/i><\/p>\n<p>Avec la possibilit\u00e9 d\u2019une annulation de l\u2019A69, les opposants esp\u00e8rent \u00e0 nouveau pouvoir mettre en place ce projet de territoire, en consultation avec la population locale et les acteurs \u00e9conomiques du Tarn. La d\u00e9cision du tribunal administratif de Toulouse devrait \u00eatre connue durant la semaine du 9\u00a0d\u00e9cembre.<\/p>\n<aside class=\"boite_encarts\">\n<div class=\"encart encart_gris noprint\">\n<p><strong>Il est de retour.<\/strong><\/p>\n<p>Dans quelques semaines, Donald Trump se r\u00e9-installera \u00e0 la Maison Blanche.<\/p>\n<p>Un milliardaire, pour qui le r\u00e9chauffement climatique est \u00ab<small class=\"fine d-inline\">\u00a0<\/small>un canular<small class=\"fine d-inline\">\u00a0<\/small>\u00bb, sera \u00e0 la t\u00eate de la plus grande puissance mondiale.<\/p>\n<p>Dans une d\u00e9cennie cruciale pour l\u2019\u00e9cologie, nous ne pouvons pas nous permettre de perdre plus de temps.<\/p>\n<p>La soci\u00e9t\u00e9 civile doit continuer de se soulever, de se mobiliser et de faire pression sur les puissants.<\/p>\n<p>Mais pour agir, il faut savoir.<\/p>\n<p><strong>Depuis 11 ans, nous publions des articles de qualit\u00e9 sur l\u2019\u00e9cologie, en acc\u00e8s libre et sans publicit\u00e9, pour tous.<\/strong><\/p>\n<p>Nous avons la conviction que l\u2019urgence \u00e9cologique est l\u2019enjeu majeur de notre \u00e9poque.<br class=\"autobr\"\/><br \/>\n Et comme plus de 2 millions de lectrices et lecteurs chaque mois, vous partagez sans doute cette conviction&#8230;<\/p>\n<p>Alors si vous en avez les moyens, sachez qu\u2019un don, m\u00eame d\u20191\u20ac, est un acte de soutien fort pour l\u2019\u00e9cologie et le journalisme ind\u00e9pendant.<br class=\"autobr\"\/><br \/>\n (Et \u00e7a vous prendra moins de temps que la lecture de ce texte).<\/p>\n<p><strong>Si vous le pouvez, choisissez un soutien mensuel. Merci.<\/strong><\/p>\n<p><a target=\"_blank\" href=\"https:\/\/reporterre.net\/dons\" class=\"bt_soutenir\">Je soutiens <i>Reporterre<\/i><\/a><\/p>\n<\/p><\/div>\n<div class=\"encart encart_vert noprint montre_1023\">\n<div class=\"infolettre-form-container noprint\">\n<p>Abonnez-vous \u00e0 la lettre d\u2019info de Reporterre<\/p>\n<\/div><\/div>\n<\/aside>\n<aside class=\"boite_apresarticle encart_note\">\n<h4>Apr\u00e8s cet article<\/h4>\n<p>      <a target=\"_blank\" href=\"https:\/\/reporterre.net\/Veloroute-arbres-et-agriculture-Le-projet-alternatif-des-opposants-a-l-A69\" class=\"lien_article\">\n      <picture class=\"vignette_gauche\"><source type=\"image\/webp\" srcset=\"https:\/\/reporterre.net\/local\/cache-gd2\/fc\/351206c5798e14b9882236a3e22ac4.jpg@.webp?1730140513\"><img decoding=\"async\" src=\"https:\/\/reporterre.net\/local\/cache-gd2\/fc\/351206c5798e14b9882236a3e22ac4.jpg?1730140513\" width=\"450\" height=\"300\" alt=\"\" class=\"marge12\" loading=\"lazy\"\/><br \/>\n<\/source><\/picture>\n<p class=\"libelle\">\n<p>          Reportage \u2014<\/p>\n<p>      Alternatives\n    <\/p>\n<p class=\"titre pol20\">V\u00e9loroute, arbres et agriculture&#8230; Le projet alternatif des opposants \u00e0 l\u2019A69<\/p>\n<p>      <\/a><br \/>\n    <\/aside>\n<aside class=\"boite_complement texte\">\n<p>      <!-- zone_forum --><br \/>\n          <\/aside>\n<aside class=\"boite_lireaussi noprint\">\n<\/aside>\n<aside class=\"colonne\">\n<div class=\"article_info cache_1023 noprint\">\n<p>    <span class=\"date\">6 d\u00e9cembre 2024  \u00e0 12h13<\/span><\/p>\n<p class=\"duree_lecture\">\n        Dur\u00e9e de lecture : 4 minutes\n      <\/p>\n<\/p><\/div>\n<div class=\"bloc_infolettre\">\n<div class=\"infolettre-form-container noprint\">\n<p>Abonnez-vous \u00e0 la lettre d\u2019info de Reporterre<\/p>\n<\/div><\/div>\n<\/aside><\/div>\n<p><br \/>\n<br \/><a href=\"https:\/\/reporterre.net\/L-A69-annulee-Ce-qui-pourrait-etre-fait-a-la-place-de-l-autoroute\" target=\"_blank\"\">Source link <\/a><\/p>\n","protected":false},"excerpt":{"rendered":"<p>Toulouse (Haute-Garonne), correspondance Les opposants \u00e0 l\u2019autoroute A69 retiennent leur souffle. Le 25\u00a0novembre avait lieu l\u2019audience au tribunal administratif de Toulouse pour l\u2019\u00e9ventuelle annulation de l\u2019autorisation environnementale des travaux de&hellip; <\/p>\n","protected":false},"author":1,"featured_media":1621,"comment_status":"open","ping_status":"open","sticky":false,"template":"","format":"standard","meta":{"footnotes":""},"categories":[1],"tags":[],"class_list":["post-1620","post","type-post","status-publish","format-standard","has-post-thumbnail","hentry","category-non-classe"],"_links":{"self":[{"href":"https:\/\/monde25.info\/index.php\/wp-json\/wp\/v2\/posts\/1620","targetHints":{"allow":["GET"]}}],"collection":[{"href":"https:\/\/monde25.info\/index.php\/wp-json\/wp\/v2\/posts"}],"about":[{"href":"https:\/\/monde25.info\/index.php\/wp-json\/wp\/v2\/types\/post"}],"author":[{"embeddable":true,"href":"https:\/\/monde25.info\/index.php\/wp-json\/wp\/v2\/users\/1"}],"replies":[{"embeddable":true,"href":"https:\/\/monde25.info\/index.php\/wp-json\/wp\/v2\/comments?post=1620"}],"version-history":[{"count":0,"href":"https:\/\/monde25.info\/index.php\/wp-json\/wp\/v2\/posts\/1620\/revisions"}],"wp:featuredmedia":[{"embeddable":true,"href":"https:\/\/monde25.info\/index.php\/wp-json\/wp\/v2\/media\/1621"}],"wp:attachment":[{"href":"https:\/\/monde25.info\/index.php\/wp-json\/wp\/v2\/media?parent=1620"}],"wp:term":[{"taxonomy":"category","embeddable":true,"href":"https:\/\/monde25.info\/index.php\/wp-json\/wp\/v2\/categories?post=1620"},{"taxonomy":"post_tag","embeddable":true,"href":"https:\/\/monde25.info\/index.php\/wp-json\/wp\/v2\/tags?post=1620"}],"curies":[{"name":"wp","href":"https:\/\/api.w.org\/{rel}","templated":true}]}}