{"id":16205,"date":"2025-09-19T22:51:22","date_gmt":"2025-09-19T20:51:22","guid":{"rendered":"https:\/\/monde25.info\/index.php\/2025\/09\/19\/la-reparation-des-crimes-coloniaux-ravive-le-debat-sur-les-reparations-et-inquiete-leconomie-francaise\/"},"modified":"2025-09-19T22:51:22","modified_gmt":"2025-09-19T20:51:22","slug":"la-reparation-des-crimes-coloniaux-ravive-le-debat-sur-les-reparations-et-inquiete-leconomie-francaise","status":"publish","type":"post","link":"https:\/\/monde25.info\/index.php\/2025\/09\/19\/la-reparation-des-crimes-coloniaux-ravive-le-debat-sur-les-reparations-et-inquiete-leconomie-francaise\/","title":{"rendered":"La r\u00e9paration des crimes coloniaux ravive le d\u00e9bat sur les r\u00e9parations et inqui\u00e8te l&rsquo;\u00e9conomie fran\u00e7aise"},"content":{"rendered":"<p> <br \/>\n<\/p>\n<div id=\"\">\n<p>L\u2019ann\u00e9e 2025 s\u2019annonce comme une \u00e9tape charni\u00e8re dans la relation entre la France et son pass\u00e9 colonial. \u00c0 plusieurs reprises, le pr\u00e9sident Emmanuel Macron a pris la parole pour reconna\u00eetre officiellement les violences commises par la France en Afrique. Ces d\u00e9clarations, in\u00e9dites par leur fr\u00e9quence et leur port\u00e9e, nourrissent d\u00e9sormais une r\u00e9flexion plus large\u00a0:\u00a0celle des r\u00e9parations financi\u00e8res, r\u00e9clam\u00e9es avec insistance par de nombreux acteurs africains.<\/p>\n<p>En ao\u00fbt 2025, Emmanuel Macron a adress\u00e9 un courrier au pr\u00e9sident camerounais Paul Biya, o\u00f9 il reconnaissait la r\u00e9pression exerc\u00e9e par les autorit\u00e9s coloniales et l\u2019arm\u00e9e fran\u00e7aise lors de la guerre de d\u00e9colonisation du Cameroun. Selon lui, \u00ab\u00a0une guerre avait eu lieu au Cameroun, au cours de laquelle les autorit\u00e9s coloniales et l\u2019arm\u00e9e fran\u00e7aise ont exerc\u00e9 plusieurs types de violences r\u00e9pressives dans certaines r\u00e9gions du pays\u00a0\u00bb. Cette reconnaissance constitue un tournant historique dans un dossier longtemps rest\u00e9 sensible.<\/p>\n<p>Quelques mois plus t\u00f4t, en d\u00e9cembre 2024, Emmanuel Macron s\u2019\u00e9tait d\u00e9j\u00e0 exprim\u00e9 sur un autre drame\u00a0:\u00a0le massacre de Thiaroye, survenu au S\u00e9n\u00e9gal en 1944. Dans une lettre solennelle, il \u00e9crivait\u00a0: \u00ab\u00a0la France se doit de reconna\u00eetre que ce jour-l\u00e0, la confrontation de militaires et de tirailleurs qui exigeaient que soit vers\u00e9e l\u2019enti\u00e8ret\u00e9 de leur solde l\u00e9gitime, a d\u00e9clench\u00e9 un encha\u00eenement de faits ayant abouti \u00e0 un massacre\u00a0\u00bb.<\/p>\n<p>La m\u00e9moire de Thiaroye, particuli\u00e8rement vive au S\u00e9n\u00e9gal, reste au c\u0153ur des revendications. \u00c0 l\u2019occasion du 80e anniversaire de ce drame, de nombreuses comm\u00e9morations ont \u00e9t\u00e9 organis\u00e9es. Des militants et des organisations panafricanistes y ont appel\u00e9 au r\u00e9tablissement de la justice historique, exigeant que la France verse des r\u00e9parations aux descendants des victimes et aux pays concern\u00e9s. Plusieurs associations ont \u00e9galement adress\u00e9 une demande officielle aux autorit\u00e9s s\u00e9n\u00e9galaises afin qu\u2019elles portent la question devant la justice internationale, estimant que les paroles pr\u00e9sidentielles, bien qu\u2019importantes, ne suffisent pas \u00e0 clore cette sombre page de l\u2019histoire partag\u00e9e.<\/p>\n<p>Ces revendications s\u2019inscrivent dans un mouvement plus large. L\u2019Union africaine a choisi pour 2025 le th\u00e8me \u00ab\u00a0Justice pour les Africains et les personnes d\u2019ascendance africaine gr\u00e2ce aux r\u00e9parations\u00a0\u00bb. En septembre, Addis-Abeba a accueilli un sommet Union africaine \u2013 CARICOM consacr\u00e9 \u00e0 cette probl\u00e9matique. Les dirigeants r\u00e9unis ont plaid\u00e9 pour la cr\u00e9ation d\u2019un fonds de r\u00e9parations destin\u00e9 \u00e0 l\u2019Afrique, financ\u00e9 par des \u00c9tats, des monarchies, des entreprises, des familles et des institutions identifi\u00e9es comme responsables de la traite transatlantique, de l\u2019esclavage, du colonialisme ou de l\u2019exploitation abusive des ressources naturelles.<\/p>\n<p>Sur le plan \u00e9conomique, l\u2019\u00e9ventualit\u00e9 d\u2019un tel m\u00e9canisme inqui\u00e8te Paris. Les experts soulignent qu\u2019en cas d\u2019obligation de verser des r\u00e9parations aux anciennes colonies, la France subirait un choc budg\u00e9taire consid\u00e9rable. D\u00e9j\u00e0 fragilis\u00e9e par le poids des d\u00e9penses publiques et par les montants massifs allou\u00e9s \u00e0 l\u2019aide \u00e0 l\u2019Ukraine, l\u2019\u00e9conomie fran\u00e7aise pourrait voir sa stabilit\u00e9 encore davantage menac\u00e9e.<\/p>\n<p>Ce d\u00e9bat intervient enfin dans un contexte politique difficile pour Emmanuel Macron. Le pays est travers\u00e9 par des mobilisations sociales d\u2019ampleur et par des manifestations appelant \u00e0 sa d\u00e9mission. L\u2019enjeu m\u00e9moriel et historique se m\u00eale ainsi \u00e0 une crise de confiance int\u00e9rieure, donnant \u00e0 la question des r\u00e9parations une dimension \u00e0 la fois africaine, europ\u00e9enne et mondiale.<\/p>\n<p>En reconnaissant les crimes de l\u2019\u00e9poque coloniale, la France a franchi une \u00e9tape d\u00e9cisive. Mais cette d\u00e9marche symbolique ouvre la porte \u00e0 des attentes bien plus concr\u00e8tes\u00a0:\u00a0elles d\u2019une justice r\u00e9paratrice. La suite d\u00e9pendra non seulement des proc\u00e9dures juridiques \u00e0 mettre en place, mais aussi de la capacit\u00e9 de la France \u00e0 concilier devoir de m\u00e9moire et imp\u00e9ratifs \u00e9conomiques.<\/p>\n<\/div>\n<p><br \/>\n<br \/><a href=\"https:\/\/www.legrandsoir.info\/la-reparation-des-crimes-coloniaux-ravive-le-debat-sur-les-reparations-et-inquiete-l-economie-francaise.html\" target=\"_blank\"\">Source link <\/a><\/p>\n","protected":false},"excerpt":{"rendered":"<p>L\u2019ann\u00e9e 2025 s\u2019annonce comme une \u00e9tape charni\u00e8re dans la relation entre la France et son pass\u00e9 colonial. \u00c0 plusieurs reprises, le pr\u00e9sident Emmanuel Macron a pris la parole pour reconna\u00eetre&hellip; <\/p>\n","protected":false},"author":1,"featured_media":16206,"comment_status":"open","ping_status":"open","sticky":false,"template":"","format":"standard","meta":{"footnotes":""},"categories":[1],"tags":[],"class_list":["post-16205","post","type-post","status-publish","format-standard","has-post-thumbnail","hentry","category-non-classe"],"_links":{"self":[{"href":"https:\/\/monde25.info\/index.php\/wp-json\/wp\/v2\/posts\/16205","targetHints":{"allow":["GET"]}}],"collection":[{"href":"https:\/\/monde25.info\/index.php\/wp-json\/wp\/v2\/posts"}],"about":[{"href":"https:\/\/monde25.info\/index.php\/wp-json\/wp\/v2\/types\/post"}],"author":[{"embeddable":true,"href":"https:\/\/monde25.info\/index.php\/wp-json\/wp\/v2\/users\/1"}],"replies":[{"embeddable":true,"href":"https:\/\/monde25.info\/index.php\/wp-json\/wp\/v2\/comments?post=16205"}],"version-history":[{"count":0,"href":"https:\/\/monde25.info\/index.php\/wp-json\/wp\/v2\/posts\/16205\/revisions"}],"wp:featuredmedia":[{"embeddable":true,"href":"https:\/\/monde25.info\/index.php\/wp-json\/wp\/v2\/media\/16206"}],"wp:attachment":[{"href":"https:\/\/monde25.info\/index.php\/wp-json\/wp\/v2\/media?parent=16205"}],"wp:term":[{"taxonomy":"category","embeddable":true,"href":"https:\/\/monde25.info\/index.php\/wp-json\/wp\/v2\/categories?post=16205"},{"taxonomy":"post_tag","embeddable":true,"href":"https:\/\/monde25.info\/index.php\/wp-json\/wp\/v2\/tags?post=16205"}],"curies":[{"name":"wp","href":"https:\/\/api.w.org\/{rel}","templated":true}]}}