{"id":16207,"date":"2025-09-19T23:57:52","date_gmt":"2025-09-19T21:57:52","guid":{"rendered":"https:\/\/monde25.info\/index.php\/2025\/09\/19\/la-quasi-totalite-de-lautorite-environnementale-dile-de-france-demissionne\/"},"modified":"2025-09-19T23:57:52","modified_gmt":"2025-09-19T21:57:52","slug":"la-quasi-totalite-de-lautorite-environnementale-dile-de-france-demissionne","status":"publish","type":"post","link":"https:\/\/monde25.info\/index.php\/2025\/09\/19\/la-quasi-totalite-de-lautorite-environnementale-dile-de-france-demissionne\/","title":{"rendered":"La quasi-totalit\u00e9 de l&#039;autorit\u00e9 environnementale d&#039;\u00cele-de-France d\u00e9missionne"},"content":{"rendered":"<p> <br \/>\n<br \/><img loading=\"lazy\" decoding=\"async\" src=\"https:\/\/reporterre.net\/local\/cache-vignettes\/L700xH467\/a86bobigny_1_1_-f4986.jpg?1758294227\" class=\"spip_logo\" width=\"700\" height=\"467\" alt=\"\" \/><\/p>\n<p>Finalement, la situation instable de l&rsquo;autorit\u00e9 environnementale d&rsquo;\u00cele-de-France ne se sera pas r\u00e9solue par la n\u00e9gociation. En juillet, huit des neuf membres de cette instance fournissant des avis sur les cons\u00e9quences environnementales des projets (data centers, nouveaux quartiers, zones commerciales, projets routiers&#8230;) avaient annonc\u00e9 leur d\u00e9mission. Ils estimaient que le fonctionnement impos\u00e9 depuis quelques mois par la pr\u00e9fecture d&rsquo;\u00cele-de-France ne garantissait plus leur ind\u00e9pendance.\u00a0(\u2026)<\/p>\n<p>                    <a target=\"_blank\" href=\"https:\/\/reporterre.net\/La-quasi-totalite-de-de-l-autorite-environnementale-d-Ile-de-France-demissionne?utm_source=RSS&amp;utm_medium=RSS\">Lire la suite<\/a><\/p>\n<p>                    &#8211;<br \/>\n                        <a target=\"_blank\" href=\"https:\/\/reporterre.net\/Breves-20\" rel=\"directory\">En bref<\/a><\/p>\n<p>                    \/<br \/>\n                        <a target=\"_blank\" href=\"https:\/\/reporterre.net\/Politique\" rel=\"tag\">Politique<\/a><br \/>\n<br \/><br \/>\n<br \/><a href=\"https:\/\/reporterre.net\/La-quasi-totalite-de-de-l-autorite-environnementale-d-Ile-de-France-demissionne\" target=\"_blank\"\">Source link <\/a><\/p>\n","protected":false},"excerpt":{"rendered":"<p>Finalement, la situation instable de l&rsquo;autorit\u00e9 environnementale d&rsquo;\u00cele-de-France ne se sera pas r\u00e9solue par la n\u00e9gociation. En juillet, huit des neuf membres de cette instance fournissant des avis sur les&hellip; <\/p>\n","protected":false},"author":1,"featured_media":0,"comment_status":"open","ping_status":"open","sticky":false,"template":"","format":"standard","meta":{"footnotes":""},"categories":[1],"tags":[],"class_list":["post-16207","post","type-post","status-publish","format-standard","hentry","category-non-classe"],"_links":{"self":[{"href":"https:\/\/monde25.info\/index.php\/wp-json\/wp\/v2\/posts\/16207","targetHints":{"allow":["GET"]}}],"collection":[{"href":"https:\/\/monde25.info\/index.php\/wp-json\/wp\/v2\/posts"}],"about":[{"href":"https:\/\/monde25.info\/index.php\/wp-json\/wp\/v2\/types\/post"}],"author":[{"embeddable":true,"href":"https:\/\/monde25.info\/index.php\/wp-json\/wp\/v2\/users\/1"}],"replies":[{"embeddable":true,"href":"https:\/\/monde25.info\/index.php\/wp-json\/wp\/v2\/comments?post=16207"}],"version-history":[{"count":0,"href":"https:\/\/monde25.info\/index.php\/wp-json\/wp\/v2\/posts\/16207\/revisions"}],"wp:attachment":[{"href":"https:\/\/monde25.info\/index.php\/wp-json\/wp\/v2\/media?parent=16207"}],"wp:term":[{"taxonomy":"category","embeddable":true,"href":"https:\/\/monde25.info\/index.php\/wp-json\/wp\/v2\/categories?post=16207"},{"taxonomy":"post_tag","embeddable":true,"href":"https:\/\/monde25.info\/index.php\/wp-json\/wp\/v2\/tags?post=16207"}],"curies":[{"name":"wp","href":"https:\/\/api.w.org\/{rel}","templated":true}]}}