{"id":16214,"date":"2025-09-20T04:54:42","date_gmt":"2025-09-20T02:54:42","guid":{"rendered":"https:\/\/monde25.info\/index.php\/2025\/09\/20\/velo-des-villes-velo-des-champs-qui-a-les-meilleurs-amenagements\/"},"modified":"2025-09-20T04:54:42","modified_gmt":"2025-09-20T02:54:42","slug":"velo-des-villes-velo-des-champs-qui-a-les-meilleurs-amenagements","status":"publish","type":"post","link":"https:\/\/monde25.info\/index.php\/2025\/09\/20\/velo-des-villes-velo-des-champs-qui-a-les-meilleurs-amenagements\/","title":{"rendered":"V\u00e9lo des villes, v\u00e9lo des champs\u00a0: qui a les meilleurs am\u00e9nagements\u00a0?"},"content":{"rendered":"<p> <br \/>\n<br \/><img loading=\"lazy\" decoding=\"async\" src=\"https:\/\/reporterre.net\/local\/cache-vignettes\/L700xH467\/bikingrides-280d2.jpg?1758288298\" class=\"spip_logo\" width=\"700\" height=\"467\" alt=\"\" \/><\/p>\n<p>La F\u00e9d\u00e9ration des usagers de la bicyclette vient de publier son barom\u00e8tre v\u00e9lo 2025. Ce rapport pr\u00e9sente un climat \u00ab<small class=\"fine d-inline\">\u00a0<\/small>m\u00e9diocre<small class=\"fine d-inline\">\u00a0<\/small>\u00bb pour le v\u00e9lo en France, notamment dans les milieux ruraux, malgr\u00e9 les progr\u00e8s de nombreuses villes. <br class=\"autobr\" \/> Grenoble, Strasbourg, Rennes, mais aussi La Rochelle et Bourg-en-Bresse\u2026 Dans ces communes, il fait bon p\u00e9daler, selon le barom\u00e8tre annuel de la F\u00e9d\u00e9ration des usagers de la bicyclette (<span class=\"caps\">FUB<\/span>), publi\u00e9 le 18\u00a0septembre. \u00ab<small class=\"fine d-inline\">\u00a0<\/small>D\u00e8s que des politiques cyclables ambitieuses\u00a0(\u2026)<\/p>\n<p>                    <a target=\"_blank\" href=\"https:\/\/reporterre.net\/Velo-ces-villes-ou-il-fait-bon-pedaler?utm_source=RSS&amp;utm_medium=RSS\">Lire la suite<\/a><\/p>\n<p>                    &#8211;<br \/>\n                        <a target=\"_blank\" href=\"https:\/\/reporterre.net\/Autres-infos\" rel=\"directory\">Info<\/a><\/p>\n<p>                    \/<br \/>\n                        <a target=\"_blank\" href=\"https:\/\/reporterre.net\/Transports\" rel=\"tag\">Transports<\/a><br \/>\n                    ,<br \/>\n                        <a target=\"_blank\" href=\"https:\/\/reporterre.net\/Alternatives\" rel=\"tag\">Alternatives<\/a><br \/>\n<br \/><br \/>\n<br \/><a href=\"https:\/\/reporterre.net\/Velo-ces-villes-ou-il-fait-bon-pedaler\" target=\"_blank\"\">Source link <\/a><\/p>\n","protected":false},"excerpt":{"rendered":"<p>La F\u00e9d\u00e9ration des usagers de la bicyclette vient de publier son barom\u00e8tre v\u00e9lo 2025. Ce rapport pr\u00e9sente un climat \u00ab\u00a0m\u00e9diocre\u00a0\u00bb pour le v\u00e9lo en France, notamment dans les milieux ruraux,&hellip; <\/p>\n","protected":false},"author":1,"featured_media":0,"comment_status":"open","ping_status":"open","sticky":false,"template":"","format":"standard","meta":{"footnotes":""},"categories":[1],"tags":[],"class_list":["post-16214","post","type-post","status-publish","format-standard","hentry","category-non-classe"],"_links":{"self":[{"href":"https:\/\/monde25.info\/index.php\/wp-json\/wp\/v2\/posts\/16214","targetHints":{"allow":["GET"]}}],"collection":[{"href":"https:\/\/monde25.info\/index.php\/wp-json\/wp\/v2\/posts"}],"about":[{"href":"https:\/\/monde25.info\/index.php\/wp-json\/wp\/v2\/types\/post"}],"author":[{"embeddable":true,"href":"https:\/\/monde25.info\/index.php\/wp-json\/wp\/v2\/users\/1"}],"replies":[{"embeddable":true,"href":"https:\/\/monde25.info\/index.php\/wp-json\/wp\/v2\/comments?post=16214"}],"version-history":[{"count":0,"href":"https:\/\/monde25.info\/index.php\/wp-json\/wp\/v2\/posts\/16214\/revisions"}],"wp:attachment":[{"href":"https:\/\/monde25.info\/index.php\/wp-json\/wp\/v2\/media?parent=16214"}],"wp:term":[{"taxonomy":"category","embeddable":true,"href":"https:\/\/monde25.info\/index.php\/wp-json\/wp\/v2\/categories?post=16214"},{"taxonomy":"post_tag","embeddable":true,"href":"https:\/\/monde25.info\/index.php\/wp-json\/wp\/v2\/tags?post=16214"}],"curies":[{"name":"wp","href":"https:\/\/api.w.org\/{rel}","templated":true}]}}