{"id":16215,"date":"2025-09-20T06:00:39","date_gmt":"2025-09-20T04:00:39","guid":{"rendered":"https:\/\/monde25.info\/index.php\/2025\/09\/20\/patrimoine-67-400-monuments-non-proteges-dans-un-etat-critique-selon-la-fondation-du-patrimoine\/"},"modified":"2025-09-20T06:00:39","modified_gmt":"2025-09-20T04:00:39","slug":"patrimoine-67-400-monuments-non-proteges-dans-un-etat-critique-selon-la-fondation-du-patrimoine","status":"publish","type":"post","link":"https:\/\/monde25.info\/index.php\/2025\/09\/20\/patrimoine-67-400-monuments-non-proteges-dans-un-etat-critique-selon-la-fondation-du-patrimoine\/","title":{"rendered":"Patrimoine: 67 400 monuments non prot\u00e9g\u00e9s dans un \u00ab\u00a0\u00e9tat critique\u00a0\u00bb, selon la Fondation du patrimoine"},"content":{"rendered":"<p> <br \/>\n<\/p>\n<div>\n<p>Petits th\u00e9\u00e2tres, \u00e9glises rurales, moulins, phares&#8230; : 67 400 monuments non prot\u00e9g\u00e9s sont dans un \u00ab\u00a0\u00e9tat critique\u00a0\u00bb en France m\u00e9tropolitaine, selon une estimation de la Fondation du patrimoine, qui annonce vendredi lancer un observatoire d\u00e9di\u00e9.<\/p>\n<p>Cette initiative est lanc\u00e9e \u00e0 l&rsquo;occasion des journ\u00e9es europ\u00e9ennes du patrimoine qui ont lieu ce week-end, \u00ab\u00a0avec le minist\u00e8re de la Culture et les principales associations de sauvegarde du patrimoine\u00a0\u00bb, a pr\u00e9cis\u00e9 la fondation \u00e0 l&rsquo;AFP.<\/p>\n<p>L&rsquo;observatoire fournira \u00ab\u00a0une base (de donn\u00e9es) collaborative r\u00e9guli\u00e8rement actualis\u00e9e ainsi que des indicateurs cl\u00e9s\u00a0\u00bb afin \u00ab\u00a0d&rsquo;alerter et de mobiliser les d\u00e9cideurs et le grand public sur la nature et l&rsquo;ampleur des besoins li\u00e9s \u00e0 ce patrimoine\u00a0\u00bb, pr\u00e9cise la Fondation du patrimoine dans un communiqu\u00e9.<\/p>\n<p>Selon un recensement \u00e9tabli au 1<sup>er<\/sup> septembre, sur \u00ab\u00a0environ 295 800 monuments patrimoniaux non prot\u00e9g\u00e9s au titre des monuments historiques, environ 67 400 sont dans un \u00e9tat critique\u00a0\u00bb, c&rsquo;est-\u00e0-dire \u00ab\u00a0en mauvais \u00e9tat\u00a0\u00bb ou \u00ab\u00a0en p\u00e9ril\u00a0\u00bb, d\u00e9taille le texte.<\/p>\n<p>La fondation liste par ailleurs 46 150 monuments prot\u00e9g\u00e9s, ce qui porte son inventaire \u00e0 environ 341 950 monuments, un recensement \u00ab\u00a0non exhaustif\u00a0\u00bb mais qui fournit \u00ab\u00a0un ordre de grandeur robuste et prudent\u00a0\u00bb.<\/p>\n<p>Ce recensement a \u00e9t\u00e9 r\u00e9alis\u00e9 par la Fondation du patrimoine \u00e0 partir de sa propre base de donn\u00e9es, de l&rsquo;inventaire g\u00e9n\u00e9ral du patrimoine culturel, de l&rsquo;observatoire du patrimoine religieux et d&rsquo;OpenStreetMap, une carte collaborative mondiale, cr\u00e9\u00e9e et enrichie par des contributeurs b\u00e9n\u00e9voles.<\/p>\n<p>Le patrimoine non prot\u00e9g\u00e9 est d\u00e9fini comme \u00ab\u00a0l&rsquo;ensemble des \u00e9difices, publics ou priv\u00e9s, qui ne b\u00e9n\u00e9ficient pas d&rsquo;un classement ou d&rsquo;une inscription au titre des monuments historiques, mais qui pr\u00e9sentent un int\u00e9r\u00eat du point de vue architectural, historique, paysager ou de la m\u00e9moire collective des territoires\u00a0\u00bb.<\/p>\n<\/div>\n<p><script>(function(d, s, id) {  var js, fjs = d.getElementsByTagName(s)[0];  if (d.getElementById(id)) return;  js = d.createElement(s); js.id = id;  js.src = \"\/\/connect.facebook.net\/fr_FR\/sdk.js#xfbml=1&version=v2.3\";  fjs.parentNode.insertBefore(js, fjs);}(document, \"script\", \"facebook-jssdk\"));<\/script><br \/>\n<br \/><br \/>\n<br \/><a href=\"https:\/\/www.francesoir.fr\/societe-environnement\/patrimoine-67400-monuments-non-proteges-dans-un-etat-critique-selon-la\" target=\"_blank\"\">Source link <\/a><\/p>\n","protected":false},"excerpt":{"rendered":"<p>Petits th\u00e9\u00e2tres, \u00e9glises rurales, moulins, phares&#8230; : 67 400 monuments non prot\u00e9g\u00e9s sont dans un \u00ab\u00a0\u00e9tat critique\u00a0\u00bb en France m\u00e9tropolitaine, selon une estimation de la Fondation du patrimoine, qui annonce&hellip; <\/p>\n","protected":false},"author":1,"featured_media":16216,"comment_status":"open","ping_status":"open","sticky":false,"template":"","format":"standard","meta":{"footnotes":""},"categories":[1],"tags":[],"class_list":["post-16215","post","type-post","status-publish","format-standard","has-post-thumbnail","hentry","category-non-classe"],"_links":{"self":[{"href":"https:\/\/monde25.info\/index.php\/wp-json\/wp\/v2\/posts\/16215","targetHints":{"allow":["GET"]}}],"collection":[{"href":"https:\/\/monde25.info\/index.php\/wp-json\/wp\/v2\/posts"}],"about":[{"href":"https:\/\/monde25.info\/index.php\/wp-json\/wp\/v2\/types\/post"}],"author":[{"embeddable":true,"href":"https:\/\/monde25.info\/index.php\/wp-json\/wp\/v2\/users\/1"}],"replies":[{"embeddable":true,"href":"https:\/\/monde25.info\/index.php\/wp-json\/wp\/v2\/comments?post=16215"}],"version-history":[{"count":0,"href":"https:\/\/monde25.info\/index.php\/wp-json\/wp\/v2\/posts\/16215\/revisions"}],"wp:featuredmedia":[{"embeddable":true,"href":"https:\/\/monde25.info\/index.php\/wp-json\/wp\/v2\/media\/16216"}],"wp:attachment":[{"href":"https:\/\/monde25.info\/index.php\/wp-json\/wp\/v2\/media?parent=16215"}],"wp:term":[{"taxonomy":"category","embeddable":true,"href":"https:\/\/monde25.info\/index.php\/wp-json\/wp\/v2\/categories?post=16215"},{"taxonomy":"post_tag","embeddable":true,"href":"https:\/\/monde25.info\/index.php\/wp-json\/wp\/v2\/tags?post=16215"}],"curies":[{"name":"wp","href":"https:\/\/api.w.org\/{rel}","templated":true}]}}