{"id":16223,"date":"2025-09-20T08:45:35","date_gmt":"2025-09-20T06:45:35","guid":{"rendered":"https:\/\/monde25.info\/index.php\/2025\/09\/20\/jardiner-est-ce-creer-ou-detruire\/"},"modified":"2025-09-20T08:45:35","modified_gmt":"2025-09-20T06:45:35","slug":"jardiner-est-ce-creer-ou-detruire","status":"publish","type":"post","link":"https:\/\/monde25.info\/index.php\/2025\/09\/20\/jardiner-est-ce-creer-ou-detruire\/","title":{"rendered":"\u00ab\u00a0Jardiner, est-ce cr\u00e9er ou d\u00e9truire\u00a0?\u00a0\u00bb"},"content":{"rendered":"<p> <br \/>\n<br \/><img loading=\"lazy\" decoding=\"async\" src=\"https:\/\/reporterre.net\/local\/cache-vignettes\/L700xH467\/de_truire_cre_er4-793d6.jpg?1758349801\" class=\"spip_logo\" width=\"700\" height=\"467\" alt=\"\" \/><\/p>\n<p>Cultiver, c&rsquo;est d\u00e9truire un bout de prairie, pour cr\u00e9er un autre espace de vivant qui nous est utile. \u00ab<small class=\"fine d-inline\">\u00a0<\/small>De quel droit<small class=\"fine d-inline\">\u00a0<\/small>?<small class=\"fine d-inline\">\u00a0<\/small>\u00bb s&rsquo;interroge notre journaliste, pour qui entretenir un potager est un exercice moral permanent. <br class=\"autobr\" \/> Notre journaliste Marie Astier a un grand potager, chez elle, dans les C\u00e9vennes. Dans cette chronique, qui para\u00eet d\u00e9sormais le troisi\u00e8me samedi de chaque mois, elle livre astuces et r\u00e9flexions, parce que jardiner\u2026 c&rsquo;est politique. <br class=\"autobr\" \/><br \/>\nJe vous racontais dans ma derni\u00e8re\u00a0(\u2026)<\/p>\n<p>                    <a target=\"_blank\" href=\"https:\/\/reporterre.net\/Jardiner-est-ce-creer-ou-detruire?utm_source=RSS&amp;utm_medium=RSS\">Lire la suite<\/a><\/p>\n<p>                    &#8211;<br \/>\n                        <a target=\"_blank\" href=\"https:\/\/reporterre.net\/CHRONIQUES-22\" rel=\"directory\">Chronique<\/a><\/p>\n<p>                    \/<br \/>\n                        <a target=\"_blank\" href=\"https:\/\/reporterre.net\/Agriculture\" rel=\"tag\">Agriculture<\/a><br \/>\n                    ,<br \/>\n                        <a target=\"_blank\" href=\"https:\/\/reporterre.net\/Potager-politique\" rel=\"tag\">Potager politique<\/a><br \/>\n<br \/><br \/>\n<br \/><a href=\"https:\/\/reporterre.net\/Jardiner-est-ce-creer-ou-detruire\" target=\"_blank\"\">Source link <\/a><\/p>\n","protected":false},"excerpt":{"rendered":"<p>Cultiver, c&rsquo;est d\u00e9truire un bout de prairie, pour cr\u00e9er un autre espace de vivant qui nous est utile. \u00ab\u00a0De quel droit\u00a0?\u00a0\u00bb s&rsquo;interroge notre journaliste, pour qui entretenir un potager est&hellip; <\/p>\n","protected":false},"author":1,"featured_media":0,"comment_status":"open","ping_status":"open","sticky":false,"template":"","format":"standard","meta":{"footnotes":""},"categories":[1],"tags":[],"class_list":["post-16223","post","type-post","status-publish","format-standard","hentry","category-non-classe"],"_links":{"self":[{"href":"https:\/\/monde25.info\/index.php\/wp-json\/wp\/v2\/posts\/16223","targetHints":{"allow":["GET"]}}],"collection":[{"href":"https:\/\/monde25.info\/index.php\/wp-json\/wp\/v2\/posts"}],"about":[{"href":"https:\/\/monde25.info\/index.php\/wp-json\/wp\/v2\/types\/post"}],"author":[{"embeddable":true,"href":"https:\/\/monde25.info\/index.php\/wp-json\/wp\/v2\/users\/1"}],"replies":[{"embeddable":true,"href":"https:\/\/monde25.info\/index.php\/wp-json\/wp\/v2\/comments?post=16223"}],"version-history":[{"count":0,"href":"https:\/\/monde25.info\/index.php\/wp-json\/wp\/v2\/posts\/16223\/revisions"}],"wp:attachment":[{"href":"https:\/\/monde25.info\/index.php\/wp-json\/wp\/v2\/media?parent=16223"}],"wp:term":[{"taxonomy":"category","embeddable":true,"href":"https:\/\/monde25.info\/index.php\/wp-json\/wp\/v2\/categories?post=16223"},{"taxonomy":"post_tag","embeddable":true,"href":"https:\/\/monde25.info\/index.php\/wp-json\/wp\/v2\/tags?post=16223"}],"curies":[{"name":"wp","href":"https:\/\/api.w.org\/{rel}","templated":true}]}}