{"id":16224,"date":"2025-09-20T09:51:45","date_gmt":"2025-09-20T07:51:45","guid":{"rendered":"https:\/\/monde25.info\/index.php\/2025\/09\/20\/mario-draghi-appelle-la-ce-a-simplifier-radicalement-le-rgpd-pour-accelerer-le-developpement-de-lia\/"},"modified":"2025-09-20T09:51:45","modified_gmt":"2025-09-20T07:51:45","slug":"mario-draghi-appelle-la-ce-a-simplifier-radicalement-le-rgpd-pour-accelerer-le-developpement-de-lia","status":"publish","type":"post","link":"https:\/\/monde25.info\/index.php\/2025\/09\/20\/mario-draghi-appelle-la-ce-a-simplifier-radicalement-le-rgpd-pour-accelerer-le-developpement-de-lia\/","title":{"rendered":"Mario Draghi appelle la CE \u00e0 \u201csimplifier radicalement\u201d le RGPD pour acc\u00e9l\u00e9rer le d\u00e9veloppement de l\u2019IA"},"content":{"rendered":"<p> <br \/>\n<\/p>\n<div>\n<p>Ah, Draghi &#8230; Toujours les mots qu\u2019il faut lorsqu\u2019il s\u2019agit des restrictions des libert\u00e9s ou la protection des citoyens. L\u2019ancien Premier ministre italien et \u00e9conomiste a appel\u00e9 \u00e0 \u201csimplifier radicalement\u201d le RGPD afin d\u2019acc\u00e9l\u00e9rer le d\u00e9veloppement du secteur de l\u2019IA en Europe et ne pas perdre du terrain face aux \u00c9tats-Unis ou la Chine. La Commission, estime-t-il, doit s\u2019attaquer aux \u201cobstacles\u201d qui emp\u00eachent l\u2019IA d\u2019acc\u00e9der aux donn\u00e9es\u2026<\/p>\n<p>Mario Draghi, ancien pr\u00e9sident de la BCE puis chef du gouvernement italien, incarne une figure souvent contest\u00e9e<span class=\"Apple-converted-space\">\u00a0 <\/span>du pouvoir technocratique europ\u00e9en. Son r\u00f4le lors de la crise grecque reste entour\u00e9 de zones d\u2019ombre, li\u00e9es notamment \u00e0 ses liens avec Goldman Sachs et \u00e0 la gestion impitoyable des plans d\u2019aust\u00e9rit\u00e9 impos\u00e9s \u00e0 Ath\u00e8nes. Il a \u00e9t\u00e9 accus\u00e9, par les responsables grecs, d\u2019incarner une forme de \u00ab\u00a0dictature financi\u00e8re\u00a0\u00bb, imposant des sacrifices sans r\u00e9elle alternative ni contr\u00f4le d\u00e9mocratique.<\/p>\n<p>Chef du gouvernement entre 2021 et 2022, c\u2019est-\u00e0-dire durant la pand\u00e9mie de Covid-19 en Italie, Draghi a consolid\u00e9 des mesures jug\u00e9es liberticides, dont l\u2019imposition du passe sanitaire pour tous les travailleurs. Une m\u00e9thode critiqu\u00e9e pour avoir marginalis\u00e9 le d\u00e9bat parlementaire et renforc\u00e9 l\u2019arbitraire administratif : couvre-feux prolong\u00e9s, fermetures de lieux publics et extension des contr\u00f4les sanitaires ont marqu\u00e9 son passage, suscitant la d\u00e9fiance d&rsquo;une partie de la soci\u00e9t\u00e9 italienne quant au recul des libert\u00e9s individuelles.<span class=\"Apple-converted-space\">\u00a0<\/span><\/p>\n<p>Ce brillant \u00e9l\u00e8ve de la Banque mondiale et du WEF, devenu, \u201cl&rsquo;insegnante\u201d de l\u2019ordre financier mondial intervenait mardi lors d\u2019une conf\u00e9rence de presse organis\u00e9e par la pr\u00e9sidente de la Commission europ\u00e9enne, Ursula von der Leyen, \u00e0 l\u2019occasion du premier anniversaire du rapport sur la comp\u00e9titivit\u00e9 europ\u00e9enne dont il est l\u2019auteur.<span class=\"Apple-converted-space\">\u00a0<\/span><\/p>\n<p>Dans son discours, il a \u00e9voqu\u00e9 les sujets d\u2019actualit\u00e9s, particuli\u00e8rement technologiques, comme l\u2019intelligence artificielle, pour critiquer, sans m\u00e2cher ses mots, la bureaucratie europ\u00e9enne, l\u2019IA Act mais surtout, un texte fondamental dans la protection des donn\u00e9es des internautes, \u00e0 savoir le r\u00e8glement g\u00e9n\u00e9ral sur la protection des donn\u00e9es (RGPD).<span class=\"Apple-converted-space\">\u00a0<\/span><\/p>\n<p>Ce membre du groupe Bilderberg, qui essuie souvent des critiques quant \u00e0 ses recommandations certes, ambitieuses, mais souvent jug\u00e9es trop g\u00e9n\u00e9rales ou \u201c\u00e9loign\u00e9es de la r\u00e9alit\u00e9\u201d politique et institutionnelle europ\u00e9enne, a appel\u00e9 \u00e0 plus de simplification dans la l\u00e9gislation europ\u00e9enne, en donnant plus de libert\u00e9 aux \u00c9tats membres dans leurs m\u00e9thodes d\u2019appliquer les r\u00e8gles aux entreprises sur leurs sols.<span class=\"Apple-converted-space\">\u00a0<\/span><\/p>\n<p><strong>Draghi veut sacrifier les donn\u00e9es priv\u00e9es sur l\u2019autel de l\u2019IA<\/strong><\/p>\n<p>Dans le contexte actuel, marqu\u00e9 par de nombreuses crises comme la guerre en Ukraine, les tensions li\u00e9es aux douanes am\u00e9ricaines ou la comp\u00e9titivit\u00e9 chinoise, tout comme l\u2019\u00e9mergence de l\u2019intelligence artificielle \u00e0 un rythme effr\u00e9n\u00e9, il estime que le Vieux continent a besoin d\u2019une \u201cnouvelle vitesse, une nouvelle ampleur et d\u2019une nouvelle intensit\u00e9. La Commission, estime-t-il, doit aboutir \u00e0 des r\u00e9sultats \u201cen quelques mois et non en plusieurs ann\u00e9es\u201d.<span class=\"Apple-converted-space\">\u00a0<\/span><\/p>\n<p>Mario Draghi estime que Bruxelles manque l\u00e9g\u00e8rement d\u2019ambition, notamment en mati\u00e8re d\u2019IA. Intervenant apr\u00e8s le discours d\u2019Ursula von der Leyen dans lequel elle a rappel\u00e9 les d\u00e9cisions europ\u00e9ennes concernant les gigafactories, il a rappel\u00e9 que l\u2019IA d\u00e9pendait d\u2019\u201cau moins quatre autres technologies\u201d, \u00e0 savoir le cloud, le supercalcul, la cybers\u00e9curit\u00e9 et la connectivit\u00e9<\/p>\n<p>Mais en plus de ces quatre secteurs, l\u2019ancien Premier ministre italien s\u2019est surtout attaqu\u00e9 au RGPD. Rappelant que l\u2019intelligence artificielle, notamment g\u00e9n\u00e9rative, se nourrit de grandes quantit\u00e9s de donn\u00e9es pour \u00eatre entra\u00een\u00e9e, il a <a target=\"_blank\" href=\"https:\/\/commission.europa.eu\/document\/download\/0951a4ff-cd1a-4ea3-bc1d-f603decc1ed9_en?filename=Draghi_Speech_High_Level_Conference_One_Year_After.pdf\">exhort\u00e9<\/a> l\u2019ex\u00e9cutif europ\u00e9en \u00e0 lever \u201cles entraves\u201d qui obstruent l\u2019acc\u00e8s \u00e0 la data. Le RGPD est, de son avis, un facteur \u201cd\u2019incertitude juridique \u00e9lev\u00e9e\u201d pour les d\u00e9veloppeurs de l\u2019IA.<span class=\"Apple-converted-space\">\u00a0<\/span><\/p>\n<p>Pourtant, c\u2019est l\u2019IA Act qui suscite les critiques des professionnels du secteur, qui jugent ce texte juridiquement ambigu et d\u00e9connect\u00e9 de la r\u00e9alit\u00e9. L\u2019Italien a bien critiqu\u00e9 cette loi, sugg\u00e9rant de suspendre la prochaine \u00e9tape de sa mise en \u0153uvre \u201cjusqu\u2019\u00e0 ce que nous comprenions mieux ses inconv\u00e9nients\u201d. Il a notamment insist\u00e9 sur le bannissement \u00e0 ce stade des utilisations \u201c\u00e0 haut risque\u201d de l\u2019IA dans des domaines sensibles comme les infrastructures critiques, comme le transport\u2026 ou la surveillance.<span class=\"Apple-converted-space\">\u00a0<\/span><\/p>\n<p>\u00a0<\/p>\n<\/div>\n<p><script>(function(d, s, id) {  var js, fjs = d.getElementsByTagName(s)[0];  if (d.getElementById(id)) return;  js = d.createElement(s); js.id = id;  js.src = \"\/\/connect.facebook.net\/fr_FR\/sdk.js#xfbml=1&version=v2.3\";  fjs.parentNode.insertBefore(js, fjs);}(document, \"script\", \"facebook-jssdk\"));<\/script><br \/>\n<br \/><br \/>\n<br \/><a href=\"https:\/\/www.francesoir.fr\/societe-science-tech\/mario-draghi-appelle-la-ce-simplifier-radicalement-le-rgpd-pour-accelerer-le\" target=\"_blank\"\">Source link <\/a><\/p>\n","protected":false},"excerpt":{"rendered":"<p>Ah, Draghi &#8230; Toujours les mots qu\u2019il faut lorsqu\u2019il s\u2019agit des restrictions des libert\u00e9s ou la protection des citoyens. L\u2019ancien Premier ministre italien et \u00e9conomiste a appel\u00e9 \u00e0 \u201csimplifier radicalement\u201d&hellip; <\/p>\n","protected":false},"author":1,"featured_media":16225,"comment_status":"open","ping_status":"open","sticky":false,"template":"","format":"standard","meta":{"footnotes":""},"categories":[1],"tags":[],"class_list":["post-16224","post","type-post","status-publish","format-standard","has-post-thumbnail","hentry","category-non-classe"],"_links":{"self":[{"href":"https:\/\/monde25.info\/index.php\/wp-json\/wp\/v2\/posts\/16224","targetHints":{"allow":["GET"]}}],"collection":[{"href":"https:\/\/monde25.info\/index.php\/wp-json\/wp\/v2\/posts"}],"about":[{"href":"https:\/\/monde25.info\/index.php\/wp-json\/wp\/v2\/types\/post"}],"author":[{"embeddable":true,"href":"https:\/\/monde25.info\/index.php\/wp-json\/wp\/v2\/users\/1"}],"replies":[{"embeddable":true,"href":"https:\/\/monde25.info\/index.php\/wp-json\/wp\/v2\/comments?post=16224"}],"version-history":[{"count":0,"href":"https:\/\/monde25.info\/index.php\/wp-json\/wp\/v2\/posts\/16224\/revisions"}],"wp:featuredmedia":[{"embeddable":true,"href":"https:\/\/monde25.info\/index.php\/wp-json\/wp\/v2\/media\/16225"}],"wp:attachment":[{"href":"https:\/\/monde25.info\/index.php\/wp-json\/wp\/v2\/media?parent=16224"}],"wp:term":[{"taxonomy":"category","embeddable":true,"href":"https:\/\/monde25.info\/index.php\/wp-json\/wp\/v2\/categories?post=16224"},{"taxonomy":"post_tag","embeddable":true,"href":"https:\/\/monde25.info\/index.php\/wp-json\/wp\/v2\/tags?post=16224"}],"curies":[{"name":"wp","href":"https:\/\/api.w.org\/{rel}","templated":true}]}}