{"id":16228,"date":"2025-09-20T10:57:43","date_gmt":"2025-09-20T08:57:43","guid":{"rendered":"https:\/\/monde25.info\/index.php\/2025\/09\/20\/leurope-face-au-refus-americain-de-partager-ses-patriot-rt-en-francais\/"},"modified":"2025-09-20T10:57:43","modified_gmt":"2025-09-20T08:57:43","slug":"leurope-face-au-refus-americain-de-partager-ses-patriot-rt-en-francais","status":"publish","type":"post","link":"https:\/\/monde25.info\/index.php\/2025\/09\/20\/leurope-face-au-refus-americain-de-partager-ses-patriot-rt-en-francais\/","title":{"rendered":"L\u2019Europe face au refus am\u00e9ricain de partager ses Patriot \u2014 RT en fran\u00e7ais"},"content":{"rendered":"<p> <br \/>\n<br \/><img decoding=\"async\" src=\"https:\/\/mf.b37mrtl.ru\/french\/images\/2025.09\/thumbnail\/68ce62f16f7ccc33392582f7.jpg\" \/><\/p>\n<div>\n<p class=\"text__summary\">\n                                        Le Pentagone restreint l\u2019acc\u00e8s des Europ\u00e9ens aux syst\u00e8mes Patriot, invoquant leur raret\u00e9 et la n\u00e9cessit\u00e9 de reconstituer les stocks am\u00e9ricains. Ce revirement, motiv\u00e9 par la logique \u00abAmerica First\u00bb, r\u00e9v\u00e8le la d\u00e9pendance strat\u00e9gique de l\u2019Europe face \u00e0 un fournisseur qui privil\u00e9gie d\u00e9sormais ses propres priorit\u00e9s.\n                                    <\/p>\n<p>Les discussions autour des syst\u00e8mes de d\u00e9fense a\u00e9rienne Patriot r\u00e9v\u00e8lent un tournant inattendu dans la politique am\u00e9ricaine vis-\u00e0-vis de l\u2019Europe. Alors que plusieurs pays europ\u00e9ens, dont le Danemark, s\u2019\u00e9taient pr\u00e9par\u00e9s \u00e0 investir dans ces batteries strat\u00e9giques, le Pentagone a brusquement chang\u00e9 de ton, <a target=\"_blank\" href=\"https:\/\/www.theatlantic.com\/national-security\/archive\/2025\/09\/arms-sale-europe-trump-colby-ukraine\/684274\/\" target=\"_blank\" rel=\"noopener noreferrer\">rapporte <em>The Atlantic<\/em><\/a>. L\u2019explication est claire : les \u00c9tats-Unis consid\u00e8rent ces \u00e9quipements comme trop rares pour \u00eatre partag\u00e9s et souhaitent r\u00e9server leurs stocks \u00e0 leurs propres besoins.<\/p>\n<p>Les diplomates europ\u00e9ens, d\u2019abord surpris par ce d\u00e9sint\u00e9r\u00eat soudain, ont compris que le probl\u00e8me d\u00e9passait le seul cas danois. Washington a dress\u00e9 une liste d\u2019armes jug\u00e9es d\u00e9ficitaires et limite d\u00e9sormais les nouvelles commandes venues du Vieux Continent. Les exemptions resteront marginales, m\u00eame pour des \u00ab\u00a0partenaires de longue date\u00a0\u00bb.<\/p>\n<p>Le Pentagone reconna\u00eet d\u2019ailleurs ne disposer que d\u2019environ 25\u00a0% des intercepteurs n\u00e9cessaires \u00e0 ses propres plans militaires, ce qui accentue la perception d\u2019une p\u00e9nurie structurelle.<\/p>\n<h2>Un syst\u00e8me vital pour la protection du continent europ\u00e9en<\/h2>\n<p>Cette raret\u00e9 n\u2019est pas anodine. Toujours d&rsquo;apr\u00e8s <em>The Atlantic<\/em>, le Patriot n\u2019a pas d\u2019\u00e9quivalent europ\u00e9en, ce qui en fait un syst\u00e8me vital pour la protection du continent. Mais les priorit\u00e9s se red\u00e9finissent \u00e0 Washington : l\u2019administration actuelle, marqu\u00e9e par l\u2019empreinte de la doctrine \u00ab\u00a0America First\u00a0\u00bb, pr\u00e9f\u00e8re reconstituer ses propres arsenaux plut\u00f4t que de r\u00e9pondre aux attentes de ses alli\u00e9s.<\/p>\n<p>Le conflit en Ukraine, tout comme l\u2019usage intensif du Patriot par Isra\u00ebl au Moyen-Orient, a vid\u00e9 les stocks plus rapidement qu\u2019anticip\u00e9. Cette situation accro\u00eet les tensions transatlantiques : l\u2019Europe d\u00e9pend d\u2019un mat\u00e9riel que son principal fournisseur ne veut plus c\u00e9der.<\/p>\n<p>Si certains responsables am\u00e9ricains insistent sur la continuit\u00e9 de la coop\u00e9ration, le message implicite est limpide : les int\u00e9r\u00eats nationaux passent avant les engagements internationaux. Pour les Europ\u00e9ens, le signal est pr\u00e9occupant, car il expose les limites d\u2019une s\u00e9curit\u00e9 encore largement adoss\u00e9e aux choix strat\u00e9giques de Washington.<\/p>\n<\/div>\n<p><br \/>\n<br \/><a href=\"https:\/\/francais.rt.com\/international\/125483-europe-face-refus-americain-partager-ses-patriots\" target=\"_blank\"\">Source link <\/a><\/p>\n","protected":false},"excerpt":{"rendered":"<p>Le Pentagone restreint l\u2019acc\u00e8s des Europ\u00e9ens aux syst\u00e8mes Patriot, invoquant leur raret\u00e9 et la n\u00e9cessit\u00e9 de reconstituer les stocks am\u00e9ricains. Ce revirement, motiv\u00e9 par la logique \u00abAmerica First\u00bb, r\u00e9v\u00e8le la&hellip; <\/p>\n","protected":false},"author":1,"featured_media":16229,"comment_status":"open","ping_status":"open","sticky":false,"template":"","format":"standard","meta":{"footnotes":""},"categories":[1],"tags":[],"class_list":["post-16228","post","type-post","status-publish","format-standard","has-post-thumbnail","hentry","category-non-classe"],"_links":{"self":[{"href":"https:\/\/monde25.info\/index.php\/wp-json\/wp\/v2\/posts\/16228","targetHints":{"allow":["GET"]}}],"collection":[{"href":"https:\/\/monde25.info\/index.php\/wp-json\/wp\/v2\/posts"}],"about":[{"href":"https:\/\/monde25.info\/index.php\/wp-json\/wp\/v2\/types\/post"}],"author":[{"embeddable":true,"href":"https:\/\/monde25.info\/index.php\/wp-json\/wp\/v2\/users\/1"}],"replies":[{"embeddable":true,"href":"https:\/\/monde25.info\/index.php\/wp-json\/wp\/v2\/comments?post=16228"}],"version-history":[{"count":0,"href":"https:\/\/monde25.info\/index.php\/wp-json\/wp\/v2\/posts\/16228\/revisions"}],"wp:featuredmedia":[{"embeddable":true,"href":"https:\/\/monde25.info\/index.php\/wp-json\/wp\/v2\/media\/16229"}],"wp:attachment":[{"href":"https:\/\/monde25.info\/index.php\/wp-json\/wp\/v2\/media?parent=16228"}],"wp:term":[{"taxonomy":"category","embeddable":true,"href":"https:\/\/monde25.info\/index.php\/wp-json\/wp\/v2\/categories?post=16228"},{"taxonomy":"post_tag","embeddable":true,"href":"https:\/\/monde25.info\/index.php\/wp-json\/wp\/v2\/tags?post=16228"}],"curies":[{"name":"wp","href":"https:\/\/api.w.org\/{rel}","templated":true}]}}