{"id":16232,"date":"2025-09-20T12:03:40","date_gmt":"2025-09-20T10:03:40","guid":{"rendered":"https:\/\/monde25.info\/index.php\/2025\/09\/20\/le-president-colombien-a-parle-de-souverainete-et-maintenant\/"},"modified":"2025-09-20T12:03:40","modified_gmt":"2025-09-20T10:03:40","slug":"le-president-colombien-a-parle-de-souverainete-et-maintenant","status":"publish","type":"post","link":"https:\/\/monde25.info\/index.php\/2025\/09\/20\/le-president-colombien-a-parle-de-souverainete-et-maintenant\/","title":{"rendered":"Le pr\u00e9sident colombien a parl\u00e9 de souverainet\u00e9. Et maintenant ?"},"content":{"rendered":"<p> <br \/>\n<\/p>\n<div style=\"word-wrap:break-word;\">\n<p>Avec une dignit\u00e9 nationale au plus bas, il pr\u00e9cisait qu\u2019il existait d\u2019autres Etasuniens ayant beaucoup de pouvoir sur le destin de la Colombie et des Colombiens\u00a0: les sous-secr\u00e9taires d\u2019\u00c9tat aux affaires politiques et \u00e0 la lutte contre le trafic de drogue, l\u2019ambassadrice de l\u2019\u00e9poque \u00e0 Bogota, le directeur de la R\u00e9serve f\u00e9d\u00e9rale, le pr\u00e9sident du sous-comit\u00e9 des op\u00e9rations internationales du S\u00e9nat et le pr\u00e9sident de la Chambre des repr\u00e9sentants. Cette liste comprenait \u00e9galement le chef de mission du FMI et le pr\u00e9sident de la Banque interam\u00e9ricaine de d\u00e9veloppement (des entit\u00e9s contr\u00f4l\u00e9es par Washington). Semana concluait, cerise sur le g\u00e2teau de l\u2019ignominie, en affirmant qu\u2019apr\u00e8s la pr\u00e9sidence colombienne, la deuxi\u00e8me \u00ab\u00a0institution\u00a0\u00bb la plus \u00ab\u00a0puissante\u00a0\u00bb, \u00e9tait \u00ab\u00a0le gouvernement des \u00c9tats-Unis\u00a0\u00bb. Derri\u00e8re venaient les Forces arm\u00e9es et le Congr\u00e8s colombien. Selon Semana, ces institutions \u00e9tasuniennes \u00e9taient \u00ab\u00a0essentielles\u00a0\u00bb au moment de d\u00e9cider \u00ab\u00a0qui m\u00e8nerait la guerre\u00a0\u00bb (contre la gu\u00e9rilla). De m\u00eame, leur \u00ab\u00a0influence\u00a0\u00bb s\u2019\u00e9tendait \u00e0 \u00ab\u00a0de nombreux domaines\u00a0\u00bb tels que la justice, les douanes et m\u00eame \u00ab\u00a0la question p\u00e9nitentiaire\u00a0\u00bb.<\/p>\n<div class=\"spip_document_39507 spip_document spip_documents spip_document_image spip_documents_center spip_document_center\">\n<figure class=\"spip_doc_inner\">\n<p>\t\t<img loading=\"lazy\" decoding=\"async\" src=\"https:\/\/www.legrandsoir.info\/local\/cache-vignettes\/L337xH361\/carte_colombie-69c01.png?1758360211\" width=\"337\" height=\"361\" alt=\"\"\/><br \/>\n<\/figure>\n<\/div>\n<p>C\u2019est l\u2019h\u00e9ritage d\u2019une nation \u00e0 genoux que le pr\u00e9sident Gustavo Petro a re\u00e7u.<\/p>\n<p>Pour une fois, Petro a abord\u00e9 le sujet et a reconnu, le 15 septembre dernier, que la Colombie \u00ab\u00a0est presque envahie\u00a0\u00bb par les forces arm\u00e9es \u00e9tasuniennes, sous pr\u00e9texte de lutter contre le trafic de drogue. Petro n\u2019a pas pr\u00e9cis\u00e9 qu\u2019une partie de cette \u00ab\u00a0invasion\u00a0\u00bb est due \u00e0 la pr\u00e9sence de huit bases militaires, o\u00f9 un lieutenant \u00e9tasunien peut donner des ordres \u00e0 un g\u00e9n\u00e9ral colombien, ou lui refuser l\u2019acc\u00e8s selon son bon vouloir\u00a0; sans compter que les forces du Pentagone peuvent utiliser n\u2019importe quelle base du pays, sur simple demande. Petro a \u00e9galement omis de mentionner que des troupes de plusieurs pays de l\u2019OTAN circulent sans grandes restrictions dans le pays depuis le 31 mai 2018, date \u00e0 laquelle le pr\u00e9sident de l\u2019\u00e9poque, prix Nobel de la paix et responsable de plusieurs crimes contre l\u2019humanit\u00e9 en Colombie, Juan Manuel Santos, a fini par c\u00e9der la souverainet\u00e9 au secr\u00e9taire de l\u2019OTAN, Jens Stolberg, \u00e0 Bruxelles, afin d\u2019avoir le \u00ab\u00a0m\u00e9rite\u00a0\u00bb malheureux d\u2019\u00eatre un \u00ab\u00a0partenaire global\u00a0\u00bb.<\/p>\n<p>Petro pourrait prendre le temps de parler de ces questions fondamentales, rendant ainsi un grand service aux Colombiens en leur ouvrant les yeux. La gauche et les \u00ab\u00a0progressistes\u00a0\u00bb en ont \u00e9galement besoin, et de toute urgence.<\/p>\n<p>Il est vrai que Petro a mis beaucoup de temps \u00e0 dire certaines v\u00e9rit\u00e9s \u00e0 Trump. Plus exactement, au pouvoir \u00e0 Washington. Il est vrai que cela ne doit pas \u00eatre facile dans un pays o\u00f9 les gringos ont command\u00e9 \u00e0 tous les niveaux, comme l\u2019a d\u00e9montr\u00e9 Semana, et o\u00f9 les forces militaires ont \u00e9t\u00e9 endoctrin\u00e9es et format\u00e9es depuis avril 1952 par le Pentagone. Cette ann\u00e9e-l\u00e0, la Colombie avait sign\u00e9 le Pacte d\u2019assistance militaire (PAM), le premier du genre en Am\u00e9rique latine. C\u2019est ainsi que les armes et les instructeurs ont commenc\u00e9 \u00e0 arriver, utilis\u00e9s pour combattre les premi\u00e8res gu\u00e9rillas, qui n\u2019\u00e9taient pas communistes mais appartenaient au parti lib\u00e9ral.<\/p>\n<p>Il est vrai que la Colombie a \u00e9t\u00e9 le premier pays du continent o\u00f9 la Doctrine de S\u00e9curit\u00e9 Nationale, cr\u00e9\u00e9e par le gouvernement Kennedy, fut instaur\u00e9e dans les forces arm\u00e9es, enseignant \u00e0 rechercher et \u00e0 \u00e9liminer \u00ab\u00a0l\u2019ennemi int\u00e9rieur\u00a0\u00bb, C\u2019est-\u00e0-dire l\u2019opposition politique et tout ce qui s\u2019oppose aux int\u00e9r\u00eats du grand capital. Elle a \u00e9t\u00e9 si bien apprise par les militaires et l\u2019oligarchie meurtri\u00e8re qui dirigeait le pays jusqu\u2019\u00e0 l\u2019arriv\u00e9e de Petro (elle continue toujours d\u2019exercer un pouvoir immense) qu\u2019une dictature n\u2019a jamais \u00e9t\u00e9 n\u00e9cessaire en Colombie, alors que c\u2019\u00e9tait la mode dans toute l\u2019Am\u00e9rique latine.<\/p>\n<p>Une autre r\u00e9alit\u00e9 remonte \u00e0 1941\u00a0: lorsque les \u00c9tats-Unis entr\u00e8rent dans la Seconde Guerre mondiale, ils impos\u00e8rent au gouvernement colombien le premier pacte d\u2019assistance militaire, qui leur permettait de faire passer des avions militaires sur tout le territoire, ainsi que d\u2019avoir le droit de prendre des photos a\u00e9riennes \u00e0 des fins militaires, sans restriction ni formalit\u00e9s particuli\u00e8res. Il semble que seules quelques virgules aient \u00e9t\u00e9 modifi\u00e9es dans ce \u00ab\u00a0pacte\u00a0\u00bb afin de le mettre \u00e0 jour. Ah, l\u2019oligarchie n\u2019a pas accept\u00e9 de bon gr\u00e9 ce pacte, car ses relations avec l\u2019Allemagne nazie \u00e9taient tr\u00e8s \u00e9troites\u00a0: Depuis lors, cette classe politique \u00e9tait d\u00e9j\u00e0 bien fasciste.<\/p>\n<p>\u00c0 ma connaissance, ce 15 septembre est la premi\u00e8re fois que Petro se lance dans une demande pour que Washington respecte la souverainet\u00e9 colombienne\u00a0; qu\u2019il prononce des mots et des phrases \u00ab\u00a0non sanctas\u00a0\u00bb contre ces d\u00e9mons qui d\u00e9cident pour l\u2019humanit\u00e9. Et il les a r\u00e9p\u00e9t\u00e9s les jours suivants. Petro avait toujours pris soin de ne pas le faire auparavant. Mais ce n\u2019est pas tout\u00a0: Petro a m\u00eame annonc\u00e9 qu\u2019il n\u2019ach\u00e8terait plus d\u2019armes aux entreprises yankees. C\u2019est vraiment surprenant. Pour autant que je m\u2019en souvienne, c\u2019est la premi\u00e8re fois qu\u2019un pr\u00e9sident colombien ose le faire. Bon, aucun autre ne s\u2019est int\u00e9ress\u00e9 \u00e0 cette \u00ab\u00a0question\u00a0\u00bb. Petro doit avoir effray\u00e9 cette droite servile, cipaye et antipatriotique.<\/p>\n<p>Petro s\u2019\u00e9tait d\u00e9j\u00e0 distingu\u00e9 au niveau international en qualifiant le gouvernement isra\u00e9lien de g\u00e9nocidaire, ce que la grande presse a repris pendant quelques jours avant de l\u2019oublier. Et il continue de le r\u00e9p\u00e9ter, m\u00eame si le syst\u00e8me de renseignement colombien reste celui qui a \u00e9t\u00e9 mis en place par ce gouvernement g\u00e9nocidaire, en vertu d\u2019un contrat conclu par les gouvernements pr\u00e9c\u00e9dents.<\/p>\n<p>Ces d\u00e9clarations de Petro sur la souverainet\u00e9 ont \u00e9t\u00e9 peu comment\u00e9es par la presse internationale. Je pense qu\u2019elles les consid\u00e8rent comme faisant partie des querelles que Trump provoque \u00e0 travers le monde. Elles les consid\u00e8rent \u00e9galement comme la r\u00e9action d\u2019un \u00ab\u00a0gauchiste\u00a0\u00bb qui commence \u00e0 \u00ab\u00a0ressembler\u00a0\u00bb \u00e0 Maduro. L\u2019important est de l\u2019ignorer ou de le d\u00e9l\u00e9gitimer.<\/p>\n<p>Petro a \u00e9voqu\u00e9 la souverainet\u00e9 lors d\u2019un Conseil des ministres, car on venait de lui annoncer que les \u00c9tats-Unis retiraient leur certification \u00e0 la Colombie, apr\u00e8s 30 ans, sous le pr\u00e9texte qu\u2019elle n\u2019en avait pas assez fait pour contr\u00f4ler la production de plants de coca et la sortie de la coca\u00efne. Bien qu\u2019il ne se soit pas \u00e9tendu sur le sujet, le peu qu\u2019il a dit \u00e9tait pr\u00e9cis, et vous pouvez le voir dans cette vid\u00e9o o\u00f9 j\u2019ai plac\u00e9 les extraits sur le sujet, mais en espagnol (1)<\/p>\n<p>Sa r\u00e9action \u00e9tait \u00e9galement motiv\u00e9e par le blocus naval ordonn\u00e9 par Trump dans les Cara\u00efbes, pr\u00e9tendument dans le but, selon son perroquet belliciste et chef du d\u00e9partement d\u2019\u00c9tat, Marco Rubio, d\u2019emp\u00eacher la sortie de la coca\u00efne qui, selon le r\u00e9cit invent\u00e9, proviendrait du Venezuela.<\/p>\n<p>Dans un article pr\u00e9c\u00e9dent, j\u2019ai dit que chaque jour, ce d\u00e9placement naval, incluant un sous-marin nucl\u00e9aire, co\u00fbtait au contribuable \u00e9tasunien entre 7 et 10 millions de dollars par jour. Je me suis tromp\u00e9, et de beaucoup\u00a0: pr\u00e8s de 50 millions de dollars, selon un responsable militaire \u00e0 Washington. Et jusqu\u2019\u00e0 pr\u00e9sent, le r\u00e9sultat, selon Trump et Rubio, est plus que ridicule\u00a0: trois petits bateaux coul\u00e9s par des missiles, qui co\u00fbtent plusieurs millions. Alors que 80\u00a0% de la coca\u00efne sort par le Pacifique, en particulier depuis l\u2019\u00c9quateur, un pays tr\u00e8s ami des \u00c9tats-Unis (ces derni\u00e8res ann\u00e9es plusieurs bateaux intercept\u00e9s transportaient de la coca\u00efne dans des cargaisons de bananes appartenant \u00e0 la famille du pr\u00e9sident \u00e9quatorien, M.\u00a0Noboa) (2).<\/p>\n<p>Ces derniers jours, Petro semble pr\u00e9occup\u00e9 par une possible agression contre le Venezuela. Il l\u2019a exprim\u00e9 comme jamais auparavant. Et comme aucun autre pr\u00e9sident. Petro doit s\u00fbrement savoir que si Washington d\u00e9cide d\u2019attaquer le pays bolivarien, la Colombie sera contrainte de le suivre. Il doit s\u00fbrement savoir que s\u2019il refuse d\u2019accepter cet ordre, voici ce qui pourrait se passer\u00a0: son h\u00e9licopt\u00e8re pourrait s\u2019\u00e9craser, une vieille pratique de la CIA\u00a0; ou les forces arm\u00e9es colombiennes pourraient organiser un coup d\u2019\u00c9tat, car elles restent bien endoctrin\u00e9es et li\u00e9es \u00e0 Washington. Et il est difficile pour elles, ou du moins pour la majorit\u00e9 d\u2019entre elles, de refuser d\u2019ob\u00e9ir \u00e0 celui qui a \u00e9t\u00e9 comme leur \u00ab\u00a0p\u00e8re naturel\u00a0\u00bb.<\/p>\n<p>Il se peut \u00e9galement que les \u00c9tats-Unis utilisent les nombreuses bases qu\u2019ils poss\u00e8dent sur le territoire colombien et, sans demander l\u2019autorisation du pr\u00e9sident de la R\u00e9publique, se lancent contre le Venezuela avec leurs grands partenaires\u00a0: les paramilitaires, de nombreux militaires colombiens, ainsi que les forces de l\u2019OTAN. L\u00e2ches comme ils sont, les \u00c9tats-Unis n\u2019attaqueraient pas seuls.<\/p>\n<p>Cette d\u00e9certification pourrait \u00eatre une premi\u00e8re \u00e9tape pour diaboliser Petro\u00a0: il ne fait rien pour combattre le \u00ab\u00a0poison de l\u2019humanit\u00e9 et des \u00c9tats-Unis\u00a0\u00bb, comme le r\u00e9p\u00e8tent Trump et Rubio. Sans tenir compte du fait que ce gouvernement a r\u00e9alis\u00e9 les plus importantes saisies de coca\u00efne, car avec les gouvernements pr\u00e9c\u00e9dents, en particulier depuis le plan Colombie de 2000, qui \u00e9tait cens\u00e9 \u00e9radiquer le trafic de drogue, la production et l\u2019exportation ont augment\u00e9 de mani\u00e8re incroyable\u00a0: et dans un pays quasiment envahi, comme l\u2019a dit Petro.<\/p>\n<p>La Colombie est un grand pays, merveilleux, regorgeant de tr\u00e9sors dont seuls quelques-uns profitent \u00e0 l\u2019int\u00e9rieur. Et les \u00c9tats-Unis et des autres puissances les leur volent. Petro a enfin parl\u00e9 de souverainet\u00e9. Esp\u00e9rons qu\u2019il fasse quelque chose de concret pour la rendre \u00e0 la Colombie et aux Colombiens. Il serait bon qu\u2019il commence par demander aux envahisseurs de partir, avant qu\u2019ils ne le renversent ou ne l\u2019assassinent, ce qui revient presque au m\u00eame. Esp\u00e9rons que les forces arm\u00e9es colombiennes le soutiendront dans cette d\u00e9marche et que je doive retirer mes propos selon lesquels elles restent \u00e9troitement li\u00e9es au Pentagone. Je le ferais avec grand plaisir. Et je suis s\u00fbr que nous serions nombreux \u00e0 le faire.<\/p>\n<p><strong>Hernando Calvo Ospina<\/strong><\/p>\n<p>1) <a target=\"_blank\" href=\"https:\/\/www.youtube.com\/watch?v=wFg7Ecrze1s\" class=\"spip_url spip_out auto\" rel=\"nofollow external\">https:\/\/www.youtube.com\/watch?v=wFg7Ecrze1s<\/a><\/p>\n<p>2) <a target=\"_blank\" href=\"https:\/\/www.legrandsoir.info\/une-autoroute-de-cocaine-vers-l-europe-que-washington-prefere-ignorer.html\" class=\"spip_url auto\" rel=\"nofollow\">https:\/\/www.legrandsoir.info\/une-autoroute-de-cocaine-vers-l-europe-que-washington-prefere-ignorer.html<\/a><\/p>\n<\/div>\n<p><br \/>\n<br \/><a href=\"https:\/\/www.legrandsoir.info\/le-president-colombien-a-parle-de-souverainete-et-maintenant.html\" target=\"_blank\"\">Source link <\/a><\/p>\n","protected":false},"excerpt":{"rendered":"<p>Avec une dignit\u00e9 nationale au plus bas, il pr\u00e9cisait qu\u2019il existait d\u2019autres Etasuniens ayant beaucoup de pouvoir sur le destin de la Colombie et des Colombiens\u00a0: les sous-secr\u00e9taires d\u2019\u00c9tat aux&hellip; <\/p>\n","protected":false},"author":1,"featured_media":16233,"comment_status":"open","ping_status":"open","sticky":false,"template":"","format":"standard","meta":{"footnotes":""},"categories":[1],"tags":[],"class_list":["post-16232","post","type-post","status-publish","format-standard","has-post-thumbnail","hentry","category-non-classe"],"_links":{"self":[{"href":"https:\/\/monde25.info\/index.php\/wp-json\/wp\/v2\/posts\/16232","targetHints":{"allow":["GET"]}}],"collection":[{"href":"https:\/\/monde25.info\/index.php\/wp-json\/wp\/v2\/posts"}],"about":[{"href":"https:\/\/monde25.info\/index.php\/wp-json\/wp\/v2\/types\/post"}],"author":[{"embeddable":true,"href":"https:\/\/monde25.info\/index.php\/wp-json\/wp\/v2\/users\/1"}],"replies":[{"embeddable":true,"href":"https:\/\/monde25.info\/index.php\/wp-json\/wp\/v2\/comments?post=16232"}],"version-history":[{"count":0,"href":"https:\/\/monde25.info\/index.php\/wp-json\/wp\/v2\/posts\/16232\/revisions"}],"wp:featuredmedia":[{"embeddable":true,"href":"https:\/\/monde25.info\/index.php\/wp-json\/wp\/v2\/media\/16233"}],"wp:attachment":[{"href":"https:\/\/monde25.info\/index.php\/wp-json\/wp\/v2\/media?parent=16232"}],"wp:term":[{"taxonomy":"category","embeddable":true,"href":"https:\/\/monde25.info\/index.php\/wp-json\/wp\/v2\/categories?post=16232"},{"taxonomy":"post_tag","embeddable":true,"href":"https:\/\/monde25.info\/index.php\/wp-json\/wp\/v2\/tags?post=16232"}],"curies":[{"name":"wp","href":"https:\/\/api.w.org\/{rel}","templated":true}]}}