{"id":16245,"date":"2025-09-20T16:28:04","date_gmt":"2025-09-20T14:28:04","guid":{"rendered":"https:\/\/monde25.info\/index.php\/2025\/09\/20\/echange-de-courriers-entre-des-militants-pro-palestiniens-et-le-ministre-belge-des-affaires-etrangeres\/"},"modified":"2025-09-20T16:28:04","modified_gmt":"2025-09-20T14:28:04","slug":"echange-de-courriers-entre-des-militants-pro-palestiniens-et-le-ministre-belge-des-affaires-etrangeres","status":"publish","type":"post","link":"https:\/\/monde25.info\/index.php\/2025\/09\/20\/echange-de-courriers-entre-des-militants-pro-palestiniens-et-le-ministre-belge-des-affaires-etrangeres\/","title":{"rendered":"Echange de courriers entre des militants pro-palestiniens et le Ministre belge des Affaires \u00e9trang\u00e8res"},"content":{"rendered":"<p> <br \/>\n<\/p>\n<div id=\"\">\n<p>Madame, Monsieur,<\/p>\n<p>Merci pour votre courriel.<\/p>\n<p>Vous \u00eates nombreux \u00e0 m\u2019\u00e9crire \u00e0 propos de la situation \u00e0 Gaza et du conflit entre la Palestine et Isra\u00ebl, conflit qui a atteint des sommets d\u2019horreur inacceptables. Votre indignation est l\u00e9gitime\u00a0; je suis moi-m\u00eame profond\u00e9ment choqu\u00e9 par la situation sur place, et interpell\u00e9 aussi par ses cons\u00e9quences en Belgique.<\/p>\n<p> C\u2019est une \u00e9vidence, que je m\u2019\u00e9tonne de devoir parfois rappeler \u00e0 certains responsables politiques\u00a0: face aux \u00e9v\u00e8nements, nous avons une obligation l\u00e9gale et un devoir moral d\u2019agir. Y compris pour \u00e9viter la survenance d\u2019un g\u00e9nocide. C\u2019est ce que je fais, jour et nuit, avec mes \u00e9quipes, dans l\u2019exercice des responsabilit\u00e9s qui m\u2019ont \u00e9t\u00e9 confi\u00e9es. Et je suis loin d\u2019\u00eatre le seul\u00a0: des centaines de milliers de personnes, en Belgique et \u00e0 travers le monde, se mobilisent. Pas toujours en faveur d\u2019un camp en particulier, mais pour la paix entre Palestiniens et Isra\u00e9liens.<\/p>\n<p>Je travaille activement, depuis ma prise de fonction en tant que Vice-Premier ministre et Ministre des Affaires \u00e9trang\u00e8res, afin que la Belgique maintienne le respect du droit international, par toutes les parties, comme le socle intouchable et in\u00e9branlable de notre politique de relations ext\u00e9rieures. Il est au c\u0153ur de la diplomatie belge et tant que je serai l\u00e0, il le restera. Ce que je dis dans les m\u00e9dias, c\u2019est exactement ce que je plaide au niveau de l\u2019Union europ\u00e9enne et des Nations Unies, c\u2019est aussi ce que je dis \u00e0 mes homologues d\u2019autres pays quand je les rencontre\u00a0:\u00a0ma position est claire, ferme et c\u2019est d\u00e9sormais celle du gouvernement belge.<\/p>\n<p>Ceux qui disent que la Belgique ne peut faire aucune diff\u00e9rence ont tort et manquent de courage. Nous sommes conscients de nos limites, mais nous pouvons et nous devons agir autant que possible, seuls et ensemble avec nos partenaires, pour all\u00e9ger les souffrances et faire revenir la paix au Moyen-Orient. C\u2019est l\u2019addition des initiatives \u00e9tatiques et citoyennes qui pourra atteindre une masse critique de r\u00e9actions susceptible d\u2019entra\u00eener sans cesse plus de pays et d\u2019accro\u00eetre la pression sur le gouvernement isra\u00e9lien pour qu\u2019il cesse ses exactions inhumaines en violation totale du droit international.<\/p>\n<p>Le Hamas est \u00e9videmment un groupe terroriste qui a commis des actes ignobles le 7 octobre 2023. Nous faisons tout pour qu\u2019il lib\u00e8re les otages, qu\u2019il soit d\u00e9sarm\u00e9, et qu\u2019il ne joue aucun r\u00f4le dans la gestion ni de la bande de Gaza ni du futur Etat de Palestine. Nous luttons contre le Hamas, notamment via des sanctions fortes et cibl\u00e9es prises aux niveaux national et europ\u00e9en. La pression sur les leaders du Hamas doit se poursuivre et s\u2019accentuer, c\u2019est aussi l\u2019un des messages que nous relayons \u00e0 nos partenaires internationaux.<\/p>\n<p>Isra\u00ebl a le droit d\u2019exister, tout comme la Palestine, et les deux peuples ont le droit de vivre en s\u00e9curit\u00e9, c\u00f4te \u00e0 c\u00f4te, de mani\u00e8re apais\u00e9e. Mais Isra\u00ebl a aussi l\u2019obligation de respecter le droit international. Or, il y a peu de doutes aujourd\u2019hui sur le fait que la r\u00e9action du gouvernement Netanyahu est tout \u00e0 fait disproportionn\u00e9e, extr\u00eamement loin de toute notion de l\u00e9gitime d\u00e9fense, et que des violations graves du droit international humanitaire sont commises \u00e0 Gaza, ainsi que dans le reste du Territoire palestinien occup\u00e9, en Cisjordanie et \u00e0 J\u00e9rusalem Est. La Belgique condamne fermement ces violations, dont certaines emportent des crimes de guerre, et enjoint Isra\u00ebl \u00e0 cesser imm\u00e9diatement ses vell\u00e9it\u00e9s expansionnistes. Vouloir occuper militairement toute la bande de Gaza, relancer de nouvelles colonies ill\u00e9gales ou annexer la Cisjordanie est totalement inacceptable\u00a0!<\/p>\n<p>J\u2019ai plaid\u00e9 avec force aupr\u00e8s de mes coll\u00e8gues du gouvernement pour que des actes concrets et forts soient pos\u00e9s en mati\u00e8re de sanctions \u00e0 l\u2019\u00e9gard du gouvernement isra\u00e9lien afin qu\u2019il cesse de priver les Palestiniens de l\u2019aide humanitaire dont ils ont urgemment besoin. Et pour que nous progressions aussi sur la question de la reconnaissance de l\u2019Etat palestinien. Je suis ravi que notre gouvernement, \u00e0 mon initiative, ait pu d\u00e9sormais d\u00e9finir une politique parmi les plus fermes de tous les pays europ\u00e9ens. Vous pouvez retrouver le d\u00e9tail de nos d\u00e9cisions ici\u00a0: Moyen-Orient, la souverainet\u00e9 palestinienne &#8211; Accord au sein du Conseil minist\u00e9riel restreint | Maxime Pr\u00e9vot<\/p>\n<p>La seule fois que le gouvernement isra\u00e9lien a un peu am\u00e9lior\u00e9 l\u2019acc\u00e8s humanitaire \u00e0 Gaza, c\u2019est quand nous avons menac\u00e9 de prendre des sanctions au niveau europ\u00e9en. L\u2019UE est le principal partenaire commercial d\u2019Isra\u00ebl et un acteur politique efficace, quand elle parvient \u00e0 prendre des d\u00e9cisions fortes. Mais nous avons bien d\u00fb constater que les maigres engagements formul\u00e9s par Isra\u00ebl n\u2019ont pas \u00e9t\u00e9 tenus. C\u2019est la raison pour laquelle nous estimons qu\u2019une r\u00e9action europ\u00e9enne d\u2019ampleur est indispensable pour maximiser l\u2019impact sur le terrain et sur le gouvernement isra\u00e9lien. Je ne peux que regretter les dissensions existantes entre les 27 Etats membres qui emp\u00eachent \u00e0 ce jour la prise de d\u00e9cision pour des sanctions significatives, \u00e9rodant un peu plus chaque semaine qui passe la cr\u00e9dibilit\u00e9 de la politique internationale de l\u2019Europe. N\u00e9anmoins, le gouvernement belge a d\u00e9cid\u00e9 de voter toutes les sanctions possibles que l\u2019Europe voudra bien proposer et mettre sur la table. Et nous continuerons de plaider pour ces mesures, parmi lesquelles la suspension partielle ou compl\u00e8te de l\u2019accord d\u2019association entre l\u2019UE et Isra\u00ebl.<\/p>\n<p>M\u00eame si l\u2019UE est le niveau le plus pertinent pour prendre des mesures \u00e0 fort impact, la Belgique doit prendre ses responsabilit\u00e9s \u00e0 son niveau et ne pas utiliser l\u2019Europe comme paravent de ses propres initiatives. C\u2019est pourquoi j\u2019ai obtenu que le gouvernement belge prenne aussi des mesures au niveau national. Aujourd\u2019hui, la Belgique est dans le peloton de t\u00eate\u00a0: il n\u2019y a pas 5 pays europ\u00e9ens qui ont adopt\u00e9 des mesures aussi fermes et vari\u00e9es\u00a0!<\/p>\n<p>Il s\u2019agit notamment de sanctions \u00e0 l\u2019\u00e9gard de colons isra\u00e9liens violents et de responsables du Hamas\u00a0: restrictions financi\u00e8res, gel des avoirs, interdiction d\u2019entrer sur le territoire. Les ministres isra\u00e9liens Smotritch et Ben Gvir et les terroristes du Hamas sont <i>personae non gratae<\/i> sur le territoire belge. Nous renfor\u00e7ons l\u2019interdiction d\u2019exportation et de transit des armes \u00e0 destination d\u2019Isra\u00ebl, tout en plaidant activement pour un embargo au niveau europ\u00e9en (armes et biens \u00e0 double usage lorsque l\u2019utilisateur final est militaire). Je refuserai, aussi longtemps que la guerre se poursuit, les demandes de survol de notre espace a\u00e9rien \u00e9manant des autorit\u00e9s isra\u00e9liennes pour les vols militaires.<\/p>\n<p>La priorit\u00e9 \u00e0 court terme est un cessez-le-feu, la lib\u00e9ration des otages et l\u2019aide humanitaire, qui doit parvenir aux populations civiles \u00e0 Gaza.  J\u2019ai donc d\u00e9cid\u00e9 d\u2019allouer encore 12.5 millions d\u2019euros d\u2019aide humanitaire en plus des 7 millions d\u2019euros d\u00e9j\u00e0 d\u00e9bloqu\u00e9s pour Gaza. Cette aide permettra notamment au Comit\u00e9 international de la Croix-Rouge (CICR) d\u2019offrir protection et assistance aux personnes les plus vuln\u00e9rables, de soutenir l\u2019agence onusienne UNRWA pour soulager les r\u00e9fugi\u00e9s et d\u2019aider, sous coordination des Nations Unies, les acteurs les mieux plac\u00e9s pour r\u00e9pondre aux besoins sur le terrain. L\u2019aide est l\u00e0\u00a0:\u00a0ce qu\u2019il faut, c\u2019est qu\u2019Isra\u00ebl la laisse parvenir sans entrave \u00e0 ceux qui en ont besoin. Bloquer pareille assistance humanitaire est assimilable \u00e0 un crime de guerre. L\u2019\u00e9tat de famine a \u00e9t\u00e9 officiellement d\u00e9cr\u00e9t\u00e9 par les Nations Unies, il y a donc lieu d\u2019agir avec rapidit\u00e9 et force\u00a0; c\u2019est l\u00e0 l\u2019ambition du paquet de sanctions belges adopt\u00e9.<\/p>\n<p>Le gouvernement f\u00e9d\u00e9ral s\u2019engage par ailleurs \u00e0 poursuivre activement les \u00e9vacuations m\u00e9dicales et la prise en charge d\u2019enfants atteints de pathologies complexes qui ne peuvent \u00eatre trait\u00e9es dans la r\u00e9gion.<\/p>\n<p>Dans l\u2019attente d\u2019une mesure similaire au niveau europ\u00e9en, pour laquelle j\u2019ai plaid\u00e9 avec 9 autres Etats membres, nous pr\u00e9voyons une interdiction nationale d\u2019importation des marchandises produites, exploit\u00e9es ou transform\u00e9es dans les territoires occup\u00e9s ill\u00e9galement par Isra\u00ebl. J\u2019ai \u00e9galement convaincu le gouvernement de limiter l\u2019acc\u00e8s aux services consulaires pour les Belges qui r\u00e9sident dans ces colonies ill\u00e9gales. Nous travaillons par ailleurs au refus de visas de long s\u00e9jour en Belgique pour les colons isra\u00e9liens.<\/p>\n<p>Il ne s\u2019agit pas de punir un pays ni de stigmatiser un peuple, dont d\u2019ailleurs une large part ne cautionne pas non plus l\u2019action de son gouvernement. J\u2019insiste d\u2019ailleurs bien sur l\u2019importance de ne pas faire d\u2019amalgames\u00a0: tout Isra\u00e9lien ou Juif n\u2019est pas pour autant un fervent supporter de Benjamin Netanyahu\u00a0! Faire l\u2019amalgame est une erreur qui a malheureusement d\u00e9j\u00e0 des cons\u00e9quences regrettables, notamment sur la mont\u00e9e de l\u2019antis\u00e9mitisme. Raison pour laquelle le gouvernement a \u00e9galement d\u00e9cid\u00e9 de renforcer encore la vigilance de nos services de s\u00e9curit\u00e9 face aux menaces antis\u00e9mites et de poursuivre plus activement toute glorification des actes terroristes du 7 octobre 2023.<\/p>\n<p>La Belgique a toujours d\u00e9fendu une solution \u00e0 deux \u00c9tats. J\u2019ai toujours plaid\u00e9 moi-m\u00eame pour la reconnaissance de l\u2019Etat de Palestine, conform\u00e9ment au droit international, sans condition. Ce qui n\u2019est absolument pas une r\u00e9compense au Hamas, comme certains voudraient le faire croire. Car on reconnait le droit d\u2019un peuple \u00e0 disposer d\u2019un Etat, on ne gratifie pas un gouvernement et encore moins un groupe terroriste. Bien au contraire.<\/p>\n<p>Mais la reconnaissance d\u2019un Etat n\u2019est pas quelque chose d\u2019automatique, c\u2019est un acte politique. Et \u00e0 ce titre, il envoie un signal que l\u2019on ne peut pas risquer de voir instrumentalis\u00e9.<\/p>\n<p>Apr\u00e8s d\u2019intenses n\u00e9gociations pendant lesquelles les membres du gouvernement ont pris leurs responsabilit\u00e9s, nous sommes parvenus \u00e0 une position de compromis qui soit \u00e0 la fois forte et coh\u00e9rente\u00a0: la Belgique a d\u00e9cid\u00e9 d\u2019envoyer un signal politique et diplomatique fort en se joignant aux nations annon\u00e7ant la reconnaissance de l\u2019\u00c9tat de Palestine en marge de la semaine de haut niveau de l\u2019Assembl\u00e9e g\u00e9n\u00e9rale des Nations Unies, ce lundi 22 septembre 2025. Nous proclamerons la l\u00e9gitimit\u00e9 des Palestiniens \u00e0 disposer d\u2019un Etat, que nous reconna\u00eetrons politiquement. Nous avons d\u2019ailleurs vot\u00e9 favorablement la D\u00e9claration de New-York, issue de l\u2019initiative franco-saoudienne, tra\u00e7ant le chemin pour l\u2019atteinte d\u2019une solution \u00e0 deux Etats. Mais pour que celle-ci puisse voir le jour, cela postule, comme le nom l\u2019indique, qu\u2019il puisse bien y avoir deux Etats\u00a0! Et donc que celui de la Palestine doit \u00eatre soutenu et reconnu pour envoyer un message diplomatique clair \u00e0 Isra\u00ebl et faire rempart \u00e0 ses volont\u00e9s d\u2019annexion.<\/p>\n<p>La Belgique n\u2019a toutefois d\u00e9cid\u00e9 de formaliser l\u00e9galement cette reconnaissance par voie d\u2019arr\u00eat\u00e9 royal qu\u2019une fois que le dernier otage aura \u00e9t\u00e9 lib\u00e9r\u00e9 et que les organisations terroristes telles que le Hamas auront \u00e9t\u00e9 \u00e9cart\u00e9es de la gestion de la Palestine, afin que cette formalisation puisse servir de levier. Nous avons d\u00e9j\u00e0 des relations diplomatiques avec l\u2019Autorit\u00e9 palestinienne, mais la mise en \u0153uvre de relations traditionnelles d\u2019Etat \u00e0 Etat avec le nouvel \u00c9tat de Palestine se fera au rythme de l\u2019atteinte progressive des objectifs de la D\u00e9claration de New York.<\/p>\n<p>La position belge a \u00e9t\u00e9 salu\u00e9e par de nombreux pays dans le monde, en raison de son volontarisme, de l\u2019ampleur des sanctions prises et de son message clair de reconnaissance de l\u2019Etat palestinien, sans pour autant constituer un ch\u00e8que en blanc.<\/p>\n<p>Je vous remercie encore pour votre int\u00e9r\u00eat en faveur de la paix et de m\u2019interpeller sur ces questions importantes. Sachez qu\u2019elles m\u2019occupent \u00e0 temps plein et qu\u2019elles resteront pour moi des priorit\u00e9s, que vous m\u2019ayez interpell\u00e9 en tant que ministre, en tant que membre des Engag\u00e9s, ou en tant que citoyen. Plus que jamais, c\u2019est l\u2019humain d\u2019abord\u00a0!<\/p>\n<p>Cordialement,<\/p>\n<p><strong>Maxime Pr\u00e9vot &#8211;<\/strong><\/p>\n<p>Et voici donc la n\u00f4tre\u00a0:<\/p>\n<p>A l\u2019attention du Ministre belge des Affaires \u00e9trang\u00e8res, Maxime Pr\u00e9vot<\/p>\n<p>Monsieur le Ministre,<\/p>\n<p>je vous sais gr\u00e9 de figurer dans votre liste de citoyens auxquels vous avez envoy\u00e9 votre (longue) r\u00e9ponse suite \u00e0 la signature d\u2019une p\u00e9tition concernant le g\u00e9nocide \u2013\u00a0d\u00e9sign\u00e9 comme tel par les plus hautes instances internationales dont vous vous r\u00e9f\u00e9rez \u2013\u00a0en cours \u00e0 Gaza par le r\u00e9gime de terreur isra\u00e9lien, et non du risque de <i>\u2019\u2019survenance de g\u00e9nocide\u2019\u2019<\/i> comme vous l\u2019\u00e9crivez.<\/p>\n<p>Il y aurait tant \u00e0 dire et \u00e0 redire \u00e0 votre courrier, que je ne sais pas o\u00f9 commencer. J\u2019essaierai donc d\u2019\u00eatre plus concis que vous, et vous r\u00e9pondrai sur quelques points. Aussi, vous dirai-je d\u2019embl\u00e9e, n\u2019ayez pas peur des mots Monsieur le Ministre\u00a0:\u00a0il n\u2019est pas question d\u2019un \u00ab\u00a0conflit\u00a0\u00bb entre la Palestine et Isra\u00ebl, mais d\u2019une entreprise d\u2019\u00e9puration ethnique, d\u00e9nonc\u00e9e et document\u00e9e de longue date, par des historiens parmi les plus respectables auxquels je vous renvoie \u2013\u00a0si vraiment la question vous travaille autant que vous semblez le dire \u2013\u00a0devenue par la complicit\u00e9 occidentale, le g\u00e9nocide dramatique que l\u2019on voit sous nos yeux, sans que personne aujourd\u2019hui ne veuille l\u2019arr\u00eater.<\/p>\n<p>Puisqu\u2019il semble d\u2019apr\u00e8s vos dires, que vous travailliez <i>\u201c\u00a0activement afin que la Belgique maintienne le respect du Droit international (&#8230;) comme socle intouchable et in\u00e9branlable de sa politique internationale (&#8230;) au c\u0153ur de la diplomatie belge\u2019\u2019<\/i> tant que vous serez en fonction, allons-y voir.<\/p>\n<p>Vous d\u00e9clarez\u00a0:<i>\u00a0\u201c\u00a0Le Hamas est \u00e9videmment un groupe terroriste qui a commis des actes ignobles le 7 octobre 2023. Nous faisons tout pour qu\u2019il lib\u00e8re les otages, qu\u2019il soit d\u00e9sarm\u00e9, et qu\u2019il ne joue aucun r\u00f4le dans la gestion ni de la bande de Gaza ni du futur Etat de Palestine. Nous luttons contre le Hamas, notamment via des sanctions fortes et cibl\u00e9es prises aux niveaux national et europ\u00e9en. La pression sur les leaders du Hamas doit se poursuivre et s\u2019accentuer, c\u2019est aussi l\u2019un des messages que nous relayons \u00e0 nos partenaires internationaux\u2019\u2019.<\/i><\/p>\n<p>Or, que dit le Droit international dans le cas de figure pr\u00e9sent\u00a0?<\/p>\n<p>La R\u00e9solution 2621 XXV, du 12.10.1970 des Nations Unies affirme <i>\u00ab\u00a0le droit inh\u00e9rent des peuples coloniaux de lutter <strong>par tous les moyens n\u00e9cessaires<\/strong> contre les puissances coloniales qui r\u00e9priment leur aspiration \u00e0 la libert\u00e9 et \u00e0 l\u2019ind\u00e9pendance.\u00a0\u00bb Cette l\u00e9gitimation du droit \u00e0 la r\u00e9sistance est confort\u00e9e par l\u2019article 1er \u00a74 du premier protocole additionnel de Gen\u00e8ve du 08.06.1977 aux termes duquel, parmi les conflits arm\u00e9s internationaux, figurent ceux \u00ab\u00a0dans lesquels les peuples luttent contre la domination coloniale et l\u2019occupation \u00e9trang\u00e8re et contre les r\u00e9gimes racistes dans l\u2019exercice du droit des peuples \u00e0 disposer d\u2019eux-m\u00eames,&#8230;\u00a0\u00bb<\/i>.<\/p>\n<p>J\u2019ajoute que, comme vous l\u2019\u00e9crivez plus loin, vous pouvez bien traiter le Hamas de terroriste, je vous signale que les Etats qui font de telles d\u00e9clarations sont tr\u00e8s minoritaires dans le monde par rapport \u00e0 ceux qui ne m\u00e9langent pas les choses. En effet, je vous rappelle que les \u00e9lections qui ont port\u00e9 le Hamas au pouvoir dans la Bande de Gaza, ont \u00e9t\u00e9 supervis\u00e9es par des commissaires ext\u00e9rieurs au nombre desquels des Europ\u00e9ens et des Am\u00e9ricains, d\u00e9clarant qu\u2019elles s\u2019\u00e9taient d\u00e9roul\u00e9es de mani\u00e8re \u00ab\u00a0d\u00e9mocratique\u00a0\u00bb pour utiliser le terme sacr\u00e9 de l\u2019occident. Et si donc, apr\u00e8s de nouvelles \u00e9lections\u00a0\u2013\u00a0tr\u00e8s hypoth\u00e9tiques dans le cadre actuel\u00a0\u2013\u00a0les citoyens de Gaza portaient une nouvelle fois le Hamas au pouvoir, que leur diriez-vous\u00a0? Qu\u2019ils ont mal vot\u00e9\u00a0? Et vous n\u2019\u00eates pas sans savoir que si l\u2019actuel Pr\u00e9sident Mahmud Abbas devait organiser des \u00e9lections en Cisjordanie, c\u2019est sans doute le Hamas qui devancerait le Fatah&#8230; et quoi, l\u00e0 aussi vous direz que les Palestiniens se sont tromp\u00e9s\u00a0? Monsieur le Ministre, nous ne sommes plus \u00e0 l\u2019\u00e8re coloniale, un peu de s\u00e9rieux, svp.<\/p>\n<p>Par ailleurs, depuis que des puissances \u00e9trang\u00e8res s\u2019occupent de dire et dicter \u00e0 la Palestine ce qu\u2019elle devrait \u00eatre, ne pensez-vous pas que ces interventions de type coloniales doivent imp\u00e9rativement cesser\u00a0?! Les Palestiniens vous disent-ils ce qu\u2019il faudrait que soit la Belgique qui se d\u00e9chire r\u00e9guli\u00e8rement sur des questions linguistiques, et n\u2019est pas capable de nommer un gouvernement \u00e0 Bruxelles, des mois apr\u00e8s les \u00e9lections\u00a0?! Il y a urgence \u00e0 revoir ce type de r\u00e9flexe Monsieur le Ministre. Et la premi\u00e8re chose \u00e0 faire\u00a0\u2013\u00a0si vous vous pr\u00e9occupez vraiment du sort des Palestiniens, comme vous l\u2019affirmez\u00a0\u2013\u00a0est de leur demander en priorit\u00e9 leur avis, et non celui de vos pairs \u00e9trangers sur ce qu\u2019il convient de leur imposer.<\/p>\n<p>Vos longues phrases \u00e0 propos de l\u2019aide humanitaire que vous d\u00e9clarer d\u00e9fendre <i>\u201c\u00a0avec force\u00a0\u201d<\/i> aupr\u00e8s de vos coll\u00e8gues du gouvernement masque en r\u00e9alit\u00e9 le n\u0153ud du probl\u00e8me qui \u00e0 la base n\u2019est pas humanitaire, mais politique, ce qui vous renvoie directement \u00e0 vous-m\u00eame. Et vous le savez tr\u00e8s bien. Alors, certes, en ces temps de g\u00e9nocide orchestr\u00e9 par un r\u00e9gime de terreur, il y a \u00e9videmment un probl\u00e8me humanitaire des plus grave qui se pose puisque l\u2019impunit\u00e9 laiss\u00e9e \u00e0 ce r\u00e9gime par vos complicit\u00e9s, lui ont permis d\u2019en arriver jusqu\u2019\u00e0 bloquer toute aide \u00e9l\u00e9mentaire, bombardant les h\u00f4pitaux, et jusqu\u2019aux infrastructures de l\u2019UNRWA, et aboutissant \u00e0 une famine qui d\u00e9cime jour apr\u00e8s jour les plus faibles d\u2019entre les citoyens palestiniens.<\/p>\n<p>Un peu plus loin vous d\u00e9clarez\u00a0: <i>\u201c\u00a0Le gouvernement belge a d\u00e9cid\u00e9 de voter toutes les sanctions possibles que l\u2019Europe voudra bien proposer et mettre sur la table. Et nous continuerons de plaider pour ces mesures, parmi lesquelles la suspension partielle ou compl\u00e8te de l\u2019accord d\u2019association entre l\u2019UE et Isra\u00ebl\u00a0\u201d.<\/i><\/p>\n<p>S\u00e9rieusement, Monsieur le Ministre, votre gouvernement a-t-il besoin d\u2019autorisations ext\u00e9rieures pour certaines d\u00e9cisions qui seraient, elles, autre chose que de simples menaces verbales \u00e0 l\u2019encontre du r\u00e9gime colonial isra\u00e9lien\u00a0?! Vous trouvez que les choses ne sont pas all\u00e9es assez loin, et lui laissez encore de la marge\u00a0? Combien de morts et de destructions suppl\u00e9mentaires vous faudra-t-il pour que vous passiez de la parole aux actes\u00a0? Voulez-vous une liste de ce que vous pourriez entreprendre de suite, sans avoir besoin d\u2019interroger d\u2019autres acteurs europ\u00e9ens pour agir\u00a0? Bloquer tout envoi d\u2019armes\u00a0\u2013\u00a0comme il y a d\u00e9j\u00e0 longtemps que la Belgique aurait pu\/d\u00fb le faire\u00a0; ne plus recevoir aucun \u00e9lu isra\u00e9lien sur le sol belge\u00a0; refuser toute participation isra\u00e9lienne \u00e0 tout \u00e9v\u00e8nement sportif et culturel\u00a0; rompre toute collaboration universitaire\u00a0d\u00e9noncer l\u2019Accord d\u2019association enti\u00e8rement\u00a0\u2013\u00a0et non en partie\u00a0\u2013\u00a0comme plusieurs ONG le pr\u00e9conisent depuis longtemps\u00a0; prendre des sanctions comme vous en prenez avec z\u00e8le contre la Russie pour soutenir un Etat d\u2019Ukro-nazis\u00a0; geler les avoirs isra\u00e9liens en Belgique\u00a0; renvoyer le personnel consulaire\u00a0; etc. En lieu et place de demi-mesures ou de mesurettes que vous pr\u00e9sentez comme <i>\u201c\u00a0fermes\u00a0\u201d.<\/i><\/p>\n<p>Vous en prendre aux <i>\u201c\u00a0colons violents\u00a0\u201d<\/i>\u00a0\u2013\u00a0et les autres\u00a0?, ceux qui ne sont pas violents selon vos crit\u00e8res, mais n\u2019en restent pas moins des colons quand m\u00eame, ce qui est d\u00e8s le d\u00e9part une posture de violence, et contraire au Droit international qui vous semble si cher\u00a0\u2013\u00a0et au Hamas est de la gesticulation facile. Ce sont des mots et des formules creuses. Qui en r\u00e9alit\u00e9, ne vous engage \u00e0 rien.<\/p>\n<p>Je ne m\u2019\u00e9tendrai pas sur vos paragraphes qui traitent du danger d\u2019assimilation entre sionisme et anti-s\u00e9mitisme, tout citoyen quelque peu s\u00e9rieux et engag\u00e9 dans la protection du peuple palestinien a depuis longtemps r\u00e9gl\u00e9 cette affaire. C\u2019est l\u00e0 aussi des phrases qui remplissent une page mais ne p\u00e8sent rien au niveau de l\u2019urgence \u00e0 traiter. En revanche, cela me permet de vous renvoyer une nouvelle fois \u00e0 vous-m\u00eame puisque vous insistez pour ne pas faire d\u2019amalgames\u00a0:\u00a0ne commettez donc pas cette erreur non plus. Un groupe de r\u00e9sistance reconnu par le Droit international n\u2019est pas assimilable \u00e0 un mouvement terroriste\u00a0! Prenez garde Monsieur le Ministre. Soyez coh\u00e9rent et ne versez pas, vous non plus, dans une \u00ab\u00a0justice \u00e0 g\u00e9om\u00e9trie variable\u00a0\u00bb, parce que c\u2019est pr\u00e9cis\u00e9ment cela que les citoyens du monde entier ne tol\u00e8rent plus.<\/p>\n<p>Enfin, que dire sur vos paragraphes concernant votre <i>\u201c\u00a0position de compromis qui soit \u00e0 la fois forte et coh\u00e9rent\u00a0:\u00a0la Belgique a d\u00e9cid\u00e9 d\u2019envoyer un signal politique et diplomatique fort en se joignant aux nations annon\u00e7ant la reconnaissance de l\u2019\u00c9tat de Palestine en marge de la semaine de haut niveau de l\u2019AG des Nations Unies, ce lundi 22 septembre 2025. Nous proclamerons la l\u00e9gitimit\u00e9 des Palestiniens \u00e0 disposer d\u2019un Etat, que nous reconna\u00eetrons politiquement. Nous avons d\u2019ailleurs vot\u00e9 favorablement la D\u00e9claration de New-York, issue de l\u2019initiative franco-saoudienne, tra\u00e7ant le chemin pour l\u2019atteinte d\u2019une solution \u00e0 deux Etats. Mais pour que celle-ci puisse voir le jour, cela postule, comme le nom l\u2019indique, qu\u2019il puisse bien y avoir deux Etats\u00a0! (&#8230;) La Belgique n\u2019a toutefois d\u00e9cid\u00e9 de formaliser l\u00e9galement cette reconnaissance par voie d\u2019arr\u00eat\u00e9 royal qu\u2019une fois que le dernier otage aura \u00e9t\u00e9 lib\u00e9r\u00e9 et que les organisations terroristes telles que le Hamas auront \u00e9t\u00e9 \u00e9cart\u00e9es de la gestion de la Palestine, afin que cette formalisation puisse servir de levier. Nous avons d\u00e9j\u00e0 des relations diplomatiques avec l\u2019Autorit\u00e9 palestinienne, mais la mise en \u0153uvre de relations traditionnelles d\u2019Etat \u00e0 Etat avec le nouvel \u00c9tat de Palestine se fera au rythme de l\u2019atteinte progressive des objectifs de la D\u00e9claration de New York\u00a0\u201d.<\/i><\/p>\n<p>J\u2019en reste pantois, mais vous demande quand m\u00eame quelque \u00e9clairage\u00a0:\u00a0sur quelles bases g\u00e9ographiques allez-vous dans votre magnanimit\u00e9 collective accorder un Etat aux Palestiniens\u00a0? Comment ferez-vous face \u00e0 l\u2019h\u00e9g\u00e9monie des Etats-Unis sur le dossier, qui viennent encore d\u2019opposer leur \u00e9ni\u00e8me veto \u00e0 un simple cessez-le-feu propos\u00e9 par le Conseil de s\u00e9curit\u00e9 de l\u2019ONU\u00a0? Avez-vous r\u00e9ellement lu et compris les retomb\u00e9es de la D\u00e9claration franco-saoudienne initi\u00e9e \u00e0 New-York pour vous y rallier\u00a0? Et puis, sans revenir sur votre couplet \u00e0 propos du Hamas dont j\u2019ai trait\u00e9, pensez-vous s\u00e9rieusement que vos relations diplomatiques avec l\u2019Autorit\u00e9 palestinienne changeront un iota \u00e0 l\u2019affaire\u00a0? Pour rappel, son pr\u00e9sident exerce un mandat sans \u00eatre \u00e9lu, participe \u00e0 la s\u00e9curit\u00e9 des forces d\u2019occupation de son pays contre la r\u00e9sistance de sa propre population, et est d\u00e9test\u00e9 de l\u2019\u00e9crasante majorit\u00e9 du peuple qui le consid\u00e8re comme le P\u00e9tain palestinien. Bonne pioche\u00a0!<\/p>\n<p>Pour conclure, non, Monsieur le Ministre, malgr\u00e9 votre longue missive, enrob\u00e9e de propos humanitaires, vous ne me convainquez pas. Vous m\u00e9langez les plans et par ce biais, prenez les citoyens pour des ben\u00eats. Vous devriez commencer \u00e0 prendre garde \u00e0 la mont\u00e9e de la col\u00e8re populaire que l\u2019on voit enfler de toutes parts sur ce dossier br\u00fblant. Arrivera le jour o\u00f9 celle-ci se muera en rage incontr\u00f4lable, et nous ne devrez en vouloir \u00e0 personne d\u2019autre qu\u2019au personnel politique qui n\u2019a que trop tard\u00e9 \u00e0 fixer les limites au r\u00e9gime colonial isra\u00e9lien, qui d\u00e9finitivement, fait tout ce qu\u2019il veut, vu pr\u00e9cis\u00e9ment, les jongleries verbales et les menaces sans effets que vous et vos pairs produisez depuis des d\u00e9cennies, quand il e\u00fbt fallu non se montrer plus ferme, mais intransigeant et cat\u00e9gorique\u00a0!<\/p>\n<p>Ce n\u2019est assur\u00e9ment pas avec ce genre de plaidoirie que vous calmerez la rue.<\/p>\n<p>[courriel envoy\u00e9 \u00e0 info.prevot@diplobel.fed.be]<\/p>\n<p><strong>Daniel Vanhove &#8211;<\/strong><\/p>\n<p>19.09.25<\/p>\n<\/div>\n<p><br \/>\n<br \/><a href=\"https:\/\/www.legrandsoir.info\/echange-de-courriers-entre-des-militants-pro-palestiniens-et-le-ministre-belge-des-affaires-etrangeres.html\" target=\"_blank\"\">Source link <\/a><\/p>\n","protected":false},"excerpt":{"rendered":"<p>Madame, Monsieur, Merci pour votre courriel. Vous \u00eates nombreux \u00e0 m\u2019\u00e9crire \u00e0 propos de la situation \u00e0 Gaza et du conflit entre la Palestine et Isra\u00ebl, conflit qui a atteint&hellip; <\/p>\n","protected":false},"author":1,"featured_media":16246,"comment_status":"open","ping_status":"open","sticky":false,"template":"","format":"standard","meta":{"footnotes":""},"categories":[1],"tags":[],"class_list":["post-16245","post","type-post","status-publish","format-standard","has-post-thumbnail","hentry","category-non-classe"],"_links":{"self":[{"href":"https:\/\/monde25.info\/index.php\/wp-json\/wp\/v2\/posts\/16245","targetHints":{"allow":["GET"]}}],"collection":[{"href":"https:\/\/monde25.info\/index.php\/wp-json\/wp\/v2\/posts"}],"about":[{"href":"https:\/\/monde25.info\/index.php\/wp-json\/wp\/v2\/types\/post"}],"author":[{"embeddable":true,"href":"https:\/\/monde25.info\/index.php\/wp-json\/wp\/v2\/users\/1"}],"replies":[{"embeddable":true,"href":"https:\/\/monde25.info\/index.php\/wp-json\/wp\/v2\/comments?post=16245"}],"version-history":[{"count":0,"href":"https:\/\/monde25.info\/index.php\/wp-json\/wp\/v2\/posts\/16245\/revisions"}],"wp:featuredmedia":[{"embeddable":true,"href":"https:\/\/monde25.info\/index.php\/wp-json\/wp\/v2\/media\/16246"}],"wp:attachment":[{"href":"https:\/\/monde25.info\/index.php\/wp-json\/wp\/v2\/media?parent=16245"}],"wp:term":[{"taxonomy":"category","embeddable":true,"href":"https:\/\/monde25.info\/index.php\/wp-json\/wp\/v2\/categories?post=16245"},{"taxonomy":"post_tag","embeddable":true,"href":"https:\/\/monde25.info\/index.php\/wp-json\/wp\/v2\/tags?post=16245"}],"curies":[{"name":"wp","href":"https:\/\/api.w.org\/{rel}","templated":true}]}}