{"id":16248,"date":"2025-09-20T18:39:34","date_gmt":"2025-09-20T16:39:34","guid":{"rendered":"https:\/\/monde25.info\/index.php\/2025\/09\/20\/panique-a-lelysee-le-suicide-francais-en-marche-chroniques-dune-rentree-explosive-5\/"},"modified":"2025-09-20T18:39:34","modified_gmt":"2025-09-20T16:39:34","slug":"panique-a-lelysee-le-suicide-francais-en-marche-chroniques-dune-rentree-explosive-5","status":"publish","type":"post","link":"https:\/\/monde25.info\/index.php\/2025\/09\/20\/panique-a-lelysee-le-suicide-francais-en-marche-chroniques-dune-rentree-explosive-5\/","title":{"rendered":"Panique \u00e0 l\u2019\u00c9lys\u00e9e : le suicide fran\u00e7ais en marche ? (Chroniques d\u2019une rentr\u00e9e explosive &#8211; 5)"},"content":{"rendered":"<p> <br \/>\n<\/p>\n<div>\n<blockquote>\n<p class=\"text-align-center\">Une nouvelle \u00e9tape dans la folie destructrice<br \/>sign\u00e9e Emmanuel Macron\u00a0: la dissolution.<br \/>Mais pas celle de l&rsquo;Assembl\u00e9e nationale.<br \/>Non. La dissolution de l&rsquo;arm\u00e9e fran\u00e7aise\u00a0!<\/p>\n<\/blockquote>\n<p>La France est-elle en train de perdre son \u00e2me sous l\u2019impulsion d\u2019un Pr\u00e9sident qui semble pr\u00eat \u00e0 tout pour marquer l\u2019Histoire, au m\u00e9pris de la souverainet\u00e9 nationale ? Emmanuel Macron, fid\u00e8le \u00e0 son \u00ab en m\u00eame temps \u00bb, orchestre-t-il une <strong>dissolution progressive de l\u2019identit\u00e9 fran\u00e7aise, de son industrie \u00e0 son arm\u00e9e<\/strong> ? Alors que la crise politique paralyse le pays, une menace plus grave plane : celle d\u2019une \u00e9rosion de notre autonomie militaire, \u00e0 la crois\u00e9e d\u2019ambitions europ\u00e9ennes et d\u2019une rh\u00e9torique belliqueuse. Voici pourquoi les Fran\u00e7ais doivent ouvrir les yeux sur les d\u00e9rives en cours.<\/p>\n<h5><strong>Une dissolution institutionnelle : l\u2019arm\u00e9e fran\u00e7aise sous tutelle europ\u00e9enne ?<\/strong><\/h5>\n<p>Depuis son arriv\u00e9e \u00e0 l\u2019\u00c9lys\u00e9e, Emmanuel Macron affiche une ambition claire : acc\u00e9l\u00e9rer l\u2019int\u00e9gration europ\u00e9enne, y compris dans le domaine de la d\u00e9fense. Ce projet, loin d\u2019\u00eatre anodin, pourrait r\u00e9duire l\u2019arm\u00e9e fran\u00e7aise \u2013 l\u2019une des plus puissantes d\u2019Europe \u2013 \u00e0 un simple rouage d\u2019une future \u00ab arm\u00e9e europ\u00e9enne \u00bb. Ursula von der Leyen, pr\u00e9sidente de la Commission europ\u00e9enne, a donn\u00e9 le ton dans son discours du 10 septembre 2024 devant le Parlement europ\u00e9en : \u00ab <em>Nous devons construire une v\u00e9ritable Union de la d\u00e9fense europ\u00e9enne, avec des capacit\u00e9s communes pour faire face aux menaces du XXIe si\u00e8cle<\/em> \u00bb (1). Ce projet, soutenu par Macron, soul\u00e8ve une question cruciale : la France est-elle pr\u00eate \u00e0 c\u00e9der le contr\u00f4le de ses forces arm\u00e9es \u00e0 Bruxelles ?<\/p>\n<p>Pire encore, Macron a d\u00e9j\u00e0 ouvert la porte \u00e0 une mutualisation de la dissuasion nucl\u00e9aire fran\u00e7aise, un pilier de notre souverainet\u00e9. Lors d\u2019un discours \u00e0 l\u2019\u00c9cole militaire en janvier 2020, il d\u00e9clarait : \u00ab <em>La dissuasion nucl\u00e9aire fran\u00e7aise doit s\u2019inscrire dans une dimension europ\u00e9enne, en dialogue avec nos partenaires<\/em>. \u00bb Si cette id\u00e9e peut sembler s\u00e9duisante dans une logique de coop\u00e9ration, elle risque de diluer l\u2019ind\u00e9pendance strat\u00e9gique de la France, la seule nation europ\u00e9enne dot\u00e9e de l\u2019arme nucl\u00e9aire. Une arm\u00e9e fran\u00e7aise int\u00e9gr\u00e9e \u00e0 une structure supranationale, sous la houlette d\u2019une Commission europ\u00e9enne aux pouvoirs croissants, serait-elle encore au service des Fran\u00e7ais ? Ou deviendrait-elle un outil au service des ambitions personnelles de Macron, qui, selon certains observateurs, viserait la pr\u00e9sidence de la Commission europ\u00e9enne apr\u00e8s son mandat \u00e0 l\u2019\u00c9lys\u00e9e ?\u00a0<\/p>\n<figure role=\"group\" class=\"caption caption-img\">\n<img decoding=\"async\" alt=\"Illustration satirique\" data-entity-type=\"file\" data-entity-uuid=\"025f7585-f12a-4ab0-bda3-5bed3384e11f\" height=\"643\" width=\"562\" loading=\"lazy\" class=\"lazyload\" src=\"https:\/\/www.francesoir.fr\/sites\/default\/files\/inline-images\/image_610.png\"\/><figcaption><em>Illustration satirique<\/em><\/figcaption><\/figure>\n<p>\u00a0<\/p>\n<p>Notons \u00e9galement que certes si le remplacement d\u2019Ursula von der Leyen par Emmanuel Macron serait un moyen de lui proposer une \u00ab\u00a0<em>porte de sortie honorable<\/em>\u00a0\u00bb (en off, certains \u00e9voquent que cela \u00ab\u00a0<em>nous d\u00e9barrasserait de lui en tant que Pr\u00e9sident de la R\u00e9publique<\/em>\u00a0\u00bb), serions-nous v\u00e9ritablement gagnants\u00a0? \u00c9videmment, non\u00a0! Le Trait\u00e9 de Lisbonne conf\u00e9rant au Pr\u00e9sident de la CE un pouvoir quasiment absolu sur tout le territoire de l\u2019Union europ\u00e9enne, si Emmanuel Macron est nomm\u00e9 Pr\u00e9sident de la CE, cela risquerait de chauffer pour nos matricules bien plus que pendant la s\u00e9rie en cours qui dure en France depuis 8 ans et 4 mois.<\/p>\n<h5>\u00a0<\/h5>\n<h5><strong>Une escalade g\u00e9opolitique risqu\u00e9e : vers un engagement en Ukraine ?<\/strong><\/h5>\n<p>Le contexte g\u00e9opolitique actuel, marqu\u00e9 par le conflit en Ukraine, amplifie les inqui\u00e9tudes. Depuis 2022, Emmanuel Macron a adopt\u00e9 une posture de plus en plus belliqueuse, multipliant les d\u00e9clarations provocatrices. En f\u00e9vrier 2024, il affirmait lors d\u2019une conf\u00e9rence \u00e0 Paris : \u00ab <em>Nous ne devons pas exclure l\u2019envoi de troupes occidentales en Ukraine pour soutenir Kiev face \u00e0 la Russie.<\/em> \u00bb Cette d\u00e9claration, qui a suscit\u00e9 l\u2019\u00e9moi chez ses alli\u00e9s europ\u00e9ens, a r\u00e9v\u00e9l\u00e9 une volont\u00e9 d\u2019escalade militaire, contrastant avec la prudence de pays comme l\u2019Allemagne ou les \u00c9tats-Unis.<\/p>\n<p>Comme le soulignait : \u00ab <a target=\"_blank\" href=\"https:\/\/www.francesoir.fr\/opinions-editos\/objectif-guerre-mais-laquelle\"><em>Objectif Guerre, oui, mais laquelle ?<\/em><\/a> \u00bb un \u00e9dito de 2022, cette rh\u00e9torique guerri\u00e8re pourrait masquer des objectifs politiques plus personnels. En effet, un engagement militaire direct de la France \u2013 notamment de ses forces d\u2019\u00e9lite comme les forces sp\u00e9ciales ou la L\u00e9gion \u00e9trang\u00e8re \u2013 serait d\u00e9sastreux. L\u2019arm\u00e9e fran\u00e7aise, bien que redoutable, dispose de ressources limit\u00e9es : ses unit\u00e9s d\u2019\u00e9lite, quelques dizaines de milliers d\u2019hommes sur une arm\u00e9e de 200 000, constituent le fer de lance de sa capacit\u00e9 op\u00e9rationnelle. Les engager dans un conflit de haute intensit\u00e9 contre la Russie, sur un th\u00e9\u00e2tre aussi complexe que l\u2019Ukraine, reviendrait \u00e0 risquer une h\u00e9catombe, affaiblissant durablement notre d\u00e9fense nationale. Certes, aucune annonce officielle n\u2019a confirm\u00e9 un tel envoi de troupes. Mais les <a target=\"_blank\" href=\"https:\/\/www.francesoir.fr\/opinions-editos\/guibord-macron-s-en-va-t-en-guerre\">rumeurs persistantes<\/a> pointent vers une tentation croissante de Macron de jouer un r\u00f4le de chef de guerre sur la sc\u00e8ne internationale. Cette posture, loin de servir les int\u00e9r\u00eats fran\u00e7ais, pourrait pr\u00e9cipiter le pays dans une spirale incontr\u00f4lable, avec des cons\u00e9quences humaines et strat\u00e9giques dramatiques.<\/p>\n<figure role=\"group\" class=\"caption caption-img\">\n<img decoding=\"async\" alt=\"Objectif guerre\" data-entity-type=\"file\" data-entity-uuid=\"935315fd-1d35-41d5-8afd-d5ed4ec38507\" height=\"435\" width=\"676\" loading=\"lazy\" class=\"lazyload\" src=\"https:\/\/www.francesoir.fr\/sites\/default\/files\/inline-images\/image_609.png\"\/><figcaption><a target=\"_blank\" href=\"https:\/\/edition.francesoir.fr\/opinions-editos\/objectif-guerre-mais-laquelle\" target=\"_blank\"><em>Objectif guerre ! Mais laquelle ?<\/em><\/a><\/figcaption><\/figure>\n<h5>\u00a0<\/h5>\n<h5><strong>Une d\u00e9rive autoritaire : la Constitution comme jouet<\/strong><\/h5>\n<p>Au-del\u00e0 des questions militaires, la crise politique interne aggrave les risques de d\u00e9rive. Depuis les \u00e9lections l\u00e9gislatives de 2024, la France est plong\u00e9e dans une impasse institutionnelle. L\u2019absence de majorit\u00e9 claire \u00e0 l\u2019Assembl\u00e9e nationale, coupl\u00e9e \u00e0 l\u2019\u00e9chec des n\u00e9gociations pour former un gouvernement stable, a fragilis\u00e9 le fonctionnement d\u00e9mocratique. Dans ce chaos, Macron pourrait \u00eatre tent\u00e9 de s\u2019appuyer sur des leviers exceptionnels pour consolider son pouvoir.<\/p>\n<p>L\u2019article 16 de la Constitution, qui permet au Pr\u00e9sident de s\u2019octroyer les pleins pouvoirs de mani\u00e8re temporaire en cas de \u00ab crise grave \u00bb, est une menace r\u00e9elle. Macron a d\u00e9j\u00e0 d\u00e9montr\u00e9, au fil de ses huit ann\u00e9es de mandat, une propension \u00e0 contourner les garde-fous institutionnels. Le Conseil constitutionnel, cens\u00e9 garantir le respect de la Constitution, s\u2019est souvent montr\u00e9 complaisant face \u00e0 ses d\u00e9cisions controvers\u00e9es, comme l\u2019adoption de r\u00e9formes impopulaires (retraites, ch\u00f4mage) par des proc\u00e9dures exp\u00e9ditives. Ce pr\u00e9c\u00e9dent inqui\u00e8te : une crise internationale, comme une escalade en Ukraine, pourrait servir de pr\u00e9texte \u00e0 Macron pour invoquer l\u2019article 16, suspendant de facto le jeu d\u00e9mocratique.<\/p>\n<p>Ce go\u00fbt pour l\u2019autorit\u00e9 n\u2019est pas sans rappeler Napol\u00e9on Ier, une figure que Macron admire ouvertement. Comme le notait l\u2019Empereur : \u00ab<em> En politique, la b\u00eatise n\u2019est pas un handicap.<\/em> \u00bb Mais l\u00e0 o\u00f9 Napol\u00e9on a su construire un empire, Macron risque de pr\u00e9cipiter la France dans le chaos, en jouant avec des institutions qu\u2019il fragilise \u00e0 dessein. Avec en sus l\u2019interrogation persistante sur son <a target=\"_blank\" href=\"https:\/\/www.francesoir.fr\/opinions-editos\/je-suis-malade-completement-malade-premiere-partie\">\u00e9tat de sant\u00e9 psychologique<\/a> qui <a target=\"_blank\" href=\"https:\/\/www.francesoir.fr\/opinions-editos\/macron-t-il-aussi-rendu-malade-ses-concitoyens-en-mettant-en-place-une-maltraitance\">pr\u00e9occupe de plus en plus<\/a>\u00a0: \u00ab\u00a0<a target=\"_blank\" href=\"https:\/\/www.francesoir.fr\/opinions-editos\/macron-t-il-aussi-rendu-malade-ses-concitoyens-en-mettant-en-place-une-maltraitance\"><em>Macron a-t-il rendu malades ses concitoyens avec la maltraitance institutionnelle de la population ?<\/em><\/a><em>\u00a0\u00bb \u00e9crivais-je en 2024.<\/em><\/p>\n<p>\u00a0<\/p>\n<h5><strong>Un pr\u00e9texte pour la guerre : manipuler l\u2019opinion<\/strong><\/h5>\n<p>Pour engager la France dans un conflit militaire, Macron aurait besoin d\u2019un soutien populaire, ou du moins d\u2019une justification suffisamment puissante pour neutraliser les oppositions. Les Fran\u00e7ais, dans leur grande majorit\u00e9, s\u2019opposent \u00e0 une guerre contre la Russie, conscients des risques d\u2019escalade et de l\u2019impact sur leur quotidien. Comment, d\u00e8s lors, rallier l\u2019opinion ?<\/p>\n<p>Un sc\u00e9nario plausible serait celui d\u2019un choc psychologique, amplifi\u00e9 par une propagande m\u00e9diatique. Un \u00e9v\u00e9nement dramatique \u2013 par exemple, une attaque contre des forces fran\u00e7aises, r\u00e9elle ou mise en sc\u00e8ne \u2013 pourrait \u00eatre exploit\u00e9 pour susciter l\u2019indignation et l\u00e9gitimer une intervention. Les images d\u2019une \u00ab horreur absolue \u00bb, relay\u00e9es en boucle par les m\u00e9dias, transformeraient Vladimir Poutine en ennemi num\u00e9ro 1, justifiant une \u00ab union sacr\u00e9e \u00bb autour de Macron. Ce dernier pourrait alors brandir le patriotisme pour faire taire ses critiques, accusant les r\u00e9fractaires de \u00ab haute trahison \u00bb \u2013 un crime que Nicolas Sarkozy a opportun\u00e9ment retir\u00e9 de la Constitution en 2007, rendant le Pr\u00e9sident intouchable.<\/p>\n<p>Un tel sc\u00e9nario, s\u2019il semble extr\u00eame, n\u2019est pas in\u00e9dit. L\u2019Histoire regorge d\u2019exemples o\u00f9 des dirigeants ont manipul\u00e9 l\u2019opinion pour justifier des guerres.<\/p>\n<p>Comme le disait Napol\u00e9on : \u00ab <em>L\u2019Histoire est une suite de mensonges sur lesquels on est d\u2019accord<\/em>. \u00bb Macron, fin communicant, sait parfaitement jouer de ces leviers, en \u00eatre \u00ab\u00a0pervers\u00a0\u00bb qu\u2019il a clairement laiss\u00e9 entendre pouvoir \u00eatre lors <a target=\"_blank\" href=\"https:\/\/youtu.be\/Fy0Jfo-BMSc\">d&rsquo;une interview de fin 2016<\/a>.<\/p>\n<p><iframe loading=\"lazy\" title=\"Macron &quot;Je serais extr\u00eamement complexe voir pervers&quot;\" width=\"1110\" height=\"624\" src=\"https:\/\/www.youtube.com\/embed\/Fy0Jfo-BMSc?feature=oembed\" frameborder=\"0\" allow=\"accelerometer; autoplay; clipboard-write; encrypted-media; gyroscope; picture-in-picture; web-share\" referrerpolicy=\"strict-origin-when-cross-origin\" allowfullscreen><\/iframe><\/p>\n<h5>\u00a0<\/h5>\n<h5><strong>Le prix de l\u2019ambition : un pays en danger<\/strong><\/h5>\n<p>En huit ans, Emmanuel Macron a d\u00e9j\u00e0 laiss\u00e9 une empreinte lourde sur la France. L\u2019industrie nationale, de fleurons comme Alstom \u00e0 des secteurs strat\u00e9giques comme l\u2019\u00e9nergie, a \u00e9t\u00e9 brad\u00e9e ou affaiblie au nom du mondialisme. La dette publique, qui d\u00e9passe d\u00e9sormais 120 % du PIB selon les chiffres de l\u2019Insee (2024), s\u2019est envol\u00e9e, appauvrissant les Fran\u00e7ais au profit d\u2019int\u00e9r\u00eats \u00e9trangers. L\u2019arm\u00e9e, dernier bastion de la souverainet\u00e9, est d\u00e9sormais dans le viseur.\u00a0<\/p>\n<p>Si Macron parvient \u00e0 fondre l\u2019arm\u00e9e fran\u00e7aise dans une structure europ\u00e9enne ou \u00e0 l\u2019engager dans un conflit hasardeux, les cons\u00e9quences seraient irr\u00e9versibles. Une arm\u00e9e affaiblie, priv\u00e9e de ses unit\u00e9s d\u2019\u00e9lite, ne pourrait plus garantir la s\u00e9curit\u00e9 des fronti\u00e8res ni r\u00e9pondre aux menaces internes. Une France d\u00e9sarm\u00e9e, endett\u00e9e et divis\u00e9e serait alors \u00e0 la merci de ses partenaires \u2013 ou de ses adversaires.<\/p>\n<p>Ceux qui s&rsquo;y opposeront seraient accus\u00e9s d&rsquo;intelligence avec l&rsquo;ennemi, et d\u00e8s lors pass\u00e9s par les armes imm\u00e9diatement. Pour l&rsquo;exemple. Or, malheureusement pour la France et ses habitants, il semble possible que ce sc\u00e9nario ne soit pas uniquement une hypoth\u00e8se avanc\u00e9e dans un \u00e9dito, mais la r\u00e9alit\u00e9 en marche. Un plan terrifiant qu&rsquo;Emmanuel Macron s&rsquo;appr\u00eaterait \u00e0 d\u00e9clencher.<\/p>\n<blockquote>\n<p>Quant \u00e0 la violation de la Constitution manifeste et gravissime s&rsquo;il en est, op\u00e9r\u00e9e par cette d\u00e9cision si elle intervenait, adorateur fanatique qu&rsquo;il est de Napol\u00e9on 1er, Emmanuel Macron s&rsquo;en d\u00e9fendrait avec cette citation c\u00e9l\u00e8bre de l&rsquo;Empereur\u00a0: \u00ab\u00a0<em>Qui sauve son pays ne viole aucune loi<\/em>.\u00a0\u00bb<\/p>\n<\/blockquote>\n<p>\u00a0<\/p>\n<h5><span class=\"css-1jxf684 r-bcqeeo r-1ttztb7 r-qvutc0 r-poiln3 r-b88u0q r-1x3r274\"><strong>Le courage de la paix : une lueur d\u2019espoir<\/strong><\/span><\/h5>\n<p><span class=\"css-1jxf684 r-bcqeeo r-1ttztb7 r-qvutc0 r-poiln3 r-1adg3ll r-1g7jtus r-1x3r274\">Demain, 21 septembre 2025, est la Journ\u00e9e internationale de la Paix, un symbole puissant dans un monde o\u00f9 les tambours de la guerre r\u00e9sonnent.\u00a0<\/span><\/p>\n<p><span class=\"css-1jxf684 r-bcqeeo r-1ttztb7 r-qvutc0 r-poiln3 r-1adg3ll r-1g7jtus r-1x3r274\">Face aux man\u0153uvres belliqueuses, des voix courageuses s\u2019\u00e9l\u00e8vent pour dire \u00ab non \u00bb \u00e0 la guerre et \u00ab oui \u00bb \u00e0 la paix. Des figures comme le <\/span><a target=\"_blank\" href=\"https:\/\/www.francesoir.fr\/politique-france\/resolution-d-alain-houpert-sur-l-ukraine-une-reponse-la-voix-des-francais-court\"><span class=\"css-1jxf684 r-bcqeeo r-1ttztb7 r-qvutc0 r-poiln3 r-1adg3ll r-1g7jtus r-1x3r274\">s\u00e9nateur Alain Houpert, connu pour ses prises de position critiques envers les d\u00e9rives du pouvoir<\/span><\/a><span class=\"css-1jxf684 r-bcqeeo r-1ttztb7 r-qvutc0 r-poiln3 r-1adg3ll r-1g7jtus r-1x3r274\">, et Paul Pellizzari, <\/span><a target=\"_blank\" href=\"https:\/\/www.francesoir.fr\/politique-france-societe-justice-culture-medias\/mise-en-demeure-par-france-soir-l-afp-modifie-sa\"><span class=\"css-1jxf684 r-bcqeeo r-1ttztb7 r-qvutc0 r-poiln3 r-1adg3ll r-1g7jtus r-1x3r274\">g\u00e9n\u00e9ral radi\u00e9 des cadres<\/span><\/a><span class=\"css-1jxf684 r-bcqeeo r-1ttztb7 r-qvutc0 r-poiln3 r-1adg3ll r-1g7jtus r-1x3r274\"> pour avoir d\u00e9nonc\u00e9 les abus, incarnent cet espoir.\u00a0<\/span><\/p>\n<blockquote>\n<p><span class=\"css-1jxf684 r-bcqeeo r-1ttztb7 r-qvutc0 r-poiln3 r-1adg3ll r-1g7jtus r-1x3r274\">Ces hommes, au p\u00e9ril de leur carri\u00e8re, ont os\u00e9 s\u2019opposer aux d\u00e9cisions potentiellement d\u00e9sastreuses d\u2019un ex\u00e9cutif qui semble pr\u00eat \u00e0 sacrifier la souverainet\u00e9 fran\u00e7aise et \u00e0 contourner la Constitution. Leur combat pour la paix, loin des postures guerri\u00e8res, rappelle que la France peut encore choisir la raison et la prudence face aux ambitions d\u2019un seul. <\/span><a target=\"_blank\" href=\"https:\/\/www.francesoir.fr\/politique-france-societe-justice\/l-inaction-judiciaire-met-elle-en-danger-l-interet-superieur-de-la\" target=\"_blank\"><span class=\"css-1jxf684 r-bcqeeo r-1ttztb7 r-qvutc0 r-poiln3 r-1adg3ll r-1g7jtus r-1x3r274\">Et que l&rsquo;inaction judicaire pourrait contribuer \u00e0 mettre en danger l&rsquo;int\u00e9r\u00eat sup\u00e9rieur de la nation<\/span><\/a><span class=\"css-1jxf684 r-bcqeeo r-1ttztb7 r-qvutc0 r-poiln3 r-1adg3ll r-1g7jtus r-1x3r274\">.<\/span><\/p>\n<\/blockquote>\n<p>\u00a0<\/p>\n<h5><strong>Un appel \u00e0 l\u2019ultra-vigilance<\/strong><\/h5>\n<p>Face \u00e0 ces d\u00e9rives, les Fran\u00e7ais doivent se r\u00e9veiller. La souverainet\u00e9 nationale, fruit de si\u00e8cles de combats, est menac\u00e9e par un Pr\u00e9sident qui semble pr\u00e9f\u00e9rer les ors de Bruxelles \u00e0 l\u2019int\u00e9r\u00eat de son pays. Une guerre militaire, une int\u00e9gration europ\u00e9enne mal ma\u00eetris\u00e9e ou une d\u00e9rive autoritaire ne sont pas des fatalit\u00e9s, mais des choix politiques que nous pouvons encore contester. Comme le disait Napol\u00e9on : \u00ab <em>La bonne politique est de faire croire aux peuples qu\u2019ils sont libres<\/em>. \u00bb \u00c0 nous de prouver que nous ne sommes pas dupes.\u00a0<\/p>\n<p>Demain, 21 septembre, est la journ\u00e9e internationale de la Paix et que le <a target=\"_blank\" href=\"https:\/\/www.francesoir.fr\/opinions-editos\/le-courage-de-la-paix\" target=\"_blank\"><strong>courage de la Paix<\/strong><\/a><strong> habite encore certains hommes tels que le s\u00e9nateur Alain Houpert et le <\/strong><a target=\"_blank\" href=\"https:\/\/www.francesoir.fr\/politique-france-societe-justice-culture-medias\/mise-en-demeure-par-france-soir-l-afp-modifie-sa\" target=\"_blank\"><strong>Paul Pellizzari<\/strong><\/a><strong> (<\/strong><a target=\"_blank\" href=\"https:\/\/www.francesoir.fr\/politique-france-societe-justice-culture-medias\/mise-en-demeure-par-france-soir-l-afp-modifie-sa\" target=\"_blank\"><strong>g\u00e9n\u00e9ral radi\u00e9 des cadres<\/strong><\/a>) qui n&rsquo;ont pas h\u00e9sit\u00e9 \u00e0 dire oui \u00e0 la Paix et non \u00e0 la guerre et \u00e0 s&rsquo;\u00e9lever contre les <a target=\"_blank\" href=\"https:\/\/www.francesoir.fr\/opinions-editos\/(g\u00e9n\u00e9ral radi\u00e9 des cadres de deuxi\u00e8me section pour avoir os\u00e9 s\" opposer=\"\" au=\"\" gouvernement=\"\" target=\"_blank\">man\u0153uvres, des membres du gouvernement, potentiellement dolosives pour les Fran\u00e7ais et contraires \u00e0 la Constitution<\/a>.<\/p>\n<p>Exigeons la transparence sur les projets europ\u00e9ens, refusons l\u2019escalade militaire et d\u00e9fendons une France souveraine, capable de d\u00e9cider de son avenir sans se plier aux ambitions d\u2019un seul homme.<\/p>\n<blockquote>\n<p>Le suicide fran\u00e7ais n\u2019est pas in\u00e9luctable \u2013 mais il exige notre vigilance collective.\u00a0<\/p>\n<\/blockquote>\n<p>1) le <a target=\"_blank\" href=\"https:\/\/youtu.be\/-dV3Vc8q2WM?si=i8w7FA9Xl0x27kLs\" target=\"_blank\">discours qu&rsquo;Ursula von der Leyen<\/a> a fait devant le Parlement europ\u00e9en le 10 septembre 2025, ne laisse aucune place \u00e0 l&rsquo;\u00e9quivoque \u00e0 ce sujet :\u00a0<br \/><iframe loading=\"lazy\" title=\"&quot;Discours sur l&#039;\u00e9tat de l&#039;Union&quot; d&#039;Ursula von der Leyen, pr\u00e9sidente de la Commission | \u00c9v\u00e8nements\" width=\"1110\" height=\"624\" src=\"https:\/\/www.youtube.com\/embed\/-dV3Vc8q2WM?feature=oembed\" frameborder=\"0\" allow=\"accelerometer; autoplay; clipboard-write; encrypted-media; gyroscope; picture-in-picture; web-share\" referrerpolicy=\"strict-origin-when-cross-origin\" allowfullscreen><\/iframe><br \/>\u00a0<\/p>\n<\/div>\n<p><script>(function(d, s, id) {  var js, fjs = d.getElementsByTagName(s)[0];  if (d.getElementById(id)) return;  js = d.createElement(s); js.id = id;  js.src = \"\/\/connect.facebook.net\/fr_FR\/sdk.js#xfbml=1&version=v2.3\";  fjs.parentNode.insertBefore(js, fjs);}(document, \"script\", \"facebook-jssdk\"));<\/script><br \/>\n<br \/><br \/>\n<br \/><a href=\"https:\/\/www.francesoir.fr\/opinions-editos\/panique-l-elysee-le-suicide-francais-en-marche-chroniques-d-une-rentree-explosive-5\" target=\"_blank\"\">Source link <\/a><\/p>\n","protected":false},"excerpt":{"rendered":"<p>Une nouvelle \u00e9tape dans la folie destructricesign\u00e9e Emmanuel Macron\u00a0: la dissolution.Mais pas celle de l&rsquo;Assembl\u00e9e nationale.Non. La dissolution de l&rsquo;arm\u00e9e fran\u00e7aise\u00a0! La France est-elle en train de perdre son \u00e2me&hellip; <\/p>\n","protected":false},"author":1,"featured_media":16249,"comment_status":"open","ping_status":"open","sticky":false,"template":"","format":"standard","meta":{"footnotes":""},"categories":[1],"tags":[],"class_list":["post-16248","post","type-post","status-publish","format-standard","has-post-thumbnail","hentry","category-non-classe"],"_links":{"self":[{"href":"https:\/\/monde25.info\/index.php\/wp-json\/wp\/v2\/posts\/16248","targetHints":{"allow":["GET"]}}],"collection":[{"href":"https:\/\/monde25.info\/index.php\/wp-json\/wp\/v2\/posts"}],"about":[{"href":"https:\/\/monde25.info\/index.php\/wp-json\/wp\/v2\/types\/post"}],"author":[{"embeddable":true,"href":"https:\/\/monde25.info\/index.php\/wp-json\/wp\/v2\/users\/1"}],"replies":[{"embeddable":true,"href":"https:\/\/monde25.info\/index.php\/wp-json\/wp\/v2\/comments?post=16248"}],"version-history":[{"count":0,"href":"https:\/\/monde25.info\/index.php\/wp-json\/wp\/v2\/posts\/16248\/revisions"}],"wp:featuredmedia":[{"embeddable":true,"href":"https:\/\/monde25.info\/index.php\/wp-json\/wp\/v2\/media\/16249"}],"wp:attachment":[{"href":"https:\/\/monde25.info\/index.php\/wp-json\/wp\/v2\/media?parent=16248"}],"wp:term":[{"taxonomy":"category","embeddable":true,"href":"https:\/\/monde25.info\/index.php\/wp-json\/wp\/v2\/categories?post=16248"},{"taxonomy":"post_tag","embeddable":true,"href":"https:\/\/monde25.info\/index.php\/wp-json\/wp\/v2\/tags?post=16248"}],"curies":[{"name":"wp","href":"https:\/\/api.w.org\/{rel}","templated":true}]}}