{"id":16254,"date":"2025-09-20T22:30:47","date_gmt":"2025-09-20T20:30:47","guid":{"rendered":"https:\/\/monde25.info\/index.php\/2025\/09\/20\/co2-lue-na-toujours-aucun-objectif-clair-de-reduction-pour-2040\/"},"modified":"2025-09-20T22:30:47","modified_gmt":"2025-09-20T20:30:47","slug":"co2-lue-na-toujours-aucun-objectif-clair-de-reduction-pour-2040","status":"publish","type":"post","link":"https:\/\/monde25.info\/index.php\/2025\/09\/20\/co2-lue-na-toujours-aucun-objectif-clair-de-reduction-pour-2040\/","title":{"rendered":"CO2\u00a0: l&#039;UE n&#039;a toujours aucun objectif clair de r\u00e9duction pour 2040"},"content":{"rendered":"<p> <br \/>\n<br \/><img loading=\"lazy\" decoding=\"async\" src=\"https:\/\/reporterre.net\/local\/cache-vignettes\/L700xH467\/industry_smoke-13c66.jpg?1758283437\" class=\"spip_logo\" width=\"700\" height=\"467\" alt=\"\" \/><\/p>\n<p>Pour un continent qui se targue d&rsquo;\u00eatre \u00e0 l&rsquo;avant-garde de la lutte contre le d\u00e9r\u00e8glement climatique, c&rsquo;est un comble. Un peu moins de deux mois avant la <span class=\"caps\">COP30<\/span> pour le climat qui s&rsquo;ouvrira le 10\u00a0novembre \u00e0 Bel\u00e9m au Br\u00e9sil, les membres de l&rsquo;Union europ\u00e9enne sont incapables de se mettre d&rsquo;accord sur l&rsquo;objectif de r\u00e9duction de leurs \u00e9missions de <span class=\"caps\">CO<\/span><sub>2<\/sub> d&rsquo;ici \u00e0 2040. <br class=\"autobr\" \/><br \/>\nR\u00e9unis jeudi 18\u00a0septembre \u00e0 Bruxelles, les ministres de l&rsquo;Environnement des Vingt-sept devaient fixer l&rsquo;objectif de baisse des\u00a0(\u2026)<\/p>\n<p>                    <a target=\"_blank\" href=\"https:\/\/reporterre.net\/CO2-l-UE-n-a-toujours-aucun-objectif-clair-de-reduction-pour-2040?utm_source=RSS&amp;utm_medium=RSS\">Lire la suite<\/a><\/p>\n<p>                    &#8211;<br \/>\n                        <a target=\"_blank\" href=\"https:\/\/reporterre.net\/Breves-20\" rel=\"directory\">En bref<\/a><\/p>\n<p>                    \/<br \/>\n                        <a target=\"_blank\" href=\"https:\/\/reporterre.net\/Climat-18\" rel=\"tag\">Climat <\/a><br \/>\n                    ,<br \/>\n                        <a target=\"_blank\" href=\"https:\/\/reporterre.net\/Europe\" rel=\"tag\">Europe<\/a><br \/>\n<br \/><br \/>\n<br \/><a href=\"https:\/\/reporterre.net\/CO2-l-UE-n-a-toujours-aucun-objectif-clair-de-reduction-pour-2040\" target=\"_blank\"\">Source link <\/a><\/p>\n","protected":false},"excerpt":{"rendered":"<p>Pour un continent qui se targue d&rsquo;\u00eatre \u00e0 l&rsquo;avant-garde de la lutte contre le d\u00e9r\u00e8glement climatique, c&rsquo;est un comble. Un peu moins de deux mois avant la COP30 pour le&hellip; <\/p>\n","protected":false},"author":1,"featured_media":0,"comment_status":"open","ping_status":"open","sticky":false,"template":"","format":"standard","meta":{"footnotes":""},"categories":[1],"tags":[],"class_list":["post-16254","post","type-post","status-publish","format-standard","hentry","category-non-classe"],"_links":{"self":[{"href":"https:\/\/monde25.info\/index.php\/wp-json\/wp\/v2\/posts\/16254","targetHints":{"allow":["GET"]}}],"collection":[{"href":"https:\/\/monde25.info\/index.php\/wp-json\/wp\/v2\/posts"}],"about":[{"href":"https:\/\/monde25.info\/index.php\/wp-json\/wp\/v2\/types\/post"}],"author":[{"embeddable":true,"href":"https:\/\/monde25.info\/index.php\/wp-json\/wp\/v2\/users\/1"}],"replies":[{"embeddable":true,"href":"https:\/\/monde25.info\/index.php\/wp-json\/wp\/v2\/comments?post=16254"}],"version-history":[{"count":0,"href":"https:\/\/monde25.info\/index.php\/wp-json\/wp\/v2\/posts\/16254\/revisions"}],"wp:attachment":[{"href":"https:\/\/monde25.info\/index.php\/wp-json\/wp\/v2\/media?parent=16254"}],"wp:term":[{"taxonomy":"category","embeddable":true,"href":"https:\/\/monde25.info\/index.php\/wp-json\/wp\/v2\/categories?post=16254"},{"taxonomy":"post_tag","embeddable":true,"href":"https:\/\/monde25.info\/index.php\/wp-json\/wp\/v2\/tags?post=16254"}],"curies":[{"name":"wp","href":"https:\/\/api.w.org\/{rel}","templated":true}]}}