{"id":16255,"date":"2025-09-20T23:36:51","date_gmt":"2025-09-20T21:36:51","guid":{"rendered":"https:\/\/monde25.info\/index.php\/2025\/09\/20\/des-enfants-prives-de-recreation-a-cause-des-nuisances-sonores\/"},"modified":"2025-09-20T23:36:51","modified_gmt":"2025-09-20T21:36:51","slug":"des-enfants-prives-de-recreation-a-cause-des-nuisances-sonores","status":"publish","type":"post","link":"https:\/\/monde25.info\/index.php\/2025\/09\/20\/des-enfants-prives-de-recreation-a-cause-des-nuisances-sonores\/","title":{"rendered":"Des enfants priv\u00e9s de r\u00e9cr\u00e9ation \u00e0 cause des \u00ab\u00a0nuisances sonores\u00a0\u00bb"},"content":{"rendered":"<p> <br \/>\n<\/p>\n<div>\n<p><strong>\u00c0 Maisons-Laffitte, la justice a priv\u00e9 l\u2019\u00e9cole Montessori \u00ab\u00a0Les Rayons de Soleil\u00a0\u00bb de sa cour de r\u00e9cr\u00e9ation \u00e0 cause des \u00ab\u00a0nuisances sonores\u00a0\u00bb que g\u00e9n\u00e9raient une centaine d\u2019enfants. Mais comment peut-on priver une \u00e9cole de son espace ext\u00e9rieur ?<\/strong><\/p>\n<p>Cinq voisins, exasp\u00e9r\u00e9s par les cris et \u00e9clats de voix des \u00e9coliers, ont port\u00e9 plainte. Selon l\u2019avocat des plaignants, les nuisances perturbaient \u00ab\u00a0gravement\u00a0\u00bb la tranquillit\u00e9 des riverains, \u00e0 tel point qu&rsquo;ils ne pouvaient plus travailler de chez eux ou profiter d&rsquo;une retraite paisible.<\/p>\n<p>Comme le rapporte la <a target=\"_blank\" href=\"https:\/\/www.ladepeche.fr\/2025\/09\/17\/ou-va-le-monde-les-enfants-faisaient-trop-de-bruit-au-sein-de-cette-ecole-la-justice-decide-de-les-priver-de-cour-de-recreation-12936151.php\">D\u00e9p\u00eache<\/a>, l\u2019histoire dure depuis deux ans, mais malgr\u00e9 une tentative de m\u00e9diation, l\u2019\u00e9cole a \u00e9t\u00e9 condamn\u00e9e le 25 mai dernier. Depuis le 10 ao\u00fbt, les enfants n\u2019ont plus de r\u00e9cr\u00e9ation en plein air, et sans surprise, cela chamboule le quotidien de l\u2019\u00e9tablissement. Le pr\u00e9sident de l\u2019\u00e9cole, Tristan Micol, d\u00e9plore cette \u00ab\u00a0condamnation excessive\u00a0\u00bb et alerte sur l&rsquo;impact sur la vie scolaire. \u00ab\u00a0Mettre plus de 25 enfants dans un espace r\u00e9duit, c\u2019est tout sauf id\u00e9al\u00a0\u00bb, se lamente-t-il. La situation pourrait m\u00eame mettre en p\u00e9ril la p\u00e9rennit\u00e9 de l\u2019\u00e9cole.<\/p>\n<p>Des parents envisagent d\u00e9j\u00e0 de d\u00e9sinscrire leurs enfants, tandis que la mairie tente de proposer des alternatives : faire d\u00e9placer les enfants vers des aires de jeux municipales, plus \u00e9loign\u00e9es, n\u2019est qu\u2019une solution temporaire et injuste. Comment a-t-on pu arriver \u00e0 un tel niveau d&rsquo;intol\u00e9rance ?<\/p>\n<\/div>\n<p><script>(function(d, s, id) {  var js, fjs = d.getElementsByTagName(s)[0];  if (d.getElementById(id)) return;  js = d.createElement(s); js.id = id;  js.src = \"\/\/connect.facebook.net\/fr_FR\/sdk.js#xfbml=1&version=v2.3\";  fjs.parentNode.insertBefore(js, fjs);}(document, \"script\", \"facebook-jssdk\"));<\/script><br \/>\n<br \/><br \/>\n<br \/><a href=\"https:\/\/www.francesoir.fr\/politique-france\/des-enfants-prives-de-recreation-cause-des-nuisances-sonores\" target=\"_blank\"\">Source link <\/a><\/p>\n","protected":false},"excerpt":{"rendered":"<p>\u00c0 Maisons-Laffitte, la justice a priv\u00e9 l\u2019\u00e9cole Montessori \u00ab\u00a0Les Rayons de Soleil\u00a0\u00bb de sa cour de r\u00e9cr\u00e9ation \u00e0 cause des \u00ab\u00a0nuisances sonores\u00a0\u00bb que g\u00e9n\u00e9raient une centaine d\u2019enfants. Mais comment peut-on&hellip; <\/p>\n","protected":false},"author":1,"featured_media":16256,"comment_status":"open","ping_status":"open","sticky":false,"template":"","format":"standard","meta":{"footnotes":""},"categories":[1],"tags":[],"class_list":["post-16255","post","type-post","status-publish","format-standard","has-post-thumbnail","hentry","category-non-classe"],"_links":{"self":[{"href":"https:\/\/monde25.info\/index.php\/wp-json\/wp\/v2\/posts\/16255","targetHints":{"allow":["GET"]}}],"collection":[{"href":"https:\/\/monde25.info\/index.php\/wp-json\/wp\/v2\/posts"}],"about":[{"href":"https:\/\/monde25.info\/index.php\/wp-json\/wp\/v2\/types\/post"}],"author":[{"embeddable":true,"href":"https:\/\/monde25.info\/index.php\/wp-json\/wp\/v2\/users\/1"}],"replies":[{"embeddable":true,"href":"https:\/\/monde25.info\/index.php\/wp-json\/wp\/v2\/comments?post=16255"}],"version-history":[{"count":0,"href":"https:\/\/monde25.info\/index.php\/wp-json\/wp\/v2\/posts\/16255\/revisions"}],"wp:featuredmedia":[{"embeddable":true,"href":"https:\/\/monde25.info\/index.php\/wp-json\/wp\/v2\/media\/16256"}],"wp:attachment":[{"href":"https:\/\/monde25.info\/index.php\/wp-json\/wp\/v2\/media?parent=16255"}],"wp:term":[{"taxonomy":"category","embeddable":true,"href":"https:\/\/monde25.info\/index.php\/wp-json\/wp\/v2\/categories?post=16255"},{"taxonomy":"post_tag","embeddable":true,"href":"https:\/\/monde25.info\/index.php\/wp-json\/wp\/v2\/tags?post=16255"}],"curies":[{"name":"wp","href":"https:\/\/api.w.org\/{rel}","templated":true}]}}