{"id":16257,"date":"2025-09-21T00:09:36","date_gmt":"2025-09-20T22:09:36","guid":{"rendered":"https:\/\/monde25.info\/index.php\/2025\/09\/21\/la-ministre-lituanienne-de-la-defense-appelle-lotan-a-abattre-des-avions-russes-rt-en-francais\/"},"modified":"2025-09-21T00:09:36","modified_gmt":"2025-09-20T22:09:36","slug":"la-ministre-lituanienne-de-la-defense-appelle-lotan-a-abattre-des-avions-russes-rt-en-francais","status":"publish","type":"post","link":"https:\/\/monde25.info\/index.php\/2025\/09\/21\/la-ministre-lituanienne-de-la-defense-appelle-lotan-a-abattre-des-avions-russes-rt-en-francais\/","title":{"rendered":"La ministre lituanienne de la D\u00e9fense appelle l\u2019OTAN \u00e0 abattre des avions russes \u2014 RT en fran\u00e7ais"},"content":{"rendered":"<p> <br \/>\n<br \/><img decoding=\"async\" src=\"https:\/\/mf.b37mrtl.ru\/french\/images\/2025.09\/thumbnail\/68cee90f87f3ec389e564805.jpg\" \/><\/p>\n<div>\n<p class=\"text__summary\">\n                                        La ministre lituanienne de la D\u00e9fense a \u00e9voqu\u00e9 la possibilit\u00e9 pour l\u2019OTAN d\u2019abattre des avions russes, en prenant pour mod\u00e8le l\u2019attaque turque de 2015 contre un appareil russe en Syrie. Cette sortie provocatrice survient apr\u00e8s une accusation estonienne contest\u00e9e par Moscou, qui affirme que ses avions ont respect\u00e9 les r\u00e8gles internationales.\n                                    <\/p>\n<p>Le 19 septembre, Dovile Sakaliene, ministre lituanienne de la D\u00e9fense, a publi\u00e9 un message sur le r\u00e9seau X (ex-Twitter), appelant \u00e0 une r\u00e9action plus agressive contre la Russie. Elle a d\u00e9clar\u00e9\u202f: \u00ab\u202fTrois chasseurs russes au-dessus de Tallinn sont une preuve claire que la fronti\u00e8re nord-est de l\u2019OTAN est test\u00e9e. Nous devons \u00eatre s\u00e9rieux. La Turquie a montr\u00e9 l\u2019exemple il y a 10 ans\u202f\u00bb.<\/p>\n<p>Elle fait ici r\u00e9f\u00e9rence \u00e0 l\u2019incident de 2015, quand un avion russe Su-24 avait \u00e9t\u00e9 abattu par la Turquie alors qu\u2019il participait \u00e0 une op\u00e9ration antiterroriste en Syrie. L\u2019un des pilotes avait \u00e9t\u00e9 tu\u00e9, et l\u2019incident avait entra\u00een\u00e9 une grave crise diplomatique. Moscou avait impos\u00e9 des sanctions, jusqu\u2019\u00e0 ce qu\u2019Erdogan pr\u00e9sente des excuses l\u2019ann\u00e9e suivante.<\/p>\n<p>En reprenant cet exemple, Sakaliene laisse entendre que l\u2019OTAN devrait envisager l\u2019usage de la force contre l\u2019aviation russe. Pour Moscou, cette provocation gratuite ne repose sur aucun fait r\u00e9el et ne vise qu\u2019\u00e0 attiser les tensions \u00e0 proximit\u00e9 des fronti\u00e8res russes.<\/p>\n<h2><strong>Une accusation estonienne sans fondement concret<\/strong><\/h2>\n<p>Les propos de la ministre lituanienne font suite \u00e0 des accusations venues d\u2019Estonie. Tallinn affirme que trois MiG-31 russes auraient p\u00e9n\u00e9tr\u00e9 son espace a\u00e9rien pendant 12 minutes au-dessus de l\u2019\u00eele de Vaindloo, sans plan de vol ni contact radio. Des avions F-35 italiens auraient \u00e9t\u00e9 envoy\u00e9s en r\u00e9ponse dans le cadre de la mission \u00ab\u202fBaltic Sentry\u202f\u00bb de l\u2019OTAN.<\/p>\n<p>Le ministre estonien des Affaires \u00e9trang\u00e8res, Margus Tsahkna, a d\u00e9nonc\u00e9 une \u00ab\u202fprovocation sans pr\u00e9c\u00e9dent\u202f\u00bb et activ\u00e9 l\u2019article 4 du trait\u00e9 de l\u2019Alliance pour demander des consultations urgentes. Des figures europ\u00e9ennes comme Kaja Kallas ont qualifi\u00e9 l\u2019incident de \u00ab\u202fd\u00e9lib\u00e9r\u00e9\u202f\u00bb.<\/p>\n<p>Moscou a cat\u00e9goriquement rejet\u00e9 ces accusations. Le minist\u00e8re russe de la D\u00e9fense a pr\u00e9cis\u00e9 que les avions effectuaient un vol planifi\u00e9 entre la Car\u00e9lie et Kaliningrad, \u00ab\u202fen stricte conformit\u00e9 avec les r\u00e8gles internationales\u202f\u00bb. Les avions n\u2019ont pas d\u00e9vi\u00e9 de leur trajectoire, et \u00ab\u202faucune fronti\u00e8re n\u2019a \u00e9t\u00e9 franchie\u202f\u00bb, ce que confirment les syst\u00e8mes de contr\u00f4le a\u00e9rien.<\/p>\n<h2><strong>R\u00e9action de Moscou et mise en garde contre les provocations baltes<\/strong><\/h2>\n<p>La porte-parole du minist\u00e8re russe des Affaires \u00e9trang\u00e8res, Maria Zakharova, a tourn\u00e9 en d\u00e9rision les propos de Sakaliene, soulignant que la ministre faisait preuve de \u00ab\u202fcomp\u00e9tence dans ses propres phobies\u202f\u00bb et l\u2019invitant \u00e0 \u00ab\u202fse r\u00e9aliser dans sa sp\u00e9cialit\u00e9\u202f\u00bb, la psychologie l\u00e9gale.<\/p>\n<p>Interrog\u00e9 par la presse, le pr\u00e9sident Donald Trump a bri\u00e8vement comment\u00e9\u202f: \u00ab\u202fJe n\u2019aime pas \u00e7a. Ce genre de choses peut devenir un gros probl\u00e8me\u202f\u00bb, pr\u00e9cisant attendre un briefing sur la situation.<\/p>\n<p>Des m\u00e9dias occidentaux comme <em>Politico<\/em> ont \u00e9galement \u00e9voqu\u00e9 un contexte tendu, li\u00e9 \u00e0 d&rsquo;autres incidents non prouv\u00e9s, comme l\u2019intrusion suppos\u00e9e de drones russes dans l\u2019espace a\u00e9rien polonais. L\u2019Ukraine, fid\u00e8le \u00e0 sa strat\u00e9gie, tente de mobiliser ses alli\u00e9s contre Moscou, malgr\u00e9 l\u2019absence de preuves concr\u00e8tes.<\/p>\n<\/div>\n<p><br \/>\n<br \/><a href=\"https:\/\/francais.rt.com\/international\/125509-ministre-lituanienne-defense-appelle-otan-a-abattre-des-avions-russes\" target=\"_blank\"\">Source link <\/a><\/p>\n","protected":false},"excerpt":{"rendered":"<p>La ministre lituanienne de la D\u00e9fense a \u00e9voqu\u00e9 la possibilit\u00e9 pour l\u2019OTAN d\u2019abattre des avions russes, en prenant pour mod\u00e8le l\u2019attaque turque de 2015 contre un appareil russe en Syrie.&hellip; <\/p>\n","protected":false},"author":1,"featured_media":16258,"comment_status":"open","ping_status":"open","sticky":false,"template":"","format":"standard","meta":{"footnotes":""},"categories":[1],"tags":[],"class_list":["post-16257","post","type-post","status-publish","format-standard","has-post-thumbnail","hentry","category-non-classe"],"_links":{"self":[{"href":"https:\/\/monde25.info\/index.php\/wp-json\/wp\/v2\/posts\/16257","targetHints":{"allow":["GET"]}}],"collection":[{"href":"https:\/\/monde25.info\/index.php\/wp-json\/wp\/v2\/posts"}],"about":[{"href":"https:\/\/monde25.info\/index.php\/wp-json\/wp\/v2\/types\/post"}],"author":[{"embeddable":true,"href":"https:\/\/monde25.info\/index.php\/wp-json\/wp\/v2\/users\/1"}],"replies":[{"embeddable":true,"href":"https:\/\/monde25.info\/index.php\/wp-json\/wp\/v2\/comments?post=16257"}],"version-history":[{"count":0,"href":"https:\/\/monde25.info\/index.php\/wp-json\/wp\/v2\/posts\/16257\/revisions"}],"wp:featuredmedia":[{"embeddable":true,"href":"https:\/\/monde25.info\/index.php\/wp-json\/wp\/v2\/media\/16258"}],"wp:attachment":[{"href":"https:\/\/monde25.info\/index.php\/wp-json\/wp\/v2\/media?parent=16257"}],"wp:term":[{"taxonomy":"category","embeddable":true,"href":"https:\/\/monde25.info\/index.php\/wp-json\/wp\/v2\/categories?post=16257"},{"taxonomy":"post_tag","embeddable":true,"href":"https:\/\/monde25.info\/index.php\/wp-json\/wp\/v2\/tags?post=16257"}],"curies":[{"name":"wp","href":"https:\/\/api.w.org\/{rel}","templated":true}]}}