{"id":16268,"date":"2025-09-21T04:33:40","date_gmt":"2025-09-21T02:33:40","guid":{"rendered":"https:\/\/monde25.info\/index.php\/2025\/09\/21\/des-meutes-fascistes-contre-le-mouvement-social\/"},"modified":"2025-09-21T04:33:40","modified_gmt":"2025-09-21T02:33:40","slug":"des-meutes-fascistes-contre-le-mouvement-social","status":"publish","type":"post","link":"https:\/\/monde25.info\/index.php\/2025\/09\/21\/des-meutes-fascistes-contre-le-mouvement-social\/","title":{"rendered":"des meutes fascistes contre le mouvement social"},"content":{"rendered":"<p> <br \/>\n<\/p>\n<div id=\"\">\n<p><strong>10 Septembre\u00a0: sauvagerie polici\u00e8re<\/strong><\/p>\n<p>Le gouvernement est d\u00e9missionnaire, le Ministre de l\u2019Int\u00e9rieur n\u2019a plus aucun mandat, et pourtant il se permet de continuer \u00e0 d\u00e9cha\u00eener une sauvagerie polici\u00e8re absolue contre la population.<\/p>\n<p><a target=\"_blank\" href=\"https:\/\/contre-attaque.net\/wp-content\/uploads\/2025\/09\/signal-2025-09-12-004241.mp4\" class=\"spip_out\" rel=\"external\">Voir la vid\u00e9o<\/a><\/p>\n<p>Le 10 septembre, de l\u2019aube \u00e0 minuit, 80\u00a0000 policiers et gendarmes ont pass\u00e9 leur journ\u00e9e \u00e0 tabasser, gazer, humilier, les centaines de milliers personnes qui manifestaient pour une soci\u00e9t\u00e9 plus juste.<\/p>\n<p>Parmi les innombrables violences polici\u00e8res\u00a0: de tr\u00e8s nombreux passages \u00e0 tabac \u00e0 Paris, un bless\u00e9 grave avec des s\u00e9quelles suite \u00e0 un tir de canon \u00e0 eau \u00e0 pleine puissance \u00e0 Montpellier, un adolescent qui s\u2019est fait casser le nez en lui cognant la t\u00eate au sol avant de l\u2019embarquer \u00e0 Nantes, des enfants suffoquant dans les gaz, des cyclistes gaz\u00e9s \u00e0 bout portant, un agent de la BAC qui a jet\u00e9 une bouteille en verre sur les manifestants, des coups au sol.<\/p>\n<p>Pourtant, les actions et manifestations \u00e9taient d\u2019un grand calme\u00a0: la plupart du temps il s\u2019agissait simplement de bloquer la circulation ou de se rassembler. Plus nous sommes sages, plus ils nous \u00e9crasent.<\/p>\n<p>C\u2019est une d\u00e9monstration suppl\u00e9mentaire que la violence d\u2019\u00c9tat n\u2019a aucun lien avec le niveau de \u00ab\u00a0violence\u00a0\u00bb du mouvement social. La r\u00e9pression n\u2019est pas une \u00ab\u00a0r\u00e9ponse\u00a0\u00bb, mais un choix politique. <a target=\"_blank\" href=\"https:\/\/contre-attaque.net\/2023\/06\/22\/faut-il-dissoudre-la-fnsea\/\" class=\"spip_out\" rel=\"external\">Les agriculteurs de la FNSEA ont pu d\u00e9vaster des pr\u00e9fectures<\/a> sans subir le milli\u00e8me de la r\u00e9pression du 10 septembre. S\u2019en prendre au capitalisme et au gouvernement est inacceptable pour l\u2019\u00c9tat, quel que soit le mode de revendication.<\/p>\n<p>Rappelons une nouvelle fois cette formule de Nelson Mandela\u00a0: \u00ab\u00a0C\u2019est toujours l\u2019oppresseur, non l\u2019opprim\u00e9 qui d\u00e9termine la forme de lutte. Si l\u2019oppresseur utilise la violence, l\u2019opprim\u00e9 n\u2019aura pas d\u2019autre choix que de r\u00e9pondre par la violence\u00a0\u00bb.<\/p>\n<p><a target=\"_blank\" href=\"https:\/\/contre-attaque.net\/2025\/09\/12\/10-septembre-sauvagerie-policiere\/\" class=\"spip_out\" rel=\"external\">Source<\/a>.<\/p>\n<p><strong>18 Septembre\u00a0: des meutes fascistes contre le mouvement social<\/strong><\/p>\n<p><a target=\"_blank\" href=\"https:\/\/contre-attaque.net\/wp-content\/uploads\/2025\/09\/rep-1.mp4\" class=\"spip_out\" rel=\"external\">Voir la vid\u00e9o<\/a><\/p>\n<p>\u00ab\u00a0Casse toi\u00a0\u00bb, \u00ab\u00a0ta gueule\u00a0\u00bb, coups de matraques lanc\u00e9s \u00e0 pleine force sur des visages, balles en caoutchouc tir\u00e9es sur des lyc\u00e9ens mineurs, femme terrifi\u00e9e frapp\u00e9e au sol, grenades explosives potentiellement mortelles lanc\u00e9es dans la foule, sang sur les trottoirs, camions syndicaux charg\u00e9s par la police et banderoles arrach\u00e9es, piquets de gr\u00e8ve attaqu\u00e9s \u00e0 coups de matraque. C\u2019est ce que nous avons vu en France, toute la journ\u00e9e du 18 septembre. Un journaliste a m\u00eame failli \u00eatre tu\u00e9 par un tir de grenade \u00e0 Lyon.<\/p>\n<p>Dans l\u2019Italie et l\u2019Allemagne des ann\u00e9es 1920 et 1930, les groupes fascistes assuraient la r\u00e9pression des luttes sociales pour le compte des patrons, en utilisant des m\u00e9thodes de terreur. Dans la France de Macron et Retailleau, ce sont des milices cagoul\u00e9es et arm\u00e9es, qui ont exactement les m\u00eames pratiques, mais supervis\u00e9es par l\u2019\u00c9tat. Comble du cynisme, le gouvernement f\u00e9licitait hier ses troupes pour avoir \u00ab\u00a0prot\u00e9g\u00e9 le droit de manifester\u00a0\u00bb, comme dans une bonne dystopie orwellienne.<\/p>\n<p>Il faut prendre la mesure de la gravit\u00e9 du moment. Dans plusieurs villes dont Nantes, les cort\u00e8ges syndicaux ont tout simplement \u00e9t\u00e9 bloqu\u00e9s et agress\u00e9s par la police sans motif, et n\u2019ont pas pu faire le parcours annonc\u00e9, pourtant court et encadr\u00e9.<\/p>\n<p>Des blind\u00e9s militaires ont \u00e9t\u00e9 d\u00e9ploy\u00e9s contre des promenades syndicales. En 2018, quand Macron avait sorti des blind\u00e9s contre les Gilets jaunes, <a target=\"_blank\" href=\"https:\/\/contre-attaque.net\/2018\/12\/07\/le-gouvernement-en-guerre-contre-sa-population-2\/\" class=\"spip_out\" rel=\"external\">tout le monde \u00e9tait choqu\u00e9 par de tels moyens<\/a>. Sauf qu\u2019\u00e0 l\u2019\u00e9poque, des barricades brulaient sur les Champs-\u00c9lys\u00e9es, des pr\u00e9fectures \u00e9taient prises d\u2019assaut, et le mouvement \u00e9tait autrement plus insurrectionnel qu\u2019aujourd\u2019hui. Nous nous habituons \u00e0 un climat de guerre int\u00e9rieure.<\/p>\n<p>Nous avons d\u00e9sormais une r\u00e9pression totale, m\u00eame contre des ballades inoffensives. Et ce jusque dans les petites villes, jusqu\u2019ici \u00e9pargn\u00e9es par la r\u00e9pression. La violence du pouvoir n\u2019a jamais \u00e9t\u00e9 aussi forte, alors que la d\u00e9termination collective reste faible. La France est, de loin, le pays le plus r\u00e9pressif d\u2019Europe. Le sursaut doit \u00eatre collectif.<\/p>\n<p><a target=\"_blank\" href=\"https:\/\/contre-attaque.net\/2025\/09\/19\/18-septembre-des-meutes-fascistes-contre-le-mouvement-social\/\" class=\"spip_out\" rel=\"external\">Source<\/a>.<\/p>\n<\/div>\n<p><br \/>\n<br \/><a href=\"https:\/\/www.legrandsoir.info\/18-septembre-des-meutes-fascistes-contre-le-mouvement-social.html\" target=\"_blank\"\">Source link <\/a><\/p>\n","protected":false},"excerpt":{"rendered":"<p>10 Septembre\u00a0: sauvagerie polici\u00e8re Le gouvernement est d\u00e9missionnaire, le Ministre de l\u2019Int\u00e9rieur n\u2019a plus aucun mandat, et pourtant il se permet de continuer \u00e0 d\u00e9cha\u00eener une sauvagerie polici\u00e8re absolue contre&hellip; <\/p>\n","protected":false},"author":1,"featured_media":16269,"comment_status":"open","ping_status":"open","sticky":false,"template":"","format":"standard","meta":{"footnotes":""},"categories":[1],"tags":[],"class_list":["post-16268","post","type-post","status-publish","format-standard","has-post-thumbnail","hentry","category-non-classe"],"_links":{"self":[{"href":"https:\/\/monde25.info\/index.php\/wp-json\/wp\/v2\/posts\/16268","targetHints":{"allow":["GET"]}}],"collection":[{"href":"https:\/\/monde25.info\/index.php\/wp-json\/wp\/v2\/posts"}],"about":[{"href":"https:\/\/monde25.info\/index.php\/wp-json\/wp\/v2\/types\/post"}],"author":[{"embeddable":true,"href":"https:\/\/monde25.info\/index.php\/wp-json\/wp\/v2\/users\/1"}],"replies":[{"embeddable":true,"href":"https:\/\/monde25.info\/index.php\/wp-json\/wp\/v2\/comments?post=16268"}],"version-history":[{"count":0,"href":"https:\/\/monde25.info\/index.php\/wp-json\/wp\/v2\/posts\/16268\/revisions"}],"wp:featuredmedia":[{"embeddable":true,"href":"https:\/\/monde25.info\/index.php\/wp-json\/wp\/v2\/media\/16269"}],"wp:attachment":[{"href":"https:\/\/monde25.info\/index.php\/wp-json\/wp\/v2\/media?parent=16268"}],"wp:term":[{"taxonomy":"category","embeddable":true,"href":"https:\/\/monde25.info\/index.php\/wp-json\/wp\/v2\/categories?post=16268"},{"taxonomy":"post_tag","embeddable":true,"href":"https:\/\/monde25.info\/index.php\/wp-json\/wp\/v2\/tags?post=16268"}],"curies":[{"name":"wp","href":"https:\/\/api.w.org\/{rel}","templated":true}]}}