{"id":16275,"date":"2025-09-21T10:03:44","date_gmt":"2025-09-21T08:03:44","guid":{"rendered":"https:\/\/monde25.info\/index.php\/2025\/09\/21\/lecornu-un-premier-ministre-va-t-en-guerre-contre-les-ecologistes\/"},"modified":"2025-09-21T10:03:44","modified_gmt":"2025-09-21T08:03:44","slug":"lecornu-un-premier-ministre-va-t-en-guerre-contre-les-ecologistes","status":"publish","type":"post","link":"https:\/\/monde25.info\/index.php\/2025\/09\/21\/lecornu-un-premier-ministre-va-t-en-guerre-contre-les-ecologistes\/","title":{"rendered":"Lecornu, un Premier ministre va-t-en-guerre contre les \u00e9cologistes"},"content":{"rendered":"<p> <br \/>\n<br \/><img loading=\"lazy\" decoding=\"async\" src=\"https:\/\/reporterre.net\/local\/cache-vignettes\/L700xH467\/afp__20180321__12x115__v2__highres__franceairportgovernmentenvironment_1_-9e295.jpg?1758181276\" class=\"spip_logo\" width=\"700\" height=\"467\" alt=\"\" \/><\/p>\n<p>Propos m\u00e9prisants envers les \u00e9cologistes, soutien \u00e0 l&rsquo;usage de la force pour contrer les luttes\u2026 Le Premier ministre S\u00e9bastien Lecornu a laiss\u00e9 un souvenir amer aux activistes de Bure et Notre-Dame-des-Landes. <br class=\"autobr\" \/> S\u00e9bastien Lecornu ne rechigne pas \u00e0 se moquer des \u00e9cologistes lors de d\u00eeners priv\u00e9s avec ses coll\u00e8gues politiques, selon Le Monde. Ses allocutions publiques en la mati\u00e8re ne sont gu\u00e8re plus am\u00e8nes\u00a0: nomm\u00e9 Premier ministre le 9\u00a0septembre par Emmanuel Macron, il s&rsquo;est distingu\u00e9 par le\u00a0(\u2026)<\/p>\n<p>                    <a target=\"_blank\" href=\"https:\/\/reporterre.net\/Lecornu-un-Premier-ministre-va-t-en-guerre-contre-les-ecologistes?utm_source=RSS&amp;utm_medium=RSS\">Lire la suite<\/a><\/p>\n<p>                    &#8211;<br \/>\n                        <a target=\"_blank\" href=\"https:\/\/reporterre.net\/Autres-infos\" rel=\"directory\">Info<\/a><\/p>\n<p>                    \/<br \/>\n                        <a target=\"_blank\" href=\"https:\/\/reporterre.net\/Luttes\" rel=\"tag\">Luttes<\/a><br \/>\n                    ,<br \/>\n                        <a target=\"_blank\" href=\"https:\/\/reporterre.net\/Politique\" rel=\"tag\">Politique<\/a><br \/>\n<br \/><br \/>\n<br \/><a href=\"https:\/\/reporterre.net\/Lecornu-un-Premier-ministre-va-t-en-guerre-contre-les-ecologistes\" target=\"_blank\"\">Source link <\/a><\/p>\n","protected":false},"excerpt":{"rendered":"<p>Propos m\u00e9prisants envers les \u00e9cologistes, soutien \u00e0 l&rsquo;usage de la force pour contrer les luttes\u2026 Le Premier ministre S\u00e9bastien Lecornu a laiss\u00e9 un souvenir amer aux activistes de Bure et&hellip; <\/p>\n","protected":false},"author":1,"featured_media":0,"comment_status":"open","ping_status":"open","sticky":false,"template":"","format":"standard","meta":{"footnotes":""},"categories":[1],"tags":[],"class_list":["post-16275","post","type-post","status-publish","format-standard","hentry","category-non-classe"],"_links":{"self":[{"href":"https:\/\/monde25.info\/index.php\/wp-json\/wp\/v2\/posts\/16275","targetHints":{"allow":["GET"]}}],"collection":[{"href":"https:\/\/monde25.info\/index.php\/wp-json\/wp\/v2\/posts"}],"about":[{"href":"https:\/\/monde25.info\/index.php\/wp-json\/wp\/v2\/types\/post"}],"author":[{"embeddable":true,"href":"https:\/\/monde25.info\/index.php\/wp-json\/wp\/v2\/users\/1"}],"replies":[{"embeddable":true,"href":"https:\/\/monde25.info\/index.php\/wp-json\/wp\/v2\/comments?post=16275"}],"version-history":[{"count":0,"href":"https:\/\/monde25.info\/index.php\/wp-json\/wp\/v2\/posts\/16275\/revisions"}],"wp:attachment":[{"href":"https:\/\/monde25.info\/index.php\/wp-json\/wp\/v2\/media?parent=16275"}],"wp:term":[{"taxonomy":"category","embeddable":true,"href":"https:\/\/monde25.info\/index.php\/wp-json\/wp\/v2\/categories?post=16275"},{"taxonomy":"post_tag","embeddable":true,"href":"https:\/\/monde25.info\/index.php\/wp-json\/wp\/v2\/tags?post=16275"}],"curies":[{"name":"wp","href":"https:\/\/api.w.org\/{rel}","templated":true}]}}