{"id":16284,"date":"2025-09-21T13:21:46","date_gmt":"2025-09-21T11:21:46","guid":{"rendered":"https:\/\/monde25.info\/index.php\/2025\/09\/21\/nous-navons-pas-besoin-de-reconnaitre-un-etat-palestinien-mais-bien-la-resistance-palestinienne\/"},"modified":"2025-09-21T13:21:46","modified_gmt":"2025-09-21T11:21:46","slug":"nous-navons-pas-besoin-de-reconnaitre-un-etat-palestinien-mais-bien-la-resistance-palestinienne","status":"publish","type":"post","link":"https:\/\/monde25.info\/index.php\/2025\/09\/21\/nous-navons-pas-besoin-de-reconnaitre-un-etat-palestinien-mais-bien-la-resistance-palestinienne\/","title":{"rendered":"Nous n&rsquo;avons pas besoin de reconna\u00eetre un \u00c9tat palestinien, mais bien la r\u00e9sistance palestinienne"},"content":{"rendered":"<p> <br \/>\n<\/p>\n<div id=\"\">\n<p>Or, apr\u00e8s deux ans de g\u00e9nocide et de destruction totale des infrastructures, il ne reste plus rien qui puisse ressembler \u00e0 un \u00c9tat palestinien. Cette reconnaissance est en plus assortie de conditions coloniales.<\/p>\n<p>Voyez-vous, aucun pays ne peut mettre fin au massacre colonial d\u2019Isra\u00ebl ni obliger ce dernier \u00e0 ouvrir les fronti\u00e8res de Gaza aux journalistes, aux travailleurs humanitaires, \u00e0 l\u2019aide alimentaire et \u00e0 l\u2019eau. De plus, a d\u00e9clar\u00e9 De Wever, le Premier ministre belge, la Belgique est beaucoup trop petite et insignifiante pour imposer quoi que ce soit \u00e0 Isra\u00ebl. Mais elle est assez puissante et grande pour donner des le\u00e7ons aux Palestiniens. Ainsi, selon la Belgique et autres qui souhaitent reconna\u00eetre la Palestine, le Hamas ne peut pas participer aux \u00e9lections futures et doit d\u00e9poser les armes. Pour les soutiens d\u2019Isra\u00ebl, pas question d\u2019un accord politique avec le Hamas et les Brigades Al-Qassam. Pas d\u2019accord de paix comme cela a \u00e9t\u00e9 le cas pour Sinn Fein et l\u2019IRA lors des accords du Vendredi saint en Irlande du Nord en 1998 ou pour l\u2019ANC et Umkhontowe Sizween 1991 lors de l\u2019Accord de Paix National (NPA) en Afrique du Sud. Pour le Hamas et les organisations de la r\u00e9sistance palestinienne, seule leur destruction totale est pr\u00e9vue.<\/p>\n<p>Il y a cinquante ans, l\u2019Assembl\u00e9e g\u00e9n\u00e9rale des Nations unies reconnaissait officiellement la r\u00e9sistance palestinienne et condamnait le sionisme comme une id\u00e9ologie raciste. Esp\u00e9rons encore que lors de la 80i\u00e8mesession de l\u2019ONU, ces anciennes r\u00e9solutions referont surface.<\/p>\n<p><strong>\u00ab\u00a0En 1975, l\u2019ONU d\u00e9clare que le sionisme est du racisme.\u00a0\u00bb<\/strong><\/p>\n<p>Les ann\u00e9es 1960-1970 ont \u00e9t\u00e9 marqu\u00e9es par des bouleversements r\u00e9volutionnaires.En 1965, la Chine communiste est devenue le premier pays non arabe \u00e0 reconna\u00eetre l\u2019Organisation de lib\u00e9ration de la Palestine.Une premi\u00e8re conf\u00e9rence de la Tricontinentale, une continuation de la Conf\u00e9rence de Bandung en 1955, avait lieu \u00e0 Cuba en 1966, avec une importante d\u00e9l\u00e9gation de repr\u00e9sentants palestiniens issus de diverses factions de l\u2019OLP. Dans son \u00ab\u00a0Message \u00e0 la Tricontinentale\u00a0\u00bb, Ernesto \u00ab\u00a0Che\u00a0\u00bb Guevara avait lanc\u00e9\u00a0: \u00ab\u00a0Cr\u00e9er deux, trois&#8230; de nombreux Vietnam, voil\u00e0 le mot d\u2019ordr e\u00a0\u00bb  en solidarit\u00e9 avec la r\u00e9sistance Vietnamienne. Le 30 avril 1975, celle-ci prenait le contr\u00f4le de Saigon, remportant ainsi une victoire historique sur l\u2019arm\u00e9e am\u00e9ricaine apr\u00e8s une guerre de pr\u00e8s de vingt ans. Dans le sillage de cette lutte de lib\u00e9ration, la r\u00e9sistance palestinienne est apparue pour la premi\u00e8re fois sur la sc\u00e8ne diplomatique mondiale en 1974. \u00ab\u00a0Avec le rameau d\u2019olivier et le fusil \u00e0 la main\u00a0\u00bb, Yasser Arafat s\u2019est adress\u00e9 \u00e0 l\u2019Assembl\u00e9e g\u00e9n\u00e9rale des Nations unies. L\u2019ONU a alors vot\u00e9 une s\u00e9rie de r\u00e9solutions en faveur du peuple palestinien et de sa r\u00e9sistance.<\/p>\n<p>En 1975, il y a cinquante ans, l\u2019Assembl\u00e9e g\u00e9n\u00e9rale (AG) des Nations unies, qui comptait alors quelque cent cinquante \u00c9tats membres, a adopt\u00e9 la r\u00e9solution 3379. Selon cette r\u00e9solution historique, le sionisme est une forme de racisme et de discrimination raciale. Ce jour-l\u00e0, l\u2019id\u00e9ologie officielle et nationale de l\u2019\u00c9tat d\u2019Isra\u00ebl a \u00e9t\u00e9 condamn\u00e9e par le monde entier comme expansionniste et raciste, \u00e0 l\u2019instar d\u2019une id\u00e9ologie coloniale. Les Nations unies ont alors confirm\u00e9 le droit des Palestiniens \u00e0 l\u2019autod\u00e9termination et le droit au retour des Palestiniens expuls\u00e9s. Seuls Isra\u00ebl et 34 autres pays, dont la Belgique, la France, les Pays-Bas, l\u2019Allemagne, le Royaume-Uni et les \u00c9tats-Unis, ont vot\u00e9 contre. Autrement dit, l\u2019ensemble du monde imp\u00e9rialiste occidental, qui soutient ou laisse aujourd\u2019hui se produire le g\u00e9nocide, s\u2019\u00e9tait d\u00e9j\u00e0 oppos\u00e9 \u00e0 cette r\u00e9solution de 1975.<\/p>\n<p>Auparavant, l\u2019AG avait condamn\u00e9 l\u2019alliance entre le racisme sud-africain et le sionisme dans sa r\u00e9solution 3151, adopt\u00e9e le 14 d\u00e9cembre 1973. En 1974, par la r\u00e9solution 3210, l\u2019AG a d\u00e9cid\u00e9 d\u2019admettre l\u2019Organisation de lib\u00e9ration de la Palestine en tant qu\u2019observateur \u00e0 l\u2019ONU. Une d\u00e9cennie plus tard, une nouvelle r\u00e9solution de l\u2019ONU, la r\u00e9solution 37\/43, vot\u00e9e le 3 d\u00e9cembre 1982, a r\u00e9affirm\u00e9 \u00ab\u00a0le droit inali\u00e9nable du peuple palestinien et de tous les peuples \u00e0 disposer d\u2019eux-m\u00eames\u00a0\u00bb. Une d\u00e9cennie plus tard, le 3 d\u00e9cembre 1982, une nouvelle r\u00e9solution de l\u2019ONU, la r\u00e9solution 37\/43, r\u00e9affirmait \u00ab\u00a0le droit inali\u00e9nable du peuple palestinien et de tous les peuples soumis \u00e0 la domination \u00e9trang\u00e8re et coloniale \u00e0 l\u2019autod\u00e9termination\u00a0\u00bb. Elle r\u00e9affirmait \u00e9galement la l\u00e9gitimit\u00e9 de \u00ab\u00a0la lutte des peuples pour [&#8230;] se lib\u00e9rer de la domination coloniale et \u00e9trang\u00e8re, ainsi que de l\u2019occupation \u00e9trang\u00e8re, par tous les moyens disponibles, y compris la lutte arm\u00e9e\u00a0\u00bb. Aucune objection n\u2019a \u00e9t\u00e9 soulev\u00e9e contre ce texte, qui a \u00e9t\u00e9 adopt\u00e9 sans vote.<\/p>\n<p>Un demi-si\u00e8cle apr\u00e8s ces r\u00e9solutions de l\u2019ONU, l\u2019auteur palestinien, Mohammed El-Kurd, \u00e9crit dans son dernier livre, Perfect Victims\u00a0: \u00ab\u00a0Le sionisme est la principale cause de mortalit\u00e9 dans la Palestine occup\u00e9e.\u00a0\u00bb Il ajoute avec amertume\u00a0: \u00ab\u00a0M\u00eame s\u2019il s\u2019agit d\u2019une mort caus\u00e9e directement ou indirectement par des \u00eatres humains, cela ne pr\u00e9occupe pas davantage le monde que le nombre de maladies cardiaques aux \u00c9tats-Unis ou de cas de d\u00e9mence en Grande-Bretagne.\u00a0\u00bb Dans une interview accord\u00e9e \u00e0 Democracy Now au d\u00e9but de cette ann\u00e9e, il insiste sur le m\u00eame th\u00e8me\u00a0: \u00ab\u00a0Le sionisme est au centre de tout. Il est la cause principale de toute la violence en Palestine.\u00a0\u00bb (2).<\/p>\n<p>Comment se fait-il qu\u2019un auteur palestinien doive r\u00e9p\u00e9ter mot pour mot ce qui a \u00e9t\u00e9 condamn\u00e9 par les r\u00e9solutions de l\u2019ONU il y a cinquante ans\u00a0? Pourquoi ces r\u00e9solutions sont-elles rest\u00e9es lettre morte\u00a0? Quelles catastrophes se sont produites au cours du dernier demi-si\u00e8cle pour que ce qui \u00e9tait affirm\u00e9 il y a cinquante ans se soit transform\u00e9 en son contraire, en \u00ab\u00a0Isra\u00ebl a le droit de se d\u00e9fendre\u00a0\u00bb\u00a0? Plus fort encore, \u00e9lue en tant que nouvelle pr\u00e9sidente de l\u2019Assembl\u00e9e g\u00e9n\u00e9rale de l\u2019ONU en juin 2025, l\u2019ancienne ministre allemande des Affaires \u00e9trang\u00e8res Annalena Baerbock, membre du parti des Verts, a d\u00e9clar\u00e9\u00a0: \u00ab\u00a0La l\u00e9gitime d\u00e9fense ne signifie pas seulement riposter. Elle signifie d\u00e9truire les terroristes. \u00ab\u00a0Lorsque les terroristes du Hamas se cachent derri\u00e8re des civils ou dans des \u00e9coles, ces lieux perdent leur statut de protection.\u00a0\u00bb (3) <br class=\"autobr\"\/><br \/>\nEn d\u2019autres termes\u00a0: \u00ab\u00a0Ne faites aucune distinction. Tuez-les tous\u00a0!\u00a0\u00bb<\/p>\n<p> <strong>\u00ab\u00a0La contre-r\u00e9volution.\u00a0\u00bb<\/strong><\/p>\n<p>Il y avait sans doute la corruption interne et la lassitude au sein du camp anti-imp\u00e9rialiste et anticapitaliste. Mais c\u2019est surtout l\u2019effondrement du bloc socialiste (URSS et Europe de l\u2019Est) \u00e0 partir de 1989 qui a scell\u00e9 la victoire totale du camp imp\u00e9rialiste occidental. Cet effondrement a port\u00e9 un coup presque fatal \u00e0 l\u2019id\u00e9e m\u00eame de r\u00e9sistance et de non-alignement. Le monde est devenu unipolaire. Les programmes r\u00e9volutionnaires et anticolonialistes des partis et mouvements de lib\u00e9ration, comme celui de l\u2019Organisation de lib\u00e9ration de la Palestine (OLP), ont \u00e9t\u00e9 mis de c\u00f4t\u00e9. Des pays comme Cuba ou la Cor\u00e9e du Nord se sont retrouv\u00e9s au bord de la famine apr\u00e8s que l\u2019ancien bloc socialiste leur a coup\u00e9 toute aide. En janvier 1991, la premi\u00e8re guerre contre l\u2019Irak a \u00e9clat\u00e9. La r\u00e9sistance palestinienne \u00e9tait presque priv\u00e9e de tout refuge dans le monde arabe.<\/p>\n<p>En 1991, la r\u00e9solution 3379 a \u00e9t\u00e9 retir\u00e9e \u00e0 la demande d\u2019Isra\u00ebl, avec le soutien de ses alli\u00e9s. Isra\u00ebl a remport\u00e9 une victoire totale\u00a0: le pays a accept\u00e9 de participer \u00e0 la conf\u00e9rence de paix de Madrid, le 30 octobre 1991, \u00e0 condition que la condamnation du sionisme soit supprim\u00e9e. C\u2019est ce qui a \u00e9t\u00e9 fait, ouvrant ainsi la voie \u00e0 ce qui allait devenir, pour les Palestiniens, les accords de capitulation d\u2019Oslo de 1993. Toutes les organisations de r\u00e9sistance palestiniennes qui ont refus\u00e9 de s\u2019y soumettre ont \u00e9t\u00e9 inscrites sur les listes antiterroristes am\u00e9ricaines et europ\u00e9ennes. En tant que prolongement colonial de l\u2019Europe, Isra\u00ebl \u00e9tait l\u2019avant-poste militaire contre les \u00ab\u00a0Axes du Mal\u00a0\u00bb, le \u00ab\u00a0terrorisme\u00a0\u00bb, les pays arabes et islamiques. Au niveau politique, \u00e9conomique et militaire, Isra\u00ebl connaissait une perc\u00e9e fulgurante non seulement en Occident mais surtout dans plein de pays du Sud. En m\u00eame temps, afin de punir collectivement la population de Gaza apr\u00e8s la victoire \u00e9lectorale du Hamas en janvier 2006, Isra\u00ebl a d\u00e9clar\u00e9 Gaza \u00ab\u00a0entit\u00e9 hostile\u00a0\u00bb et l\u2019a transform\u00e9e en prison \u00e0 ciel ouvert pour terroristes. Le ghetto de Gaza est devenu une r\u00e9alit\u00e9, avec, une fois de plus, le soutien de l\u2019Occident civilis\u00e9. \u00c0 partir de ce moment, Gaza a d\u00fb survivre entre la vie et la mort. Toujours au bord de la famine. La question palestinienne \u00e9tait oubli\u00e9e et enterr\u00e9e pour le monde.<\/p>\n<p>Apr\u00e8s l\u2019\u00e9vasion du ghetto le 7 octobre 2023, Isra\u00ebl a commenc\u00e9, au nom de la lutte contre le terrorisme, le g\u00e9nocide d\u00e9lib\u00e9r\u00e9 et planifi\u00e9 de Gaza, la solution finale du probl\u00e8me palestinien\u00a0: l\u2019extermination du ghetto de Gaza, tout comme cela s\u2019\u00e9tait produit avec le ghetto de Varsovie par les nazis allemands, provoquant une souffrance indescriptible chez la population.  Aux \u00c9tats-Unis et en Europe, les partisans de la r\u00e9sistance palestinienne, qui ne font que rappeler les anciennes r\u00e9solutions, sont aujourd\u2019hui accus\u00e9s de terrorisme et d\u2019antis\u00e9mitisme.<\/p>\n<p> <strong>\u00ab\u00a0Le tournant.\u00a0\u00bb<\/strong><\/p>\n<p>Mais gr\u00e2ce \u00e0 sa r\u00e9sistance et \u00e0 ses indicibles souffrances, Gaza a r\u00e9veill\u00e9 le monde. Le 7 octobre 2023 a remis la Palestine sur la carte du monde. Gaza a mis \u00e0 nu l\u2019opposition irr\u00e9conciliable entre colons et colonis\u00e9s.  Ce que les pays du Nord, qui pr\u00e9tendent d\u00e9tenir le monopole de la d\u00e9mocratie, de la libert\u00e9 et des droits de l\u2019homme, ont refus\u00e9 de faire, a \u00e9t\u00e9 pris en main par les pays du Sud. Ils ont ressorti le droit international et les trait\u00e9s contre le g\u00e9nocide que le Nord imp\u00e9rialiste avait jet\u00e9s \u00e0 la poubelle. Le 29 d\u00e9cembre 2023, l\u2019Afrique du Sud a traduit Isra\u00ebl devant la Cour internationale de justice de La Haye.<\/p>\n<p>Pour la premi\u00e8re fois depuis sa cr\u00e9ation en 1948, Isra\u00ebl est jug\u00e9 pour g\u00e9nocide contre les Palestiniens. L\u2019Afrique du Sud re\u00e7oit le soutien de pays tels que la Bolivie, la Colombie, Cuba, le Nicaragua, le Br\u00e9sil, le Chili, le Mexique et le Venezuela. Auparavant, plusieurs de ces pays avaient de bonnes relations avec Isra\u00ebl. La Chine a elle aussi de bonnes relations avec Isra\u00ebl. Mais en juillet 2024, P\u00e9kin rassemble quatorze organisations palestiniennes, dont le Hamas, le Fatah, le FPLP, le Jihad islamique, pour mettre fin \u00e0 la division et pour l\u2019unit\u00e9 nationale palestinienne. Toutes les d\u00e9l\u00e9gations signent la D\u00e9claration de P\u00e9kin.<\/p>\n<p>\u00c0 la Cour internationale de Justice, la d\u00e9l\u00e9gation chinoise a remis sur la table les r\u00e9solutions et les trait\u00e9s de l\u2019ONU datant d\u2019il y a cinquante ans.<\/p>\n<p><strong>\u00ab\u00a0Les Palestiniens ont le droit de mener une lutte arm\u00e9e, comme tous les peuples qui luttent pour leur lib\u00e9ration et leur autod\u00e9termination\u00a0\u00bb,<\/strong> a d\u00e9clar\u00e9 l\u2019envoy\u00e9 chinois \u00e0 la Cour internationale de justice de La Haye.<\/p>\n<p>En f\u00e9vrier 2024, lors des d\u00e9bats sur le g\u00e9nocide isra\u00e9lien \u00e0 la Cour internationale de justice de La Haye, Ma Xinmin, du minist\u00e8re chinois des Affaires \u00e9trang\u00e8res, a d\u00e9clar\u00e9\u00a0: \u00ab\u00a0Le recours \u00e0 la violence par le peuple palestinien pour r\u00e9sister \u00e0 l\u2019oppression, \u00e0 l\u2019occupation et \u00e0 l\u2019agression \u00e9trang\u00e8res, et pour cr\u00e9er un \u00c9tat ind\u00e9pendant, est l\u00e9gitime. Cette violence est la cons\u00e9quence de l\u2019occupation prolong\u00e9e du territoire palestinien par Isra\u00ebl et de l\u2019oppression subie par le peuple palestinien. La r\u00e9sistance est un droit inali\u00e9nable inscrit dans le droit international. Elle ne doit pas \u00eatre consid\u00e9r\u00e9e comme du terrorisme.\u00a0\u00bb<\/p>\n<p>Aujourd\u2019hui plus personne ne peut nier le g\u00e9nocide. Gaza br\u00fble. La destruction d\u00e9finitive de ce qui reste de la Palestine est en cours. Pour achever leur \u0153uvre, Isra\u00ebl et ses alli\u00e9s occidentaux exigent la capitulation et le d\u00e9sarmement de la r\u00e9sistance.<\/p>\n<p>Dans ces circonstances, la reconnaissance de la l\u00e9gitimit\u00e9 de la r\u00e9sistance palestinienne, qu\u2019il s\u2019agisse du Hamas, du Front populaire de lib\u00e9ration de la Palestine ou des autres organisations de lib\u00e9ration, doit \u00eatre la principale pr\u00e9occupation de tous ceux qui souhaitent que la Palestine survive.<\/p>\n<p>En Grande-Bretagne, depuis avril 2025, une affaire juridique sans pr\u00e9c\u00e9dent est en cours. Le Hamas, en la personne de Mousa Abu Marzouk, le responsable des Affaires internationales, a introduit une demande aupr\u00e8s du minist\u00e8re de l\u2019Int\u00e9rieur britannique pour rayer l\u2019organisation de la liste des organisations terroristes. Apr\u00e8s un premier refus de la ministre socialiste Yvette Cooper, les avocats du Hamas dans cette affaire, Fahad Ansari, Franck Magenniss et Daniel Gr\u00fctters, font appel devant la commission d\u2019appel des organisations interdites. Ce proc\u00e8s requiert toute notre attention et tout notre soutien. Il m\u00e9rite d\u2019\u00eatre suivi dans tous les pays europ\u00e9ens.<\/p>\n<p><strong>Luk Vervaet <\/strong><\/p>\n<\/div>\n<p><br \/>\n<br \/><a href=\"https:\/\/www.legrandsoir.info\/nous-n-avons-pas-besoin-de-reconnaitre-un-etat-palestinien-mais-bien-la-resistance-palestinienne.html\" target=\"_blank\"\">Source link <\/a><\/p>\n","protected":false},"excerpt":{"rendered":"<p>Or, apr\u00e8s deux ans de g\u00e9nocide et de destruction totale des infrastructures, il ne reste plus rien qui puisse ressembler \u00e0 un \u00c9tat palestinien. Cette reconnaissance est en plus assortie&hellip; <\/p>\n","protected":false},"author":1,"featured_media":0,"comment_status":"open","ping_status":"open","sticky":false,"template":"","format":"standard","meta":{"footnotes":""},"categories":[1],"tags":[],"class_list":["post-16284","post","type-post","status-publish","format-standard","hentry","category-non-classe"],"_links":{"self":[{"href":"https:\/\/monde25.info\/index.php\/wp-json\/wp\/v2\/posts\/16284","targetHints":{"allow":["GET"]}}],"collection":[{"href":"https:\/\/monde25.info\/index.php\/wp-json\/wp\/v2\/posts"}],"about":[{"href":"https:\/\/monde25.info\/index.php\/wp-json\/wp\/v2\/types\/post"}],"author":[{"embeddable":true,"href":"https:\/\/monde25.info\/index.php\/wp-json\/wp\/v2\/users\/1"}],"replies":[{"embeddable":true,"href":"https:\/\/monde25.info\/index.php\/wp-json\/wp\/v2\/comments?post=16284"}],"version-history":[{"count":0,"href":"https:\/\/monde25.info\/index.php\/wp-json\/wp\/v2\/posts\/16284\/revisions"}],"wp:attachment":[{"href":"https:\/\/monde25.info\/index.php\/wp-json\/wp\/v2\/media?parent=16284"}],"wp:term":[{"taxonomy":"category","embeddable":true,"href":"https:\/\/monde25.info\/index.php\/wp-json\/wp\/v2\/categories?post=16284"},{"taxonomy":"post_tag","embeddable":true,"href":"https:\/\/monde25.info\/index.php\/wp-json\/wp\/v2\/tags?post=16284"}],"curies":[{"name":"wp","href":"https:\/\/api.w.org\/{rel}","templated":true}]}}