{"id":16286,"date":"2025-09-21T15:33:41","date_gmt":"2025-09-21T13:33:41","guid":{"rendered":"https:\/\/monde25.info\/index.php\/2025\/09\/21\/la-taxe-zucman-une-proposition-pour-taxer-les-milliardaires-entre-idealisme-et-realites-economiques\/"},"modified":"2025-09-21T15:33:41","modified_gmt":"2025-09-21T13:33:41","slug":"la-taxe-zucman-une-proposition-pour-taxer-les-milliardaires-entre-idealisme-et-realites-economiques","status":"publish","type":"post","link":"https:\/\/monde25.info\/index.php\/2025\/09\/21\/la-taxe-zucman-une-proposition-pour-taxer-les-milliardaires-entre-idealisme-et-realites-economiques\/","title":{"rendered":"La taxe Zucman : une proposition pour taxer les milliardaires, entre id\u00e9alisme et r\u00e9alit\u00e9s \u00e9conomiques"},"content":{"rendered":"<p> <br \/>\n<\/p>\n<div>\n<h5><strong>Gabriel Zucman, \u00e9conomiste, lobbyste et acteur international<\/strong><\/h5>\n<p>Gabriel Zucman est un \u00e9conomiste fran\u00e7ais de renom, sp\u00e9cialiste de la fiscalit\u00e9 internationale et de la distribution des richesses. \u00c2g\u00e9 de 37 ans, il est professeur \u00e0 l&rsquo;\u00c9cole d&rsquo;\u00e9conomie de Paris et dirige l&rsquo;Observatoire fiscal europ\u00e9en de l&rsquo;Universit\u00e9 libre de Bruxelles (ULB). Son travail, souvent compar\u00e9 \u00e0 celui de Thomas Piketty, met l&rsquo;accent sur les in\u00e9galit\u00e9s croissantes et les failles des syst\u00e8mes fiscaux mondiaux. Mais Zucman n&rsquo;est pas un simple acad\u00e9mique : il est per\u00e7u par ses d\u00e9tracteurs comme un lobbyste influent, financ\u00e9 par la \u00ab\u00a0<em>constellation Soros<\/em>\u00a0\u00bb, c&rsquo;est-\u00e0-dire les fondations philanthropiques de George Soros, notamment l&rsquo;Open Society Foundations (OSF). En effet, l&rsquo;Observatoire fiscal europ\u00e9en qu&rsquo;il dirige re\u00e7oit un financement direct de l&rsquo;OSF, l&rsquo;une des plus grandes organisations philanthropiques au monde, qui a distribu\u00e9 plus de 32 milliards de dollars depuis sa cr\u00e9ation en 1984 pour promouvoir des causes progressistes comme la justice sociale et la transparence fiscale. Cette connexion alimente les critiques, qui voient en Zucman un promoteur d&rsquo;agendas globaux align\u00e9s sur les int\u00e9r\u00eats d&rsquo;une \u00e9lite philanthropique de gauche.<\/p>\n<p>Zucman s&rsquo;est impos\u00e9 sur la sc\u00e8ne internationale lors du Forum \u00e9conomique mondial (WEF) de Davos en 2023, o\u00f9 il a particip\u00e9 activement aux d\u00e9bats sur la r\u00e9forme fiscale globale. Dans un <a target=\"_blank\" href=\"https:\/\/youtu.be\/wQ7IWew9BsY?si=-8U75Bg1pkvOhCcp\">message vid\u00e9o d&rsquo;ouverture<\/a>, il a appel\u00e9 les participants \u2013 chefs d&rsquo;\u00c9tat, milliardaires et d\u00e9cideurs \u2013 \u00e0 lutter contre l&rsquo;\u00e9vasion fiscale des ultrariches, soulignant que sans coordination internationale, les pays individuels peinent \u00e0 imposer les fortunes nomades.<\/p>\n<p><iframe loading=\"lazy\" title=\"Gabriel Zucman&#039;s message for the World Economic Forum\" width=\"1110\" height=\"624\" src=\"https:\/\/www.youtube.com\/embed\/wQ7IWew9BsY?feature=oembed\" frameborder=\"0\" allow=\"accelerometer; autoplay; clipboard-write; encrypted-media; gyroscope; picture-in-picture; web-share\" referrerpolicy=\"strict-origin-when-cross-origin\" allowfullscreen><\/iframe><\/p>\n<p>Son <a target=\"_blank\" href=\"https:\/\/www.weforum.org\/podcasts\/agenda-dialogues\/episodes\/davos-2023-global-tax-reform\/\">intervention, lors d&rsquo;une session sur \u00ab\u00a0<em>La R\u00e9forme Fiscale Globale en Stand-by ?<\/em>\u00a0\u00bb<\/a>, a mis en lumi\u00e8re ses id\u00e9es phares, renfor\u00e7ant son r\u00f4le de conseiller aupr\u00e8s d&rsquo;organisations comme le G20 et l&rsquo;ONU. Pour ses partisans, c&rsquo;est un visionnaire ; pour ses opposants, un activiste d\u00e9guis\u00e9 en expert, utilisant des plateformes \u00e9litistes pour pousser des politiques redistributives.<\/p>\n<p>\u00a0<\/p>\n<h5><strong>Les d\u00e9tails de la taxe Zucman et ses effets anticip\u00e9s<\/strong><\/h5>\n<p>La \u00ab\u00a0taxe Zucman\u00a0\u00bb, du nom de son promoteur, est une proposition d&rsquo;imp\u00f4t plancher sur les patrimoines des ultrariches, inspir\u00e9e des <strong>travaux de l&rsquo;\u00e9conomiste sur la taxation des milliardaires<\/strong>. Concr\u00e8tement, elle vise \u00e0 imposer annuellement au moins 2 % de la valeur nette du patrimoine pour les foyers dont la fortune d\u00e9passe 100 millions d&rsquo;euros \u2013 un seuil qui, en France, toucherait environ <a target=\"_blank\" href=\"https:\/\/www.touteleurope.eu\/economie-et-social\/impot-sur-les-plus-riches-la-taxe-zucman-existe-t-elle-dans-les-pays-europeens\/\">1 800 contribuables<\/a>, soit moins de 0,01 % de la population. Cet imp\u00f4t s&rsquo;appliquerait sur l&rsquo;ensemble des actifs (immobilier, actions, yachts, etc.), y compris les plus-values non r\u00e9alis\u00e9es, pour combler les lacunes des syst\u00e8mes fiscaux actuels o\u00f9 les milliardaires paient souvent un taux effectif d&rsquo;imposition bien inf\u00e9rieur \u00e0 celui des classes moyennes.<\/p>\n<p>Zucman, qui a <a target=\"_blank\" href=\"https:\/\/www.icrict.com\/events\/taxing-the-super-rich-at-the-g20-gabriel-zucman-advocates-for-international-standards-for-tax-justice\/\">pr\u00e9sent\u00e9 cette id\u00e9e au G20 en 2024<\/a> sous l&rsquo;\u00e9gide du Br\u00e9sil, envisage une mise en \u0153uvre internationale pour \u00e9viter les fuites de capitaux : un accord multilat\u00e9ral, similaire \u00e0 l&rsquo;imp\u00f4t minimum sur les soci\u00e9t\u00e9s de 15 % adopt\u00e9 en 2021, garantirait que les ultrariches paient partout o\u00f9 ils r\u00e9sident ou ont des actifs. En France, une proposition de loi inspir\u00e9e de ses travaux, d\u00e9pos\u00e9e par les \u00e9cologistes et socialistes en 2025, pr\u00e9voyait un rendement de <a target=\"_blank\" href=\"https:\/\/vert.eco\/articles\/taxe-zucman-sur-les-ultra-riches-linstauration-de-cet-impot-pourrait-rapporter-entre-15-et-25-milliards-deuros-par-an\">15 \u00e0 25 milliards d&rsquo;euros par an<\/a>, destin\u00e9s \u00e0 financer des services publics comme l&rsquo;\u00e9ducation ou la transition \u00e9cologique.<\/p>\n<p>Selon Zucman, les effets anticip\u00e9s sont doubles. \u00c9conomiquement, cette taxe g\u00e9n\u00e9rerait <strong>des recettes substantielles<\/strong> <strong>sans d\u00e9courager l&rsquo;investissement<\/strong> : elle ne s&rsquo;appliquerait qu&rsquo;aux fortunes extr\u00eames. Des<a target=\"_blank\" href=\"https:\/\/www.alternatives-economiques.fr\/gabriel-zucman-debattons-serieusement-de-taxation-milliardaires\/00114703\"> \u00e9tudes montrent que les milliardaires r\u00e9investissent d\u00e9j\u00e0 majoritairement leurs gains<\/a>, rendant l&rsquo;imp\u00f4t sur les plus-values non r\u00e9alis\u00e9es viable. Sociologiquement, elle r\u00e9duirait les in\u00e9galit\u00e9s en inversant la tendance \u00e0 la baisse du taux d&rsquo;imposition effectif des plus riches (pass\u00e9 de 70 % dans les ann\u00e9es 1980 \u00e0 moins de 20 % aujourd&rsquo;hui pour certains), favorisant une coh\u00e9sion sociale et une perception de justice fiscale. Zucman argue que, sans cela, les ultrariches continueront d&rsquo;\u00e9roder la base imposable via des paradis fiscaux, aggravant les tensions sociales.<\/p>\n<p>\u00a0<\/p>\n<h5><strong>R\u00e9actions du monde \u00e9conomique : une opposition f\u00e9roce des grands patrons<\/strong><\/h5>\n<p>La proposition n&rsquo;a pas tard\u00e9 \u00e0 susciter des r\u00e9actions vives, particuli\u00e8rement parmi les ultra-riches et les dirigeants d&rsquo;entreprises. Bernard Arnault, PDG de LVMH et homme le plus riche de France avec une fortune estim\u00e9e \u00e0 plus de 133 milliards d&rsquo;euros, a qualifi\u00e9 Gabriel Zucman de \u00ab\u00a0<em>militant d&rsquo;extr\u00eame gauche<\/em>\u00a0\u00bb cherchant \u00e0 \u00ab\u00a0<em>mettre \u00e0 terre l&rsquo;\u00e9conomie fran\u00e7aise<\/em>\u00a0\u00bb. Dans une interview au\u00a0Sunday Times\u00a0le 20 septembre 2025, il a d\u00e9nonc\u00e9 une pr\u00e9sentation \u00ab\u00a0<em>biais\u00e9e<\/em>\u00a0\u00bb de la situation fiscale fran\u00e7aise et averti qu&rsquo;une telle taxe serait \u00ab\u00a0<em>mortelle pour l&rsquo;\u00e9conomie<\/em>\u00a0\u00bb, risquant de d\u00e9truire l&rsquo;attractivit\u00e9 du pays.\u00a0<\/p>\n<p>D&rsquo;autres patrons ont embo\u00eet\u00e9 le pas. Nicolas Dufourcq, directeur g\u00e9n\u00e9ral de Bpifrance, a torpill\u00e9 l&rsquo;id\u00e9e comme un \u00ab\u00a0<em>d\u00e9lire communiste<\/em>\u00a0\u00bb et une \u00ab\u00a0<em>histoire de jalousie \u00e0 la fran\u00e7aise<\/em>\u00a0\u00bb, ironisant qu&rsquo;il faudrait plut\u00f4t \u00ab\u00a0<em>dresser des statues \u00e0 Pinault et Niel plut\u00f4t que de leur prendre 2 %<\/em>\u00a0\u00bb. Les dirigeants de la French Tech, comme Arthur Mensch de Mistral AI, ont exprim\u00e9 des craintes similaires : \u00ab\u00a0<em>Je ne pourrais \u00e9videmment pas payer<\/em>\u00a0\u00bb une telle taxe, a d\u00e9clar\u00e9 Mensch, tout en appelant \u00e0 des solutions pour plus de justice fiscale, tandis qu&rsquo;une trentaine d&rsquo;entre eux la qualifient de \u00ab\u00a0<em>pi\u00e8ge mortel<\/em>\u00a0\u00bb qui d\u00e9truirait 1,3 million d&#8217;emplois dans le secteur. Ces voix, vent debout contre ce qu&rsquo;ils voient comme une \u00ab\u00a0<em>spoliation<\/em>\u00a0\u00bb, illustrent les tensions entre innovation et redistribution.<\/p>\n<p>Et les messages sont clairs. Dans une interveiw, Antony Bourbon un entrepreneur fortun\u00e9 d\u00e9clare :\u00a0<\/p>\n<blockquote class=\"twitter-tweet\">\n<p lang=\"fr\" dir=\"ltr\">\ud83c\uddeb\ud83c\uddf7 | \u00ab Si vous \u00eates intelligent et brillant et que vous voulez gagner de l\u2019argent, quittez la France \u00bb, d\u00e9clare l\u2019entrepreneur Anthony Bourbon (fortune estim\u00e9e entre 80 et 100 M\u20ac). Il conseille aux jeunes de partir et estime que les Fran\u00e7ais finiront par prendre les armes et\u2026 <a target=\"_blank\" href=\"https:\/\/t.co\/PUrn6MykfZ\">pic.twitter.com\/PUrn6MykfZ<\/a><\/p>\n<p>\u2014 Cpasdeslol (@cpasdeslol_X) <a target=\"_blank\" href=\"https:\/\/twitter.com\/cpasdeslol_X\/status\/1969481945609613546?ref_src=twsrc%5Etfw\">September 20, 2025<\/a><\/p>\n<\/blockquote>\n<p>\u00a0<\/p>\n<p>\u00a0<strong>Ce qui ne va pas : une analyse \u00e9conomique et sociologique<\/strong><\/p>\n<p>Malgr\u00e9 son attrait apparent, la taxe Zucman soul\u00e8ve de s\u00e9rieuses objections d&rsquo;un point de vue \u00e9conomique. D&rsquo;abord, elle risque de provoquer une fuite massive de capitaux : les ultrariches, mobiles par nature, pourraient simplement d\u00e9placer leurs actifs vers des juridictions plus cl\u00e9mentes comme Duba\u00ef ou Singapour, r\u00e9duisant <a target=\"_blank\" href=\"https:\/\/www.alternatives-economiques.fr\/discrediter-taxe-zucman-liberaux-rivalisent-de-mauvaise-foi\/00116225\">les recettes attendues de 75 % selon certains \u00e9conomistes lib\u00e9raux<\/a>. En France, o\u00f9 le patrimoine est d\u00e9j\u00e0 lourdement tax\u00e9 (IFI, droits de succession), cela d\u00e9couragerait l&rsquo;entrepreneuriat : des patrons de tech et d&rsquo;industrie, comme <a target=\"_blank\" href=\"https:\/\/www.publicsenat.fr\/actualites\/economie\/taxe-zucman-les-patrons-ont-ils-raison-de-sinquieter-dune-eventuelle-imposition-des-plus-fortunes\">une trentaine de dirigeants interrog\u00e9s en 2025<\/a>, craignent que cela freine l&rsquo;innovation et l&#8217;emploi, qualifiant la mesure de \u00ab\u00a0contre-productive\u00a0\u00bb pour une \u00e9conomie en qu\u00eate d&rsquo;attractivit\u00e9. De plus, l&rsquo;\u00e9valuation des patrimoines non liquides (art, entreprises familiales) poserait des d\u00e9fis techniques insurmontables, g\u00e9n\u00e9rant litiges et co\u00fbts administratifs exorbitants \u2013 <a target=\"_blank\" href=\"https:\/\/www.lefigaro.fr\/vox\/economie\/la-taxe-zucman-derniere-supercherie-socialiste-20250911\">un \u00ab\u00a0<em>cauchemar bureaucratique<\/em>\u00a0\u00bb<\/a> pour certains experts. \u00c9conomiquement, au lieu de r\u00e9soudre le d\u00e9ficit public (proche de 6 % du PIB en 2025), <strong>elle masquerait les probl\u00e8mes structurels en augmentant les pr\u00e9l\u00e8vements sans r\u00e9former les d\u00e9penses<\/strong>.<\/p>\n<p>Sur le plan sociologique, la taxe Zucman accentue les clivages plut\u00f4t que de les apaiser. Elle est vue comme une mesure punitive, ciblant une minorit\u00e9 visible (les \u00ab\u00a0<em>milliardaires voyous<\/em>\u00a0\u00bb) au lieu de redresser les in\u00e9galit\u00e9s quotidiennes des classes moyennes et populaires, comme la pr\u00e9carit\u00e9 du logement ou la stagnation des salaires. Cela renforce un narratif victimaire des \u00e9lites \u00e9conomiques, tout en ignorant les dynamiques sociales : les fortunes ne sont pas fig\u00e9es, et taxer les \u00ab\u00a0<em>non-r\u00e9alis\u00e9s<\/em>\u00a0\u00bb pourrait d\u00e9courager la transmission interg\u00e9n\u00e9rationnelle, perp\u00e9tuant un cercle vicieux de d\u00e9fiance envers l&rsquo;\u00c9tat. Sociologiquement, elle divise la soci\u00e9t\u00e9 en \u00ab\u00a0<em>riches vs pauvres<\/em>\u00a0\u00bb, occultant que beaucoup d&rsquo;ultra-riches sont des cr\u00e9ateurs d&#8217;emplois, et alimente un populisme fiscal qui masque les vraies fractures, comme l&rsquo;acc\u00e8s in\u00e9gal \u00e0 l&rsquo;\u00e9ducation.\u00a0<\/p>\n<blockquote>\n<p>En fin de compte, elle risque de polariser davantage, sans favoriser une solidarit\u00e9 inclusive.<\/p>\n<\/blockquote>\n<h5>\u00a0<\/h5>\n<h5><strong>Les deux camps id\u00e9ologiques et l&rsquo;impasse fran\u00e7aise<\/strong><\/h5>\n<p>La taxe Zucman illustre parfaitement <strong>la fracture id\u00e9ologique qui divise le paysage politique et intellectuel<\/strong> : d&rsquo;un c\u00f4t\u00e9, le camp progressiste-\u00e9tatiste, incarn\u00e9 par Zucman et ses soutiens \u00e0 gauche, pr\u00f4ne une <strong>intervention forte de l&rsquo;\u00c9tat<\/strong> pour redistribuer via des imp\u00f4ts globaux, au nom d&rsquo;une justice sociale \u00ab\u00a0d&rsquo;en haut\u00a0\u00bb. De l&rsquo;autre, le camp lib\u00e9ral-conservateur, repr\u00e9sent\u00e9 par les think tanks comme l&rsquo;iFRAP ou les milieux patronaux, d\u00e9fend <strong>une fiscalit\u00e9 l\u00e9g\u00e8re pour stimuler la croissance<\/strong>, arguant que les richesses cr\u00e9ent plus de bien-\u00eatre par l&rsquo;innovation que par la ponction fiscale. Cette opposition, ancr\u00e9e dans une vision du monde \u2013 collectiviste vs individualiste \u2013 emp\u00eache un consensus sur les vraies priorit\u00e9s.<\/p>\n<p>Pour les Fran\u00e7ais, cette taxe n&rsquo;est une fois de plus pas la r\u00e9ponse. Les sondages r\u00e9cents montrent une <a target=\"_blank\" href=\"https:\/\/www.francesoir.fr\/politique-france\/defiance-massive-envers-les-institutions-et-appel-un-retour-de-la-souverainete\"><strong>aspiration ultra-majoritaire (88% selon le sondage MIS\u00a0 Group d\u2019aout 2025) \u00e0 une diminution importante<\/strong><\/a> du co\u00fbt de l&rsquo;\u00c9tat et de ses d\u00e9penses (pr\u00e8s de 57 % du PIB), via une r\u00e9duction des gaspillages administratifs et une simplification fiscale, plut\u00f4t qu&rsquo;une nouvelle couche d&rsquo;imp\u00f4ts sur une \u00e9lite fantasm\u00e9e.<\/p>\n<p>Au lieu de creuser le foss\u00e9 id\u00e9ologique, la France gagnerait \u00e0 se recentrer sur une r\u00e9forme globale : baisser les charges sur le travail, baisser de mani\u00e8re substantielle et rationaliser les budgets publics et favoriser l&rsquo;\u00e9pargne productive.\u00a0<\/p>\n<blockquote>\n<p>La taxe Zucman, s\u00e9duisante en th\u00e9orie, reste un mirage qui d\u00e9tourne du vrai enjeu : un \u00c9tat all\u00e9g\u00e9 au service des citoyens, non un L\u00e9viathan en qu\u00eate de proies.<\/p>\n<\/blockquote>\n<\/div>\n<p><script async src=\"\/\/platform.twitter.com\/widgets.js\" charset=\"utf-8\"><\/script><script>(function(d, s, id) {  var js, fjs = d.getElementsByTagName(s)[0];  if (d.getElementById(id)) return;  js = d.createElement(s); js.id = id;  js.src = \"\/\/connect.facebook.net\/fr_FR\/sdk.js#xfbml=1&version=v2.3\";  fjs.parentNode.insertBefore(js, fjs);}(document, \"script\", \"facebook-jssdk\"));<\/script><br \/>\n<br \/><br \/>\n<br \/><a href=\"https:\/\/www.francesoir.fr\/societe-economie\/la-taxe-zucman-une-proposition-pour-taxer-les-milliardaires-entre-idealisme-et\" target=\"_blank\"\">Source link <\/a><\/p>\n","protected":false},"excerpt":{"rendered":"<p>Gabriel Zucman, \u00e9conomiste, lobbyste et acteur international Gabriel Zucman est un \u00e9conomiste fran\u00e7ais de renom, sp\u00e9cialiste de la fiscalit\u00e9 internationale et de la distribution des richesses. \u00c2g\u00e9 de 37 ans,&hellip; <\/p>\n","protected":false},"author":1,"featured_media":16287,"comment_status":"open","ping_status":"open","sticky":false,"template":"","format":"standard","meta":{"footnotes":""},"categories":[1],"tags":[],"class_list":["post-16286","post","type-post","status-publish","format-standard","has-post-thumbnail","hentry","category-non-classe"],"_links":{"self":[{"href":"https:\/\/monde25.info\/index.php\/wp-json\/wp\/v2\/posts\/16286","targetHints":{"allow":["GET"]}}],"collection":[{"href":"https:\/\/monde25.info\/index.php\/wp-json\/wp\/v2\/posts"}],"about":[{"href":"https:\/\/monde25.info\/index.php\/wp-json\/wp\/v2\/types\/post"}],"author":[{"embeddable":true,"href":"https:\/\/monde25.info\/index.php\/wp-json\/wp\/v2\/users\/1"}],"replies":[{"embeddable":true,"href":"https:\/\/monde25.info\/index.php\/wp-json\/wp\/v2\/comments?post=16286"}],"version-history":[{"count":0,"href":"https:\/\/monde25.info\/index.php\/wp-json\/wp\/v2\/posts\/16286\/revisions"}],"wp:featuredmedia":[{"embeddable":true,"href":"https:\/\/monde25.info\/index.php\/wp-json\/wp\/v2\/media\/16287"}],"wp:attachment":[{"href":"https:\/\/monde25.info\/index.php\/wp-json\/wp\/v2\/media?parent=16286"}],"wp:term":[{"taxonomy":"category","embeddable":true,"href":"https:\/\/monde25.info\/index.php\/wp-json\/wp\/v2\/categories?post=16286"},{"taxonomy":"post_tag","embeddable":true,"href":"https:\/\/monde25.info\/index.php\/wp-json\/wp\/v2\/tags?post=16286"}],"curies":[{"name":"wp","href":"https:\/\/api.w.org\/{rel}","templated":true}]}}