{"id":16294,"date":"2025-09-21T18:19:46","date_gmt":"2025-09-21T16:19:46","guid":{"rendered":"https:\/\/monde25.info\/index.php\/2025\/09\/21\/resistances-locales-et-reconquete-citoyenne-les-moutons-enrages\/"},"modified":"2025-09-21T18:19:46","modified_gmt":"2025-09-21T16:19:46","slug":"resistances-locales-et-reconquete-citoyenne-les-moutons-enrages","status":"publish","type":"post","link":"https:\/\/monde25.info\/index.php\/2025\/09\/21\/resistances-locales-et-reconquete-citoyenne-les-moutons-enrages\/","title":{"rendered":"R\u00e9sistances locales et reconqu\u00eate citoyenne \u2013 Les moutons enrag\u00e9s"},"content":{"rendered":"<p> <br \/>\n<\/p>\n<div id=\"contexte\">\n<h2 class=\"lm-h1\">I. Contexte &amp; chronologie (17\u201320 septembre 2025)<\/h2>\n<p class=\"lm-p\">\nLes mobilisations du 18 septembre ont provoqu\u00e9 des perturbations majeures (transports, \u00e9ducation, services publics)<br \/>\net ouvert une s\u00e9quence de n\u00e9gociations sous pression. Au plan macro\u00e9conomique, les alertes sur l\u2019aust\u00e9rit\u00e9 et ses effets<br \/>\nsociaux persistent, tandis que la crise de confiance institutionnelle s\u2019accentue.\n<\/p>\n<h3 class=\"lm-h2\">Chronologie rapide<\/h3>\n<ul class=\"lm-list\">\n<li><strong>17\/09<\/strong> \u2014 Pr\u00e9avis et appels \u00e0 la gr\u00e8ve confirm\u00e9s ; coordinations locales s\u2019organisent.<\/li>\n<li><strong>18\/09<\/strong> \u2014 Mobilisation nationale d\u2019ampleur, forte participation dans l\u2019\u00e9ducation et les transports.<\/li>\n<li><strong>19\/09<\/strong> \u2014 \u00c9changes intersyndicaux, annonces gouvernementales partielles ; incertitudes sur la suite.<\/li>\n<li><strong>20\/09<\/strong> \u2014 Mise en place de comit\u00e9s locaux de suivi, pr\u00e9paration d\u2019actions cibl\u00e9es et de nouvelles dates.<\/li>\n<\/ul>\n<\/div>\n<div id=\"france\">\n<h2 class=\"lm-h1\">II. France \u2014 Dossiers cl\u00e9s<\/h2>\n<h3 class=\"lm-h2\">1) \u00c9ducation<\/h3>\n<p class=\"lm-p\">\nEnseignants, parents et \u00e9l\u00e8ves d\u00e9noncent la diminution des moyens, la pr\u00e9carisation des personnels et l\u2019alourdissement des charges.<br \/>\nDes collectifs organisent du soutien scolaire solidaire et des caisses de gr\u00e8ve locales.\n<\/p>\n<ul class=\"lm-list\">\n<li>Monter un r\u00e9seau local de <em>soutien scolaire<\/em> (b\u00e9n\u00e9voles, retrait\u00e9s de l\u2019\u00e9ducation, \u00e9tudiants).<\/li>\n<li>Cr\u00e9er une <em>coop\u00e9rative p\u00e9dagogique<\/em> (mutualisation de mat\u00e9riel, ateliers, p\u00e9dagogies actives).<\/li>\n<li>\u00c9laborer un <em>plan territorial<\/em> de besoins (classes, postes, accompagnement) et le m\u00e9diatiser.<\/li>\n<\/ul>\n<h3 class=\"lm-h2\">2) Sant\u00e9<\/h3>\n<p class=\"lm-p\">\nLes d\u00e9serts m\u00e9dicaux s\u2019\u00e9tendent. Face aux urgences satur\u00e9es, des maisons de sant\u00e9 communautaires \u00e9mergent,<br \/>\navec des permanences gratuites et des tourn\u00e9es.\n<\/p>\n<ul class=\"lm-list\">\n<li>Cartographier <em>offre\/ruptures<\/em> de soins sur la commune ; organiser des permanences b\u00e9n\u00e9voles encadr\u00e9es.<\/li>\n<li>Nouer des accords avec pharmacies et collectivit\u00e9s pour des <em>actions de pr\u00e9vention<\/em> (vaccins, d\u00e9pistage).<\/li>\n<li>Mettre en place une <em>caisse d\u2019aide<\/em> locale pour transports de sant\u00e9 et achats urgents.<\/li>\n<\/ul>\n<h3 class=\"lm-h2\">3) Transports<\/h3>\n<p class=\"lm-p\">\nPerturbations r\u00e9currentes et co\u00fbt de la mobilit\u00e9 fragilisent travailleurs et \u00e9tudiants. Des solutions locales<br \/>\npermettent de r\u00e9duire la d\u00e9pendance et les co\u00fbts.\n<\/p>\n<ul class=\"lm-list\">\n<li>Lancer des <em>r\u00e9seaux de covoiturage<\/em> par quartier\/entreprise ; parkings-relais autog\u00e9r\u00e9s.<\/li>\n<li>N\u00e9gocier des <em>cartes solidaires<\/em> avec la collectivit\u00e9 (tarifs sociaux, gratuit\u00e9 jeunes).<\/li>\n<li>D\u00e9velopper des <em>ateliers v\u00e9lo<\/em> associatifs pour r\u00e9parer et \u00e9quiper \u00e0 bas co\u00fbt.<\/li>\n<\/ul>\n<h3 class=\"lm-h2\">4) Territoires<\/h3>\n<p class=\"lm-p\">\nLes coupes frappent plus durement les zones p\u00e9riurbaines et rurales. La r\u00e9ponse passe par la coop\u00e9ration<br \/>\nintercommunale et des budgets participatifs.\n<\/p>\n<ul class=\"lm-list\">\n<li>Mettre en place un <em>budget participatif<\/em> orient\u00e9 services essentiels (cantines, \u00e9coles, mobilit\u00e9).<\/li>\n<li>Cr\u00e9er une <em>plateforme locale d\u2019entraide<\/em> (outils, garde d\u2019enfants, entraide alimentaire).<\/li>\n<li>\u00c9tablir des <em>conseils citoyens<\/em> d\u00e9cisionnels avec \u00e9lus et acteurs de terrain.<\/li>\n<\/ul>\n<\/div>\n<div id=\"international\">\n<h2 class=\"lm-h1\">III. International \u2014 Iran &amp; diplomatie des sanctions<\/h2>\n<p class=\"lm-p\">\nLe r\u00e9tablissement des sanctions onusiennes envisag\u00e9 contre l\u2019Iran relance les d\u00e9bats sur l\u2019efficacit\u00e9 des mesures<br \/>\ncoercitives et leurs impacts humanitaires. Les populations les plus vuln\u00e9rables paient d\u2019abord le prix des ruptures<br \/>\nd\u2019approvisionnement.\n<\/p>\n<ul class=\"lm-list\">\n<li>Surveiller l\u2019acc\u00e8s aux <em>m\u00e9dicaments essentiels<\/em> et aux \u00e9quipements m\u00e9dicaux import\u00e9s.<\/li>\n<li>Suivre les <em>indicateurs humanitaires<\/em> (sant\u00e9, inflation import\u00e9e, cha\u00eene logistique).<\/li>\n<li>Encourager les <em>canaux humanitaires<\/em> et dialogues multilat\u00e9raux pour limiter les dommages collat\u00e9raux.<\/li>\n<\/ul>\n<\/div>\n<div id=\"temoignages\">\n<h2 class=\"lm-h1\">IV. T\u00e9moignages &amp; ressentis<\/h2>\n<blockquote class=\"lm-quote\"><p>\u00ab On nous demande toujours plus avec moins : on finit par ne plus pouvoir assurer nos missions. \u00bb \u2014 Infirmi\u00e8re, 15 ans d\u2019anciennet\u00e9<\/p><\/blockquote>\n<blockquote class=\"lm-quote\"><p>\u00ab Le soutien scolaire solidaire a chang\u00e9 la donne dans notre quartier. \u00bb \u2014 Parent d\u2019\u00e9l\u00e8ve, coll\u00e8ge REP<\/p><\/blockquote>\n<blockquote class=\"lm-quote\"><p>\u00ab La coop\u00e9rative d\u2019\u00e9nergie nous a rendu du pouvoir d\u2019agir. \u00bb \u2014 \u00c9lu municipal rural<\/p><\/blockquote>\n<p class=\"lm-p\">Ces t\u00e9moignages, glan\u00e9s au fil d\u2019assembl\u00e9es locales et de collectifs, traduisent une bascule : de la plainte \u00e0 la construction de solutions partag\u00e9es.<\/p>\n<\/div>\n<div id=\"etudes\">\n<h2 class=\"lm-h1\">VI. \u00c9tudes de cas<\/h2>\n<h3 class=\"lm-h2\">Cas #1 \u2014 Commune rurale : budget participatif de survie<\/h3>\n<p class=\"lm-p\">Une commune de 2\u202f500 habitants met 5\u202f% de son budget d\u2019investissement en budget participatif, cibl\u00e9 \u00e9coles, cantine et mobilit\u00e9.<br \/>\nR\u00e9sultat : modernisation de la cantine, minibus solidaire, fonds d\u2019urgence \u00e9nergie.<\/p>\n<h3 class=\"lm-h2\">Cas #2 \u2014 Coop\u00e9rative d\u2019\u00e9nergie citoyenne<\/h3>\n<p class=\"lm-p\">200 foyers s\u2019agr\u00e8gent pour financer des installations solaires sur toitures publiques et priv\u00e9es, avec rachat de surplus.<br \/>\nBaisse de facture moyenne : 12\u201318\u202f% ; cr\u00e9ation d\u2019un fonds local d\u2019isolation.<\/p>\n<h3 class=\"lm-h2\">Cas #3 \u2014 AMAP &amp; cantine solidaire<\/h3>\n<p class=\"lm-p\">Une AMAP double ses paniers \u00e0 prix co\u00fbtant et alimente une cantine \u00e0 prix libre, coupl\u00e9e \u00e0 un atelier cuisine anti-gaspi.<\/p>\n<\/div>\n<div id=\"annexes\">\n<h2 class=\"lm-h1\">VIII. Annexes : mod\u00e8les &amp; check-lists<\/h2>\n<h3 class=\"lm-h2\">A) Mod\u00e8le de compte rendu d\u2019assembl\u00e9e<\/h3>\n<p class=\"lm-p\"><strong>Ordre du jour :<\/strong> 3 points max \u2022 <strong>D\u00e9cisions :<\/strong> qui fait quoi, quand \u2022 <strong>Suivi :<\/strong> lien public du tableau d\u2019avancement.<\/p>\n<h3 class=\"lm-h2\"> <img loading=\"lazy\" decoding=\"async\" src=\"https:\/\/lesmoutonsenrages.fr\/wp-content\/plugins\/wp-monalisa\/icons\/wpml_cool.gif\" alt=\"B)\" width=\"21\" height=\"21\" class=\"wpml_ico\" onload=\"pagespeed.lazyLoadImages.loadIfVisibleAndMaybeBeacon(this);\" onerror=\"this.onerror=null;pagespeed.lazyLoadImages.loadIfVisibleAndMaybeBeacon(this);\"\/> Check-list rassemblement public (g\u00e9n\u00e9rale)<\/h3>\n<ul class=\"lm-list\">\n<li>D\u00e9claration l\u00e9gale si n\u00e9cessaire ; respect des r\u00e8gles locales et de la s\u00e9curit\u00e9 publique.<\/li>\n<li>Accessibilit\u00e9 (PMR), eau, premiers secours, sorties de secours.<\/li>\n<li>B\u00e9n\u00e9voles identifiables ; coordination avec services municipaux.<\/li>\n<li>Documentation des actions (photos\/vid\u00e9os) dans le respect du droit \u00e0 l\u2019image.<\/li>\n<\/ul>\n<h3 class=\"lm-h2\">C) Mod\u00e8le de communiqu\u00e9 de presse local<\/h3>\n<p class=\"lm-p\"><strong>Titre :<\/strong> clair et factuel \u2022 <strong>Chapeau :<\/strong> 2\u20133 lignes d\u2019enjeu \u2022 <strong>Corps :<\/strong> faits + citations \u2022 <strong>Contact :<\/strong> email et t\u00e9l\u00e9phone d\u2019un\u00b7e porte-parole.<\/p>\n<p class=\"lm-p lm-quote\"><em>Note :<\/em> ce dossier compile des pratiques citoyennes et des r\u00e9f\u00e9rences publiques.<br \/>\nIl n\u2019encourage aucune action ill\u00e9gale et promeut des d\u00e9marches transparentes, solidaires et s\u00fbres.<\/p>\n<\/div>\n<p><br \/>\n<br \/><a href=\"https:\/\/lesmoutonsenrages.fr\/2025\/09\/20\/resistances-locales-et-reconquete-citoyenne\/\" target=\"_blank\"\">Source link <\/a><\/p>\n","protected":false},"excerpt":{"rendered":"<p>I. Contexte &amp; chronologie (17\u201320 septembre 2025) Les mobilisations du 18 septembre ont provoqu\u00e9 des perturbations majeures (transports, \u00e9ducation, services publics) et ouvert une s\u00e9quence de n\u00e9gociations sous pression. Au&hellip; <\/p>\n","protected":false},"author":1,"featured_media":16295,"comment_status":"open","ping_status":"open","sticky":false,"template":"","format":"standard","meta":{"footnotes":""},"categories":[1],"tags":[],"class_list":["post-16294","post","type-post","status-publish","format-standard","has-post-thumbnail","hentry","category-non-classe"],"_links":{"self":[{"href":"https:\/\/monde25.info\/index.php\/wp-json\/wp\/v2\/posts\/16294","targetHints":{"allow":["GET"]}}],"collection":[{"href":"https:\/\/monde25.info\/index.php\/wp-json\/wp\/v2\/posts"}],"about":[{"href":"https:\/\/monde25.info\/index.php\/wp-json\/wp\/v2\/types\/post"}],"author":[{"embeddable":true,"href":"https:\/\/monde25.info\/index.php\/wp-json\/wp\/v2\/users\/1"}],"replies":[{"embeddable":true,"href":"https:\/\/monde25.info\/index.php\/wp-json\/wp\/v2\/comments?post=16294"}],"version-history":[{"count":0,"href":"https:\/\/monde25.info\/index.php\/wp-json\/wp\/v2\/posts\/16294\/revisions"}],"wp:featuredmedia":[{"embeddable":true,"href":"https:\/\/monde25.info\/index.php\/wp-json\/wp\/v2\/media\/16295"}],"wp:attachment":[{"href":"https:\/\/monde25.info\/index.php\/wp-json\/wp\/v2\/media?parent=16294"}],"wp:term":[{"taxonomy":"category","embeddable":true,"href":"https:\/\/monde25.info\/index.php\/wp-json\/wp\/v2\/categories?post=16294"},{"taxonomy":"post_tag","embeddable":true,"href":"https:\/\/monde25.info\/index.php\/wp-json\/wp\/v2\/tags?post=16294"}],"curies":[{"name":"wp","href":"https:\/\/api.w.org\/{rel}","templated":true}]}}