{"id":16299,"date":"2025-09-22T10:48:34","date_gmt":"2025-09-22T08:48:34","guid":{"rendered":"https:\/\/monde25.info\/index.php\/2025\/09\/22\/se-proteger-le-visage-contre-les-gaz-lacrymogenes-est-il-reprehensible\/"},"modified":"2025-09-22T10:48:34","modified_gmt":"2025-09-22T08:48:34","slug":"se-proteger-le-visage-contre-les-gaz-lacrymogenes-est-il-reprehensible","status":"publish","type":"post","link":"https:\/\/monde25.info\/index.php\/2025\/09\/22\/se-proteger-le-visage-contre-les-gaz-lacrymogenes-est-il-reprehensible\/","title":{"rendered":"Se prot\u00e9ger le visage contre les gaz lacrymog\u00e8nes est-il r\u00e9pr\u00e9hensible?"},"content":{"rendered":"<p> <br \/>\n<\/p>\n<div>\n<p><strong>Jeudi dernier, alors que le mouvement \u00ab\u00a0Bloquons tout !\u00a0\u00bb battait son plein, Agathe Foucault, porte-parole de la police nationale, s&rsquo;est fendue d&rsquo;une mise en garde hasardeuse. Cacher son visage en manifestation, m\u00eame pour se prot\u00e9ger des gaz lacrymog\u00e8nes, pourrait \u00eatre sanctionn\u00e9. La l\u00e9gislation est plus complexe qu\u2019il n\u2019y para\u00eet.\u00a0<\/strong><\/p>\n<p>\u00ab\u00a0Avoir, sur un rassemblement, des objets qui vont permettre de se dissimuler le visage, de se prot\u00e9ger contre le gaz lacrymog\u00e8ne, \u00e7a constitue une infraction\u00a0\u00bb, a-t-elle assur\u00e9 au micro de <em>BFMTV<\/em>.\u00a0<\/p>\n<p>Le droit fran\u00e7ais n\u2019est pas aussi tranch\u00e9. Si l\u2019interdiction de se dissimuler le visage dans une manifestation est d\u00e9finie, elle s\u2019applique essentiellement \u00e0 ceux qui veulent \u00e9chapper \u00e0 l&rsquo;identification dans un contexte de violences ou de menaces \u00e0 l\u2019ordre public. La l\u00e9gislation pr\u00e9cise que l\u2019infraction n\u2019est constitu\u00e9e que si la dissimulation du visage survient dans une manifestation o\u00f9 des troubles sont av\u00e9r\u00e9s, et si le motif invoqu\u00e9 n\u2019est pas jug\u00e9 l\u00e9gitime.\u00a0<\/p>\n<p>Le premier point signifie qu&rsquo;en cas de manifestation pacifique, la loi ne s&rsquo;applique pas. Mais le contexte peut changer rapidement&#8230; Comme le souligne un <a target=\"_blank\" href=\"https:\/\/www.instagram.com\/p\/DOxeJ0QCIOR\/\">internaute<\/a> sur Instagram : \u00ab\u00a0Ces derni\u00e8res ann\u00e9es, nous avons vu \u00e0 plusieurs reprises la police gazer des manifestations pacifistes, cr\u00e9ant un trouble volontairement afin d&rsquo;avoir des motifs pour r\u00e9primer les manifestants.\u00a0\u00bb<\/p>\n<p>Reste le second point de la l\u00e9gitimit\u00e9 ; de fait, se prot\u00e9ger des gaz lacrymog\u00e8nes pourrait bien \u00eatre une raison valable de porter une protection&#8230; En 2021, un jugement de la cour d&rsquo;appel de Rennes a d\u2019ailleurs relax\u00e9 un manifestant pour s&rsquo;\u00eatre prot\u00e9g\u00e9 des gaz lacrymog\u00e8nes lors d&rsquo;une manifestation contre la r\u00e9forme des retraites. Toutefois, la jurisprudence n\u2019est pas d\u00e9finitive et ne garantit pas une application uniforme \u00e0 l&rsquo;avenir. Nous assisterons donc possiblement \u00e0 de nouvelles vell\u00e9it\u00e9s politiques, signes d&rsquo;un r\u00e9gime qui ne tol\u00e8re plus la contradiction. \u00a0<\/p>\n<\/div>\n<p><script>(function(d, s, id) {  var js, fjs = d.getElementsByTagName(s)[0];  if (d.getElementById(id)) return;  js = d.createElement(s); js.id = id;  js.src = \"\/\/connect.facebook.net\/fr_FR\/sdk.js#xfbml=1&version=v2.3\";  fjs.parentNode.insertBefore(js, fjs);}(document, \"script\", \"facebook-jssdk\"));<\/script><script async defer src=\"https:\/\/platform.instagram.com\/en_US\/embeds.js\"><\/script><br \/>\n<br \/><br \/>\n<br \/><a href=\"https:\/\/www.francesoir.fr\/politique-france\/se-proteger-le-visage-contre-les-gaz-lacrymogenes-est-il-reprehensible\" target=\"_blank\"\">Source link <\/a><\/p>\n","protected":false},"excerpt":{"rendered":"<p>Jeudi dernier, alors que le mouvement \u00ab\u00a0Bloquons tout !\u00a0\u00bb battait son plein, Agathe Foucault, porte-parole de la police nationale, s&rsquo;est fendue d&rsquo;une mise en garde hasardeuse. Cacher son visage en&hellip; <\/p>\n","protected":false},"author":1,"featured_media":16300,"comment_status":"open","ping_status":"open","sticky":false,"template":"","format":"standard","meta":{"footnotes":""},"categories":[1],"tags":[],"class_list":["post-16299","post","type-post","status-publish","format-standard","has-post-thumbnail","hentry","category-non-classe"],"_links":{"self":[{"href":"https:\/\/monde25.info\/index.php\/wp-json\/wp\/v2\/posts\/16299","targetHints":{"allow":["GET"]}}],"collection":[{"href":"https:\/\/monde25.info\/index.php\/wp-json\/wp\/v2\/posts"}],"about":[{"href":"https:\/\/monde25.info\/index.php\/wp-json\/wp\/v2\/types\/post"}],"author":[{"embeddable":true,"href":"https:\/\/monde25.info\/index.php\/wp-json\/wp\/v2\/users\/1"}],"replies":[{"embeddable":true,"href":"https:\/\/monde25.info\/index.php\/wp-json\/wp\/v2\/comments?post=16299"}],"version-history":[{"count":0,"href":"https:\/\/monde25.info\/index.php\/wp-json\/wp\/v2\/posts\/16299\/revisions"}],"wp:featuredmedia":[{"embeddable":true,"href":"https:\/\/monde25.info\/index.php\/wp-json\/wp\/v2\/media\/16300"}],"wp:attachment":[{"href":"https:\/\/monde25.info\/index.php\/wp-json\/wp\/v2\/media?parent=16299"}],"wp:term":[{"taxonomy":"category","embeddable":true,"href":"https:\/\/monde25.info\/index.php\/wp-json\/wp\/v2\/categories?post=16299"},{"taxonomy":"post_tag","embeddable":true,"href":"https:\/\/monde25.info\/index.php\/wp-json\/wp\/v2\/tags?post=16299"}],"curies":[{"name":"wp","href":"https:\/\/api.w.org\/{rel}","templated":true}]}}