{"id":16305,"date":"2025-09-22T12:28:02","date_gmt":"2025-09-22T10:28:02","guid":{"rendered":"https:\/\/monde25.info\/index.php\/2025\/09\/22\/monetiser-lhumiliation-retour-sur-laffaire-jean-pormanove\/"},"modified":"2025-09-22T12:28:02","modified_gmt":"2025-09-22T10:28:02","slug":"monetiser-lhumiliation-retour-sur-laffaire-jean-pormanove","status":"publish","type":"post","link":"https:\/\/monde25.info\/index.php\/2025\/09\/22\/monetiser-lhumiliation-retour-sur-laffaire-jean-pormanove\/","title":{"rendered":"Mon\u00e9tiser l\u2019humiliation : retour sur l&rsquo;affaire Jean Pormanove"},"content":{"rendered":"<p> <br \/>\n<\/p>\n<div>\n<h2 data-mediapart-role=\"subheading\" class=\"subheading\">Mediapart est sur Twitch<\/h2>\n<p>Retrouvez l\u2019\u00e9mission \u00ab\u00a0Abonnez-vous\u00a0\u00bb avec Ana Ferrer, tous les lundis, \u00e0 partir de 18\u00a0heures, sur la plateforme Twitch, pour d\u00e9couvrir les coulisses de Mediapart. Et l\u2019\u00e9mission \u00ab\u00a0Abonnez-vous matin\u00a0\u00bb tous les vendredis \u00e0 partir de 10\u00a0heures, pour revenir sur l\u2019actualit\u00e9 de Mediapart avec Ostpolitik.<\/p>\n<h2 data-start=\"224\" data-end=\"360\" data-mediapart-role=\"subheading\" class=\"subheading\">Affaire Jean Pormanove\u00a0: mon\u00e9tisation de l\u2019humiliation et violences validistes<\/h2>\n<p data-start=\"362\" data-end=\"636\"><b>Lundi 22 septembre \u00e0 18 heures<\/b> sur\u00a0 la chaine Twitch de Mediapart, Marie Turcan, journaliste \u00e0 l\u2019origine de l\u2019enqu\u00eate sur la cha\u00eene Kick \u00ab\u00a0Jeanpormanove\u00a0\u00bb, sera notre invit\u00e9e. Elle reviendra sur les faits marquants de son enqu\u00eate, depuis les r\u00e9v\u00e9lations en d\u00e9cembre, la garde \u00e0 vue des protagonistes en janvier 2024, jusqu\u2019au d\u00e9c\u00e8s de Raphael Graven en ao\u00fbt. Nous \u00e9voquerons \u00e9galement la sociologie de la communaut\u00e9 de followers et les maltraitances validistes document\u00e9es.<\/p>\n<p data-start=\"362\" data-end=\"636\">Pendant deux heures, Marie Turcan r\u00e9pondra \u00e0 vos questions sur cette affaire o\u00f9 l\u2019humiliation fait vendre.<\/p>\n<h2 data-mediapart-role=\"subheading\" class=\"subheading\">Comment faire pour suivre le live\u00a0?<\/h2>\n<p>Pour regarder le live, pas besoin de s\u2019inscrire \u00e0 Twitch, les vid\u00e9os sont sur notre cha\u00eene <a target=\"_blank\" href=\"https:\/\/www.twitch.tv\/videos\/1743961685\">https:\/\/www.twitch.tv\/mediapart<\/a>. Pour participer au chat, il faut cr\u00e9er un compte et suivre gratuitement la cha\u00eene. Vous pouvez ainsi \u00eatre pr\u00e9venu\u00b7e quand le live commencera et ne rater aucune \u00e9mission.\u00a0<\/p>\n<p>Si vous n\u2019\u00eates pas disponible le lundi soir, l\u2019\u00e9mission est en replay d\u00e8s le lendemain sur YouTube et sur Mediapart.<\/p>\n<p>Afin de limiter au minimum la mon\u00e9tisation de cette cha\u00eene, nous ne sommes ni \u00ab\u00a0affili\u00e9\u00a0\u00bb ni \u00ab\u00a0partenaire\u00a0\u00bb. Si vous voulez nous soutenir, pas de \u00ab\u00a0sub\u00a0\u00bb (une sorte de pourboire propos\u00e9 par la plateforme et grassement commissionn\u00e9), pr\u00e9f\u00e9rez l\u2019abonnement\u00a0!\u00a0<\/p>\n<h2 class=\"subheading subheading\" data-mediapart-role=\"subheading\">S\u2019y retrouver sur Twitch\u00a0<\/h2>\n<p>La plateforme Twitch a son propre vocabulaire\u00a0\u2013\u00a0eh oui, cette plateforme a \u00e9t\u00e9 cr\u00e9\u00e9e aux \u00c9tats-Unis, donc ce vocabulaire est en anglais.<\/p>\n<p>Traduire ces termes reviendrait \u00e0 perdre en pr\u00e9cision et en compr\u00e9hension.<\/p>\n<p>Comme nous parlons d\u2019un journal et de formule d\u2019abonnement, nous devons donc faire un distinguo entre s\u2019abonner \u00e0 Mediapart et s\u2019abonner \u00e0 la cha\u00eene Twitch de Mediapart. Sur Twitch, s\u2019abonner \u00e0 une cha\u00eene se dit <i>\u00ab\u00a0follow\u00a0\u00bb<\/i>. Payer un abonnement de soutien se dit prendre un <i>\u00ab\u00a0sub\u00a0\u00bb<\/i>.<\/p>\n<\/p><\/div>\n<p><br \/>\n<br \/><a href=\"https:\/\/www.mediapart.fr\/journal\/france\/220925\/monetiser-l-humiliation-retour-sur-laffaire-jean-pormanove\" target=\"_blank\"\">Source link <\/a><\/p>\n","protected":false},"excerpt":{"rendered":"<p>Mediapart est sur Twitch Retrouvez l\u2019\u00e9mission \u00ab\u00a0Abonnez-vous\u00a0\u00bb avec Ana Ferrer, tous les lundis, \u00e0 partir de 18\u00a0heures, sur la plateforme Twitch, pour d\u00e9couvrir les coulisses de Mediapart. Et l\u2019\u00e9mission \u00ab\u00a0Abonnez-vous&hellip; <\/p>\n","protected":false},"author":1,"featured_media":16306,"comment_status":"open","ping_status":"open","sticky":false,"template":"","format":"standard","meta":{"footnotes":""},"categories":[1],"tags":[],"class_list":["post-16305","post","type-post","status-publish","format-standard","has-post-thumbnail","hentry","category-non-classe"],"_links":{"self":[{"href":"https:\/\/monde25.info\/index.php\/wp-json\/wp\/v2\/posts\/16305","targetHints":{"allow":["GET"]}}],"collection":[{"href":"https:\/\/monde25.info\/index.php\/wp-json\/wp\/v2\/posts"}],"about":[{"href":"https:\/\/monde25.info\/index.php\/wp-json\/wp\/v2\/types\/post"}],"author":[{"embeddable":true,"href":"https:\/\/monde25.info\/index.php\/wp-json\/wp\/v2\/users\/1"}],"replies":[{"embeddable":true,"href":"https:\/\/monde25.info\/index.php\/wp-json\/wp\/v2\/comments?post=16305"}],"version-history":[{"count":0,"href":"https:\/\/monde25.info\/index.php\/wp-json\/wp\/v2\/posts\/16305\/revisions"}],"wp:featuredmedia":[{"embeddable":true,"href":"https:\/\/monde25.info\/index.php\/wp-json\/wp\/v2\/media\/16306"}],"wp:attachment":[{"href":"https:\/\/monde25.info\/index.php\/wp-json\/wp\/v2\/media?parent=16305"}],"wp:term":[{"taxonomy":"category","embeddable":true,"href":"https:\/\/monde25.info\/index.php\/wp-json\/wp\/v2\/categories?post=16305"},{"taxonomy":"post_tag","embeddable":true,"href":"https:\/\/monde25.info\/index.php\/wp-json\/wp\/v2\/tags?post=16305"}],"curies":[{"name":"wp","href":"https:\/\/api.w.org\/{rel}","templated":true}]}}