{"id":16307,"date":"2025-09-22T13:00:39","date_gmt":"2025-09-22T11:00:39","guid":{"rendered":"https:\/\/monde25.info\/index.php\/2025\/09\/22\/camarade-leon-landini-tu-restes-a-jamais-un-exemple-et-un-honneur-pour-nous-tous\/"},"modified":"2025-09-22T13:00:39","modified_gmt":"2025-09-22T11:00:39","slug":"camarade-leon-landini-tu-restes-a-jamais-un-exemple-et-un-honneur-pour-nous-tous","status":"publish","type":"post","link":"https:\/\/monde25.info\/index.php\/2025\/09\/22\/camarade-leon-landini-tu-restes-a-jamais-un-exemple-et-un-honneur-pour-nous-tous\/","title":{"rendered":"Camarade L\u00e9on Landini, tu restes \u00e0 jamais un exemple et un honneur pour nous tous !"},"content":{"rendered":"<p> <br \/>\n<\/p>\n<div id=\"\">\n<p>Par Fadi Kassem, secr\u00e9taire national du P\u00f4le de Renaissance Communiste en France,<br class=\"autobr\"\/><br \/>\n Jean-Pierre Hemmen, fils de Fusill\u00e9 de la R\u00e9sistance, vice-pr\u00e9sident du PRCF<br class=\"autobr\"\/><br \/>\n Georges Gastaud, fils de R\u00e9sistant, directeur du journal Initiative communiste <br class=\"autobr\"\/><br \/>\n Annie Lacroix-Riz, historienne, petite-fille de D\u00e9port\u00e9 juif, membre du Comit\u00e9 Central du PRCF<\/p>\n<p><strong>Hommage auquel s\u2019associe Ren\u00e9 Barchi, fils de FTP-MOI, historien du Bataillon sovi\u00e9tique f\u00e9minin Rodina qui combattit en France sous l\u2019Occupation<\/strong><\/p>\n<p>Affectueusement entour\u00e9 de ses filles Gilda et Mireille, de son gendre No\u00ebl et de sa petite-fille Manon, L\u00e9on Landini vient de s\u2019\u00e9teindre paisiblement ce dimanche 21 septembre 2025 \u00e0 l\u2019\u00e2ge de 99 ans.<\/p>\n<p>Il n\u2019a pu atteindre, comme nous l\u2019esp\u00e9rions tous, son 100\u00e8me anniversaire, date \u00e0 laquelle une rencontre officielle devait \u00eatre organis\u00e9e sur ses instances en l\u2019honneur des Francs-Tireurs et Partisans de la Main-d\u2019Oeuvre Immigr\u00e9e, ces F.T.P.-M.O.I. dont L\u00e9on a inlassablement d\u00e9fendu et transmis la m\u00e9moire. A cette fin, L\u00e9on aura travaill\u00e9 jusqu\u2019au dernier jour avec sa fille Gilda, r\u00e9dactrice en chef de la revue Etincelles, \u00e0 l\u2019\u00e9tablissement d\u2019une brochure rappelant les \u00e9tats de service \u00e9clatants du Bataillon Carmagnole-Libert\u00e9 (dont L\u00e9on pr\u00e9sidait l\u2019Amicale) et dont Charles Tillon, commandant de tous les FTP de France, a pu dire qu\u2019il \u00e9tait \u00ab\u00a0le plus beau fleuron de la R\u00e9sistance fran\u00e7aise arm\u00e9e\u00a0\u00bb.<\/p>\n<p>C\u2019est ainsi que, d\u00e8s l\u2019\u00e2ge de 16 ans, L\u00e9on s\u2019est engag\u00e9 dans le plus dangereux des combats, celui de la gu\u00e9rilla urbaine communiste. Il a ainsi particip\u00e9 en premi\u00e8re ligne \u00e0 des dizaines d\u2019actions arm\u00e9es contre la Wehrmacht, \u00e0 des attaques contre des trains militaires allemands, ainsi qu\u2019\u00e0 de nombreux d\u00e9raillements. Arr\u00eat\u00e9 \u00e0 Lyon, tortur\u00e9 comme 52 de ses camarades morts sous les coups de Barbie et Cie, notre camarade est \u00e0 la fois sorti de la guerre, officier FTP-MOI et&#8230; Grand Mutil\u00e9 de Guerre. Pour faits de R\u00e9sistance, L\u00e9on avait re\u00e7u de la main du pr\u00e9sident Mitterrand le grade d\u2019Officier de la L\u00e9gion d\u2019honneur, une distinction qu\u2019avait anticip\u00e9e la M\u00e9daille de la R\u00e9sistance.<\/p>\n<p>Pla\u00e7ant ses pas dans ceux de son p\u00e8re Aristide, un indomptable antifasciste italien qui avait d\u00fb s\u2019enfuir en France, \u00ab\u00a0seul pays au monde o\u00f9 figurait au fronton des mairies la devise Libert\u00e9, \u00e9galit\u00e9, fraternit\u00e9\u00ab\u00a0, et suivant l\u2019exemple h\u00e9ro\u00efque de son fr\u00e8re a\u00een\u00e9 Roger (organisateur de la premi\u00e8re action de r\u00e9sistance arm\u00e9e dirig\u00e9e contre l\u2019Occupant italien d\u00e8s 1940\u00a0: un d\u00e9raillement en gare de St-Rapha\u00ebl visant \u00e0 emp\u00eacher un train de marchandises de rallier l\u2019Allemagne), fils cadet d\u2019une famille rouge qui avait successivement re\u00e7u Cachin et (clandestinement) Togliatti, L\u00e9on, ainsi que sa soeur Hermine, elle aussi h\u00e9ro\u00efne de la R\u00e9sistance devenue par la suite secr\u00e9taire des parlementaires du PCF, aura symbolis\u00e9 toute sa vie ce \u00ab\u00a0fil rouge\u00a0\u00bb qui a rattach\u00e9 \u00e0 travers l\u2019histoire universelle la R\u00e9volution d\u2019Octobre, les Fronts populaires antifascistes, la R\u00e9sistance \u00e0 l\u2019Occupation nazie, les luttes du PCF d\u2019apr\u00e8s-guerre pour les \u00ab\u00a0Jours heureux\u00a0\u00bb promis par le CNR, et avec elles l\u2019engagement inlassable des communistes pour les avanc\u00e9es sociales, la libert\u00e9 des peuples, le socialisme international, la souverainet\u00e9 de la France et la paix mondiale.<\/p>\n<p>Exer\u00e7ant successivement tous les m\u00e9tiers mais inflexiblement engag\u00e9 pour son grand id\u00e9al patriotique et internationaliste, L\u00e9on avait fini par quitter la mort dans l\u2019\u00e2me le PCF lorsque, sous la houlette d\u2019un Robert Hue rivalisant avec Gorbatchev en mati\u00e8re de reniements, ce parti eut fini d\u2019\u00f4ter de ses statuts la r\u00e9f\u00e9rence au marxisme-l\u00e9ninisme, au socialisme, au combat r\u00e9volutionnaire et \u00e0 la classe ouvri\u00e8re tout en ralliant une \u00ab\u00a0construction\u00a0\u00bb europ\u00e9enne synonyme de d\u00e9molition sociale et nationale. Press\u00e9 par ses amis Henri Alleg, Pierre Pranch\u00e8re, Jacques Coignard, Simone Vachon, Bernard Parquet, Jean-Pierre Hemmen, L\u00e9on r\u00e9pondit sans h\u00e9siter \u00e0 la demande de Geo Hage et de Georges Gastaud d\u2019assumer la pr\u00e9sidence ex\u00e9cutive du P\u00f4le de Renaissance Communiste en France cr\u00e9\u00e9 en 2004. Comme il ne cessa alors de le proclamer\u00a0: \u00ab\u00a0Je n\u2019ai pas abandonn\u00e9 le Parti\u00a0: c\u2019est le Parti qui m\u2019a abandonn\u00e9\u00a0\u00bb.<\/p>\n<p>Depuis lors, surmontant la douleur que lui avait caus\u00e9e la perte de son \u00e9pouse Simone, qu\u2019il soigna jusqu\u2019au bout avec d\u00e9vouement, L\u00e9on n\u2019aura cess\u00e9 de se battre pour l\u2019ind\u00e9pendance fran\u00e7aise, pour les conqu\u00eates sociales, pour la paix mondiale menac\u00e9e par l\u2019UE-OTAN, pour un socialisme-communisme de nouvelle g\u00e9n\u00e9ration. Constamment sur la br\u00eache, <a target=\"_blank\" href=\"https:\/\/www.initiative-communiste.fr\/articles\/luttes\/a-saint-raphael-le-maire-demonte-le-monument-aux-heros-de-la-resistance-communiste-le-prcf-leur-rend-hommage\/\" class=\"spip_out\" rel=\"external\">L\u00e9on venait d\u2019\u00e9crire une Lettre ouverte au maire de St-Rapha\u00ebl, dont l\u2019anticommunisme d\u00e9brid\u00e9 s\u2019est illustr\u00e9 par la r\u00e9cente \u00e9rection d\u2019un monument aux \u00ab\u00a0victimes du communisme\u00a0\u00bb<\/a> dans la localit\u00e9 o\u00f9, par une triste co\u00efncidence, la \u00ab\u00a0pierre de m\u00e9moire\u00a0\u00bb d\u00e9di\u00e9e au d\u00e9funt Roger Landini par sa ville natale, venait d\u2019\u00eatre retir\u00e9e \u00ab\u00a0provisoirement\u00a0\u00bb. L\u00e9on interpellait ainsi cet \u00e9dile\u00a0: les nazis que j\u2019ai abattus sous l\u2019Occupation sont-ils comptabilis\u00e9s parmi lesdites \u00ab\u00a0victimes\u00a0\u00bb\u00a0?<\/p>\n<p>Ins\u00e9parablement de ses qualit\u00e9s de dirigeant communiste, L\u00e9on \u00e9tait aussi cet homme plein d\u2019humour, toujours pr\u00eat \u00e0 entonner les chants du prol\u00e9tariat italien et ceux de la R\u00e9volution fran\u00e7aise\u00a0; il \u00e9tait ce camarade fraternel, toujours poli et pr\u00e9venant envers tous les travailleurs, ses fr\u00e8res. A demi-inconscient d\u00e9j\u00e0 sur son lit d\u2019h\u00f4pital, L\u00e9on souriait encore et ouvrait grands les yeux quand ses filles lui passaient en sourdine la \u00ab\u00a0Jeune Garde\u00a0\u00bb\u00a0!<\/p>\n<p>Ami de la langue fran\u00e7aise, qu\u2019il d\u00e9fendait contre le tout-anglais prolif\u00e9rant, L\u00e9on pr\u00e9sidait l\u2019Association COURRIEL. Pour son combat r\u00e9sistant, son engagement pacifique et sa lutte constante contre l\u2019antisovi\u00e9tisme devenu bellicisme russophobe, L\u00e9on avait \u00e9t\u00e9 d\u00e9cor\u00e9 par l\u2019URSS. Il avait aussi re\u00e7u la M\u00e9daille de l\u2019Amiti\u00e9 de la R\u00e9publique de Cuba en raison de sa solidarit\u00e9 politique constante avec le socialisme cubain.<\/p>\n<p>Inoubliable L\u00e9on, non seulement nous te regrettons de toute notre \u00e2me, mais, unis derri\u00e8re l\u2019\u00e9tendard de Carmagnole-Libert\u00e9 que tu as su porter au coeur du Panth\u00e9on, unissant avec le PRCF le drapeau rouge du combat social au drapeau tricolore de la France des travailleurs, nous te jurons de rester unis contre le fascisme r\u00e9surgent, pour la paix, pour la reconstruction d\u2019un parti communiste de combat, pour la renaissance d\u2019une France \u00ab\u00a0libre, forte et heureuse\u00a0\u00bb et pour ces nouveaux Jours heureux auxquels tu as vou\u00e9 ta vie de lumi\u00e8re.<\/p>\n<p>21 septembre 2025 \u2013 14h<\/p>\n<p><strong>L\u00e9on Landini ton combat continue<\/strong><br class=\"autobr\"\/><br \/>\nInitiative Communiste vous propose de retrouver et d\u2019utiliser et de diffuser les publications dans nos pages de <a target=\"_blank\" href=\"https:\/\/www.initiative-communiste.fr\/theme\/leon-landini\" class=\"spip_out\" rel=\"external\">notre camarade L\u00e9on Landini, que nous avons rassembl\u00e9es ici (cliquer)<\/a><\/p>\n<p>PS\u00a0: le reste de l\u2019article montre pleins de photos et de vid\u00e9os de L\u00e9on Landini n\u2019h\u00e9siter pas \u00e0 cliquer sur le lien en source <a target=\"_blank\" href=\"https:\/\/www.initiative-communiste.fr\/articles\/prcf\/camarade-leon-landini-tu-restes-a-jamais-un-exemple-et-un-honneur-pour-nous-tous\/\" class=\"spip_url spip_out auto\" rel=\"nofollow external\">https:\/\/www.initiative-communiste.fr\/articles\/prcf\/camarade-leon-landini-tu-restes-a-jamais-un-exemple-et-un-honneur-pour-nous-tous\/<\/a><\/p>\n<\/div>\n<p><br \/>\n<br \/><a href=\"https:\/\/www.legrandsoir.info\/camarade-leon-landini-tu-restes-a-jamais-un-exemple-et-un-honneur-pour-nous-tous.html\" target=\"_blank\"\">Source link <\/a><\/p>\n","protected":false},"excerpt":{"rendered":"<p>Par Fadi Kassem, secr\u00e9taire national du P\u00f4le de Renaissance Communiste en France, Jean-Pierre Hemmen, fils de Fusill\u00e9 de la R\u00e9sistance, vice-pr\u00e9sident du PRCF Georges Gastaud, fils de R\u00e9sistant, directeur du&hellip; <\/p>\n","protected":false},"author":1,"featured_media":16308,"comment_status":"open","ping_status":"open","sticky":false,"template":"","format":"standard","meta":{"footnotes":""},"categories":[1],"tags":[],"class_list":["post-16307","post","type-post","status-publish","format-standard","has-post-thumbnail","hentry","category-non-classe"],"_links":{"self":[{"href":"https:\/\/monde25.info\/index.php\/wp-json\/wp\/v2\/posts\/16307","targetHints":{"allow":["GET"]}}],"collection":[{"href":"https:\/\/monde25.info\/index.php\/wp-json\/wp\/v2\/posts"}],"about":[{"href":"https:\/\/monde25.info\/index.php\/wp-json\/wp\/v2\/types\/post"}],"author":[{"embeddable":true,"href":"https:\/\/monde25.info\/index.php\/wp-json\/wp\/v2\/users\/1"}],"replies":[{"embeddable":true,"href":"https:\/\/monde25.info\/index.php\/wp-json\/wp\/v2\/comments?post=16307"}],"version-history":[{"count":0,"href":"https:\/\/monde25.info\/index.php\/wp-json\/wp\/v2\/posts\/16307\/revisions"}],"wp:featuredmedia":[{"embeddable":true,"href":"https:\/\/monde25.info\/index.php\/wp-json\/wp\/v2\/media\/16308"}],"wp:attachment":[{"href":"https:\/\/monde25.info\/index.php\/wp-json\/wp\/v2\/media?parent=16307"}],"wp:term":[{"taxonomy":"category","embeddable":true,"href":"https:\/\/monde25.info\/index.php\/wp-json\/wp\/v2\/categories?post=16307"},{"taxonomy":"post_tag","embeddable":true,"href":"https:\/\/monde25.info\/index.php\/wp-json\/wp\/v2\/tags?post=16307"}],"curies":[{"name":"wp","href":"https:\/\/api.w.org\/{rel}","templated":true}]}}