{"id":16311,"date":"2025-09-22T14:06:40","date_gmt":"2025-09-22T12:06:40","guid":{"rendered":"https:\/\/monde25.info\/index.php\/2025\/09\/22\/le-traite-sur-la-haute-mer-va-enfin-entrer-en-vigueur\/"},"modified":"2025-09-22T14:06:40","modified_gmt":"2025-09-22T12:06:40","slug":"le-traite-sur-la-haute-mer-va-enfin-entrer-en-vigueur","status":"publish","type":"post","link":"https:\/\/monde25.info\/index.php\/2025\/09\/22\/le-traite-sur-la-haute-mer-va-enfin-entrer-en-vigueur\/","title":{"rendered":"Le trait\u00e9 sur la haute mer va enfin entrer en vigueur"},"content":{"rendered":"<p> <br \/>\n<br \/><img loading=\"lazy\" decoding=\"async\" src=\"https:\/\/reporterre.net\/local\/cache-vignettes\/L700xH467\/ocean-wallpaper-16303329631ro_1_1_-54b09.jpg?1758542217\" class=\"spip_logo\" width=\"700\" height=\"467\" alt=\"\" \/><\/p>\n<p>L&rsquo;oc\u00e9an aura bient\u00f4t ses propres <span class=\"caps\">COP<\/span> (Conf\u00e9rence des parties). Le trait\u00e9 sur la haute mer \u2014 qui vise, entre autres, \u00e0 pouvoir cr\u00e9er des aires marines prot\u00e9g\u00e9es dans les zones ne se trouvant sous la juridiction d&rsquo;aucun \u00c9tat \u2014 a obtenu sa soixanti\u00e8me ratification le 20\u00a0septembre. La France l&rsquo;avait ratifi\u00e9 d\u00e8s f\u00e9vrier 2025. <br class=\"autobr\" \/><br \/>\nCet accord historique deviendra donc juridiquement effectif dans 120\u00a0jours, le 17\u00a0janvier 2026. La premi\u00e8re <span class=\"caps\">COP<\/span> sur la haute mer devrait suivre. Elle sera probablement\u00a0(\u2026)<\/p>\n<p>                    <a target=\"_blank\" href=\"https:\/\/reporterre.net\/Le-traite-sur-la-haute-mer-va-enfin-entrer-en-vigueur?utm_source=RSS&amp;utm_medium=RSS\">Lire la suite<\/a><\/p>\n<p>                    &#8211;<br \/>\n                        <a target=\"_blank\" href=\"https:\/\/reporterre.net\/Breves-20\" rel=\"directory\">En bref<\/a><\/p>\n<p>                    \/<br \/>\n                        <a target=\"_blank\" href=\"https:\/\/reporterre.net\/Mers-et-oceans\" rel=\"tag\">Oc\u00e9ans<\/a><br \/>\n<br \/><br \/>\n<br \/><a href=\"https:\/\/reporterre.net\/Le-traite-sur-la-haute-mer-va-enfin-entrer-en-vigueur\" target=\"_blank\"\">Source link <\/a><\/p>\n","protected":false},"excerpt":{"rendered":"<p>L&rsquo;oc\u00e9an aura bient\u00f4t ses propres COP (Conf\u00e9rence des parties). Le trait\u00e9 sur la haute mer \u2014 qui vise, entre autres, \u00e0 pouvoir cr\u00e9er des aires marines prot\u00e9g\u00e9es dans les zones&hellip; <\/p>\n","protected":false},"author":1,"featured_media":0,"comment_status":"open","ping_status":"open","sticky":false,"template":"","format":"standard","meta":{"footnotes":""},"categories":[1],"tags":[],"class_list":["post-16311","post","type-post","status-publish","format-standard","hentry","category-non-classe"],"_links":{"self":[{"href":"https:\/\/monde25.info\/index.php\/wp-json\/wp\/v2\/posts\/16311","targetHints":{"allow":["GET"]}}],"collection":[{"href":"https:\/\/monde25.info\/index.php\/wp-json\/wp\/v2\/posts"}],"about":[{"href":"https:\/\/monde25.info\/index.php\/wp-json\/wp\/v2\/types\/post"}],"author":[{"embeddable":true,"href":"https:\/\/monde25.info\/index.php\/wp-json\/wp\/v2\/users\/1"}],"replies":[{"embeddable":true,"href":"https:\/\/monde25.info\/index.php\/wp-json\/wp\/v2\/comments?post=16311"}],"version-history":[{"count":0,"href":"https:\/\/monde25.info\/index.php\/wp-json\/wp\/v2\/posts\/16311\/revisions"}],"wp:attachment":[{"href":"https:\/\/monde25.info\/index.php\/wp-json\/wp\/v2\/media?parent=16311"}],"wp:term":[{"taxonomy":"category","embeddable":true,"href":"https:\/\/monde25.info\/index.php\/wp-json\/wp\/v2\/categories?post=16311"},{"taxonomy":"post_tag","embeddable":true,"href":"https:\/\/monde25.info\/index.php\/wp-json\/wp\/v2\/tags?post=16311"}],"curies":[{"name":"wp","href":"https:\/\/api.w.org\/{rel}","templated":true}]}}