{"id":16312,"date":"2025-09-22T14:39:54","date_gmt":"2025-09-22T12:39:54","guid":{"rendered":"https:\/\/monde25.info\/index.php\/2025\/09\/22\/une-maison-du-peuple-rasee-pour-betonner-des-prairies\/"},"modified":"2025-09-22T14:39:54","modified_gmt":"2025-09-22T12:39:54","slug":"une-maison-du-peuple-rasee-pour-betonner-des-prairies","status":"publish","type":"post","link":"https:\/\/monde25.info\/index.php\/2025\/09\/22\/une-maison-du-peuple-rasee-pour-betonner-des-prairies\/","title":{"rendered":"Une Maison du Peuple ras\u00e9e pour b\u00e9tonner des prairies"},"content":{"rendered":"<p> <br \/>\n<\/p>\n<div>\n<p data-start=\"987\" data-end=\"1030\">Malgr\u00e9 la r\u00e9sistance pacifique, l\u2019\u00e9vacuation s\u2019est sold\u00e9e par des gardes \u00e0 vue et la destruction imm\u00e9diate du b\u00e2timent. <strong>La d\u00e9molition,\u00a0<\/strong><strong>anticip\u00e9e de plusieurs jours sur le calendrier officiel, s\u2019est d\u00e9roul\u00e9e, selon les soutiens du collectif, sans pr\u00e9cautions apparentes, notamment concernant la pr\u00e9sence suppos\u00e9e d\u2019amiante. <\/strong>Un proc\u00e9d\u00e9 d\u00e9nonc\u00e9 par des opposant\u00b7es comme <strong>r\u00e9v\u00e9lateur d\u2019un m\u00e9pris d\u00e9mocratique et \u00e9cologique : <\/strong><\/p>\n<blockquote>\n<p data-start=\"987\" data-end=\"1030\"><strong>\u00ab Cette \u00e9vacuation est \u00e0 l\u2019image du projet, elle incarne la violence d\u2019un mod\u00e8le de d\u00e9veloppement \u00e0 bout de souffle. \u00bb<\/strong><\/p>\n<\/blockquote>\n<h2 data-start=\"987\" data-end=\"1030\"><strong>R\u00e9pression brutale, chantier contest\u00e9<\/strong><\/h2>\n<p data-start=\"1032\" data-end=\"1733\"><strong>L\u2019op\u00e9ration de police n\u2019a pas laiss\u00e9 de place au dialogue. <\/strong>Elle a vis\u00e9 \u00e0 faire appliquer un arr\u00eat\u00e9 pr\u00e9fectoral pris deux jours plus t\u00f4t \u00e0 la suite d\u2019une <a target=\"_blank\" href=\"https:\/\/www.ouest-france.fr\/bretagne\/le-faouet-56320\/au-faouet-un-groupe-dopposants-au-projet-de-deviation-occupent-illegalement-une-maison-abandonnee-fc710d8c-948f-11f0-bee7-32a50fc521a5\">plainte du Conseil d\u00e9partemental, propri\u00e9taire des lieux.<\/a> Peu apr\u00e8s 17h, <strong>un important dispositif de gendarmerie a encercl\u00e9 la maison de Kerrousseau, occup\u00e9e depuis le 15 septembre par des membres du collectif contre la d\u00e9viation du Faou\u00ebt. <\/strong><\/p>\n<figure id=\"attachment_999481\" aria-describedby=\"caption-attachment-999481\" style=\"width: 1024px\" class=\"wp-caption alignnone\"><img fetchpriority=\"high\" decoding=\"async\" class=\"wp-image-999481 size-medium\" src=\"https:\/\/mrmondialisation.org\/wp-content\/uploads\/2025\/09\/couverture-article3-1024x536.jpg\" alt=\"\" width=\"1024\" height=\"536\" srcset=\"https:\/\/mrmondialisation.org\/wp-content\/uploads\/2025\/09\/couverture-article3-1024x536.jpg 1024w, https:\/\/mrmondialisation.org\/wp-content\/uploads\/2025\/09\/couverture-article3-768x402.jpg 768w, https:\/\/mrmondialisation.org\/wp-content\/uploads\/2025\/09\/couverture-article3-696x364.jpg 696w, https:\/\/mrmondialisation.org\/wp-content\/uploads\/2025\/09\/couverture-article3-1068x559.jpg 1068w, https:\/\/mrmondialisation.org\/wp-content\/uploads\/2025\/09\/couverture-article3-803x420.jpg 803w, https:\/\/mrmondialisation.org\/wp-content\/uploads\/2025\/09\/couverture-article3.jpg 1500w\" sizes=\"(max-width: 1024px) 100vw, 1024px\"\/><figcaption id=\"caption-attachment-999481\" class=\"wp-caption-text\">Sept personnes ont \u00e9t\u00e9 interpell\u00e9es, mises en garde \u00e0 vue ; certaines t\u00e9moins \u00e9voquent des violences lors de leur arrestation : \u00ab certaines personnes ont \u00e9t\u00e9 tra\u00een\u00e9es au sol \u00bb.<\/figcaption><\/figure>\n<p data-start=\"1032\" data-end=\"1733\"><strong><a target=\"_blank\" href=\"https:\/\/www.ouest-france.fr\/bretagne\/le-faouet-56320\/une-operation-de-gendarmerie-pour-deloger-des-opposants-au-projet-de-deviation-du-faouet-68c93dc2-9703-11f0-87cf-e619b6e4aa34\">Les occupant\u00b7es, qui s\u2019\u00e9taient r\u00e9fugi\u00e9\u00b7es sur le toit, ont \u00e9t\u00e9 d\u00e9log\u00e9\u00b7es de force,<\/a> avec l\u2019aide des pompiers.<\/strong> Sept personnes ont \u00e9t\u00e9 interpell\u00e9es, mises en garde \u00e0 vue ; certaines t\u00e9moins \u00e9voquent des violences lors de leur arrestation : <em><strong>\u00ab certaines personnes ont \u00e9t\u00e9 tra\u00een\u00e9es au sol \u00bb. <\/strong><\/em>Dans la foul\u00e9e, <strong>la maison a \u00e9t\u00e9 ras\u00e9e, dans l\u2019urgence, <em>\u00ab sans pr\u00e9caution pour l\u2019amiante pr\u00e9sent dans les mat\u00e9riaux \u00bb<\/em>, alertent les soutiens :<\/strong><\/p>\n<blockquote>\n<p data-start=\"1032\" data-end=\"1733\"><strong>\u00ab Le CD 56 a-T-il fait un diagnostic amiante avant les travaux d\u00e9molition ? C\u2019est normalement obligatoire. <\/strong><strong>D\u00e9molir au tractopelle \u00e7a veut dire que les bardeaux d\u2019amiante ont \u00e9t\u00e9 cass\u00e9s et lib\u00e8rent actuellement des particules dangereuses alors qu\u2019elles \u00e9taient stables jusqu\u2019\u00e0 hier. <\/strong><strong>Une plainte est envisageable. \u00bb<\/strong><\/p>\n<\/blockquote>\n<\/div>\n<div>\n<p data-start=\"1032\" data-end=\"1733\">Selon les soutiens du collectif, les forces de l\u2019ordre auraient poursuivi les recherches sur le site, \u00e0 la recherche d\u2019\u00e9l\u00e9ments permettant d\u2019\u00e9toffer l\u2019enqu\u00eate. <strong>Pendant ce temps-l\u00e0, les opposant\u00b7es sont toujours en garde \u00e0 vue,<\/strong> r\u00e9parti\u00b7es entre plusieurs commissariats de la r\u00e9gion, notamment \u00e0 Gourin, Plouay ou Saint-Av\u00e9.<\/p>\n<h2 data-start=\"1735\" data-end=\"1765\"><strong>Une maison comme symbole<\/strong><\/h2>\n<p data-start=\"1767\" data-end=\"2290\"><strong>Loin d\u2019une simple occupation, la Maison du Peuple \u00e9tait devenue un lieu de vie, d\u2019\u00e9changes, de luttes et de projets.<\/strong> R\u00e9cemment r\u00e9nov\u00e9e, elle accueillait des personnes en demande de logement, des habitant\u00b7es engag\u00e9\u00b7es, des jeunes et moins jeunes venus imaginer ensemble un espace collectif, solidaire et interg\u00e9n\u00e9rationnel.<\/p>\n<p data-start=\"1767\" data-end=\"2290\">Ce lieu, <strong>soutenu mat\u00e9riellement et moralement par une partie des Faou\u00ebtais\u00b7es, incarnait une autre vision du territoire : celle d\u2019un ancrage local r\u00e9sistant aux logiques productivistes.<\/strong><\/p>\n<figure id=\"attachment_999482\" aria-describedby=\"caption-attachment-999482\" style=\"width: 1024px\" class=\"wp-caption alignnone\"><img loading=\"lazy\" decoding=\"async\" class=\"wp-image-999482 size-medium\" src=\"https:\/\/mrmondialisation.org\/wp-content\/uploads\/2025\/09\/couverture-article-4-1024x536.jpg\" alt=\"\" width=\"1024\" height=\"536\" srcset=\"https:\/\/mrmondialisation.org\/wp-content\/uploads\/2025\/09\/couverture-article-4-1024x536.jpg 1024w, https:\/\/mrmondialisation.org\/wp-content\/uploads\/2025\/09\/couverture-article-4-768x402.jpg 768w, https:\/\/mrmondialisation.org\/wp-content\/uploads\/2025\/09\/couverture-article-4-696x364.jpg 696w, https:\/\/mrmondialisation.org\/wp-content\/uploads\/2025\/09\/couverture-article-4-1068x559.jpg 1068w, https:\/\/mrmondialisation.org\/wp-content\/uploads\/2025\/09\/couverture-article-4-803x420.jpg 803w, https:\/\/mrmondialisation.org\/wp-content\/uploads\/2025\/09\/couverture-article-4.jpg 1500w\" sizes=\"auto, (max-width: 1024px) 100vw, 1024px\"\/><figcaption id=\"caption-attachment-999482\" class=\"wp-caption-text\">La Maison du Peuple \u00e9tait devenue un lieu de vie, d\u2019\u00e9changes, de luttes et de projets. R\u00e9cemment r\u00e9nov\u00e9e, elle accueillait des personnes en demande de logement, des habitant\u00b7es engag\u00e9\u00b7es, des jeunes et moins jeunes venus imaginer ensemble un espace collectif, solidaire et interg\u00e9n\u00e9rationnel.<\/figcaption><\/figure>\n<h2 data-start=\"2292\" data-end=\"2336\"><strong>Une d\u00e9viation aux lourdes cons\u00e9quences<\/strong><\/h2>\n<p data-start=\"2338\" data-end=\"2890\">Derri\u00e8re cette \u00e9vacuation pr\u00e9cipit\u00e9e, c\u2019est un projet de contournement routier de 2,8 km qui se profile. Annonc\u00e9 pour 2028, il implique la destruction de <strong data-start=\"2492\" data-end=\"2553\">14 hectares de zones humides, prairies et for\u00eats class\u00e9es<\/strong>, sans compter l\u2019habitat de <strong data-start=\"2581\" data-end=\"2605\">63 esp\u00e8ces prot\u00e9g\u00e9es<\/strong>.<\/p>\n<p data-start=\"2338\" data-end=\"2890\">Loin de r\u00e9gler les probl\u00e8mes de circulation, la nouvelle route risque <strong data-start=\"2679\" data-end=\"2716\">d\u2019augmenter les nuisances sonores<\/strong>, de <strong data-start=\"2721\" data-end=\"2742\">doubler le trafic<\/strong> dans certains quartiers <strong>et d\u2019accentuer l\u2019isolement des hameaux sud<\/strong> du Faou\u00ebt. En somme : plus de bruit, moins de vie.<\/p>\n<h2 data-start=\"2892\" data-end=\"2950\"><strong>8 millions pour l\u2019asphalte, combien pour les services publics ?<\/strong><\/h2>\n<p data-start=\"2952\" data-end=\"3459\">Ce projet routier, chiffr\u00e9 \u00e0 8 millions d\u2019euros, est per\u00e7u par ses opposant\u00b7es comme un choix budg\u00e9taire incompr\u00e9hensible alors que <strong>d\u2019autres besoins urgents \u2013 sant\u00e9, logement, infrastructures de proximit\u00e9 \u2013 peinent \u00e0 trouver des financements.<\/strong><\/p>\n<p data-start=\"2952\" data-end=\"3459\"><strong>La fr\u00e9quentation des commerces en centre-bourg pourrait baisser selon les opposant\u00b7es.<\/strong> \u00c0 leurs yeux, il d\u00e9tourne des fonds publics des services essentiels pour les allouer \u00e0 un am\u00e9nagement routier aux effets controvers\u00e9s : d\u00e9sertification du centre-bourg, isolement des hameaux, nuisances accrues.<\/p>\n<div class=\"td-a-rec td-a-rec-id-content_inline  tdi_1 td_block_template_1\">\n<span class=\"td-adspot-title\">&#8211; Pour une information libre ! &#8211;<\/span><a target=\"_blank\" href=\"https:\/\/fr.tipeee.com\/mr-mondialisation\" class=\"tipeee-project-small\">Soutenir Mr Japanization sur Tipeee<\/a>\n<\/div>\n<figure id=\"attachment_999485\" aria-describedby=\"caption-attachment-999485\" style=\"width: 1024px\" class=\"wp-caption alignnone\"><img loading=\"lazy\" decoding=\"async\" class=\"wp-image-999485 size-medium\" src=\"https:\/\/mrmondialisation.org\/wp-content\/uploads\/2025\/09\/img-4571-1024x768.jpg\" alt=\"\" width=\"1024\" height=\"768\" srcset=\"https:\/\/mrmondialisation.org\/wp-content\/uploads\/2025\/09\/img-4571-1024x768.jpg 1024w, https:\/\/mrmondialisation.org\/wp-content\/uploads\/2025\/09\/img-4571-1524x1143.jpg 1524w, https:\/\/mrmondialisation.org\/wp-content\/uploads\/2025\/09\/img-4571-768x576.jpg 768w, https:\/\/mrmondialisation.org\/wp-content\/uploads\/2025\/09\/img-4571-1536x1152.jpg 1536w, https:\/\/mrmondialisation.org\/wp-content\/uploads\/2025\/09\/img-4571-696x522.jpg 696w, https:\/\/mrmondialisation.org\/wp-content\/uploads\/2025\/09\/img-4571-1068x801.jpg 1068w, https:\/\/mrmondialisation.org\/wp-content\/uploads\/2025\/09\/img-4571-560x420.jpg 560w, https:\/\/mrmondialisation.org\/wp-content\/uploads\/2025\/09\/img-4571-80x60.jpg 80w, https:\/\/mrmondialisation.org\/wp-content\/uploads\/2025\/09\/img-4571-265x198.jpg 265w, https:\/\/mrmondialisation.org\/wp-content\/uploads\/2025\/09\/img-4571.jpg 1600w\" sizes=\"auto, (max-width: 1024px) 100vw, 1024px\"\/><figcaption id=\"caption-attachment-999485\" class=\"wp-caption-text\">Coupure d\u2019article de Ouest France.<\/figcaption><\/figure>\n<h2 data-start=\"3461\" data-end=\"3499\"><strong>Une r\u00e9sistance qui ne faiblit pas<\/strong><\/h2>\n<p data-start=\"3501\" data-end=\"4069\">Malgr\u00e9 l\u2019\u00e9vacuation et la d\u00e9molition, le collectif oppos\u00e9 \u00e0 la d\u00e9viation ne faiblit pas, \u00e0 l\u2019image de <a target=\"_blank\" href=\"https:\/\/www.laderoutedesroutes.com\/\">la coalition de la d\u00e9route des routes : une soixantaine de collectifs engag\u00e9s contre des projets routiers destructeurs.<\/a><strong> Des rassemblements sont d\u00e9j\u00e0 pr\u00e9vus, notamment le lundi 22 septembre \u00e0 16h pr\u00e8s de la gendarmerie du Faou\u00ebt, pour exiger la lib\u00e9ration des habitant\u00b7es mis\u00b7es en garde \u00e0 vue,<\/strong> d\u00e9noncer la r\u00e9pression, et poursuivre la lutte contre la d\u00e9viation.<\/p>\n<p data-start=\"3501\" data-end=\"4069\">Sur les r\u00e9seaux sociaux, les messages de soutien affluent. <a target=\"_blank\" href=\"https:\/\/mrmondialisation.org\/projet-autouroute-a69\/\">Va-t-on assister au m\u00eame \u00e9lan collectif qui existe pour lutter contre l\u2019A69 ?<\/a> Une chose est s\u00fbre : ce qui devait \u00eatre un \u00ab petit am\u00e9nagement local \u00bb devient peu \u00e0 peu <strong>un symbole de r\u00e9sistance \u00e0 l\u2019artificialisation des terres et aux politiques d\u2019am\u00e9nagement<\/strong> <a target=\"_blank\" href=\"https:\/\/mrmondialisation.org\/bretagne-malgre-les-algues-vertes-lelevage-industriel-toujours-soutenu-par-letat\/\">d\u00e9connect\u00e9es des r\u00e9alit\u00e9s \u00e9cologiques et sociales.<\/a><\/p>\n<p style=\"text-align: right;\"><em>\u2013 <strong>Soutiens au collectif d\u2019habitant\u00b7es <\/strong><strong>oppos\u00e9\u00b7es au projet de d\u00e9viation du Faou\u00ebt<\/strong><\/em><\/p>\n<\/div>\n<p><br \/>\n<br \/><a href=\"https:\/\/mrmondialisation.org\/bretagne-une-maison-du-peuple-rasee-pour-betonner-des-prairies\/\" target=\"_blank\"\">Source link <\/a><\/p>\n","protected":false},"excerpt":{"rendered":"<p>Malgr\u00e9 la r\u00e9sistance pacifique, l\u2019\u00e9vacuation s\u2019est sold\u00e9e par des gardes \u00e0 vue et la destruction imm\u00e9diate du b\u00e2timent. La d\u00e9molition,\u00a0anticip\u00e9e de plusieurs jours sur le calendrier officiel, s\u2019est d\u00e9roul\u00e9e, selon&hellip; <\/p>\n","protected":false},"author":1,"featured_media":16313,"comment_status":"open","ping_status":"open","sticky":false,"template":"","format":"standard","meta":{"footnotes":""},"categories":[1],"tags":[],"class_list":["post-16312","post","type-post","status-publish","format-standard","has-post-thumbnail","hentry","category-non-classe"],"_links":{"self":[{"href":"https:\/\/monde25.info\/index.php\/wp-json\/wp\/v2\/posts\/16312","targetHints":{"allow":["GET"]}}],"collection":[{"href":"https:\/\/monde25.info\/index.php\/wp-json\/wp\/v2\/posts"}],"about":[{"href":"https:\/\/monde25.info\/index.php\/wp-json\/wp\/v2\/types\/post"}],"author":[{"embeddable":true,"href":"https:\/\/monde25.info\/index.php\/wp-json\/wp\/v2\/users\/1"}],"replies":[{"embeddable":true,"href":"https:\/\/monde25.info\/index.php\/wp-json\/wp\/v2\/comments?post=16312"}],"version-history":[{"count":0,"href":"https:\/\/monde25.info\/index.php\/wp-json\/wp\/v2\/posts\/16312\/revisions"}],"wp:featuredmedia":[{"embeddable":true,"href":"https:\/\/monde25.info\/index.php\/wp-json\/wp\/v2\/media\/16313"}],"wp:attachment":[{"href":"https:\/\/monde25.info\/index.php\/wp-json\/wp\/v2\/media?parent=16312"}],"wp:term":[{"taxonomy":"category","embeddable":true,"href":"https:\/\/monde25.info\/index.php\/wp-json\/wp\/v2\/categories?post=16312"},{"taxonomy":"post_tag","embeddable":true,"href":"https:\/\/monde25.info\/index.php\/wp-json\/wp\/v2\/tags?post=16312"}],"curies":[{"name":"wp","href":"https:\/\/api.w.org\/{rel}","templated":true}]}}