{"id":16326,"date":"2025-09-22T18:31:21","date_gmt":"2025-09-22T16:31:21","guid":{"rendered":"https:\/\/monde25.info\/index.php\/2025\/09\/22\/reconnaitre-letat-palestinien-sans-agir-contre-lagresseur-ne-change-rien\/"},"modified":"2025-09-22T18:31:21","modified_gmt":"2025-09-22T16:31:21","slug":"reconnaitre-letat-palestinien-sans-agir-contre-lagresseur-ne-change-rien","status":"publish","type":"post","link":"https:\/\/monde25.info\/index.php\/2025\/09\/22\/reconnaitre-letat-palestinien-sans-agir-contre-lagresseur-ne-change-rien\/","title":{"rendered":"\u00ab\u00a0Reconna\u00eetre l&#039;\u00c9tat palestinien sans agir contre l&#039;agresseur ne change rien\u00a0\u00bb"},"content":{"rendered":"<p> <br \/>\n<br \/><img loading=\"lazy\" decoding=\"async\" src=\"https:\/\/reporterre.net\/local\/cache-vignettes\/L700xH467\/manumacmaislandernier-13f50.jpg?1758557934\" class=\"spip_logo\" width=\"700\" height=\"467\" alt=\"\" \/><\/p>\n<p>Pour l&rsquo;activiste et chercheur Naji El Khatib, la reconnaissance d&rsquo;un \u00c9tat palestinien par la France rel\u00e8ve avant tout du marketing politique. Il rappelle que la colonisation progresse, avec la complicit\u00e9 mat\u00e9rielle de la France. <br class=\"autobr\" \/> Naji El Khatib, r\u00e9fugi\u00e9 palestinien n\u00e9 au Liban, chercheur en sociologie politique et professeur \u00e0 l&rsquo;universit\u00e9 Al-Najah de Naplouse, milite au sein du mouvement One Democratic State pour un seul \u00c9tat d\u00e9mocratique, garantissant les m\u00eames droits aux Palestiniens et\u00a0(\u2026)<\/p>\n<p>                    <a target=\"_blank\" href=\"https:\/\/reporterre.net\/Reconnaitre-l-Etat-palestinien-sans-agir-contre-l-agresseur-ne-change-rien?utm_source=RSS&amp;utm_medium=RSS\">Lire la suite<\/a><\/p>\n<p>                    &#8211;<br \/>\n                        <a target=\"_blank\" href=\"https:\/\/reporterre.net\/Entretien-19\" rel=\"directory\">Entretien<\/a><\/p>\n<p>                    \/<br \/>\n                        <a target=\"_blank\" href=\"https:\/\/reporterre.net\/International\" rel=\"tag\">Monde<\/a><br \/>\n<br \/><br \/>\n<br \/><a href=\"https:\/\/reporterre.net\/Reconnaitre-l-Etat-palestinien-sans-agir-contre-l-agresseur-ne-change-rien\" target=\"_blank\"\">Source link <\/a><\/p>\n","protected":false},"excerpt":{"rendered":"<p>Pour l&rsquo;activiste et chercheur Naji El Khatib, la reconnaissance d&rsquo;un \u00c9tat palestinien par la France rel\u00e8ve avant tout du marketing politique. Il rappelle que la colonisation progresse, avec la complicit\u00e9&hellip; <\/p>\n","protected":false},"author":1,"featured_media":0,"comment_status":"open","ping_status":"open","sticky":false,"template":"","format":"standard","meta":{"footnotes":""},"categories":[1],"tags":[],"class_list":["post-16326","post","type-post","status-publish","format-standard","hentry","category-non-classe"],"_links":{"self":[{"href":"https:\/\/monde25.info\/index.php\/wp-json\/wp\/v2\/posts\/16326","targetHints":{"allow":["GET"]}}],"collection":[{"href":"https:\/\/monde25.info\/index.php\/wp-json\/wp\/v2\/posts"}],"about":[{"href":"https:\/\/monde25.info\/index.php\/wp-json\/wp\/v2\/types\/post"}],"author":[{"embeddable":true,"href":"https:\/\/monde25.info\/index.php\/wp-json\/wp\/v2\/users\/1"}],"replies":[{"embeddable":true,"href":"https:\/\/monde25.info\/index.php\/wp-json\/wp\/v2\/comments?post=16326"}],"version-history":[{"count":0,"href":"https:\/\/monde25.info\/index.php\/wp-json\/wp\/v2\/posts\/16326\/revisions"}],"wp:attachment":[{"href":"https:\/\/monde25.info\/index.php\/wp-json\/wp\/v2\/media?parent=16326"}],"wp:term":[{"taxonomy":"category","embeddable":true,"href":"https:\/\/monde25.info\/index.php\/wp-json\/wp\/v2\/categories?post=16326"},{"taxonomy":"post_tag","embeddable":true,"href":"https:\/\/monde25.info\/index.php\/wp-json\/wp\/v2\/tags?post=16326"}],"curies":[{"name":"wp","href":"https:\/\/api.w.org\/{rel}","templated":true}]}}