{"id":16333,"date":"2025-09-22T21:15:35","date_gmt":"2025-09-22T19:15:35","guid":{"rendered":"https:\/\/monde25.info\/index.php\/2025\/09\/22\/bernard-arnault-porte-voix-radicalise-du-capital\/"},"modified":"2025-09-22T21:15:35","modified_gmt":"2025-09-22T19:15:35","slug":"bernard-arnault-porte-voix-radicalise-du-capital","status":"publish","type":"post","link":"https:\/\/monde25.info\/index.php\/2025\/09\/22\/bernard-arnault-porte-voix-radicalise-du-capital\/","title":{"rendered":"Bernard Arnault, porte-voix radicalis\u00e9 du capital"},"content":{"rendered":"<p> <br \/>\n<br \/>Dans son offensive contre la taxe Zucman, Bernard Arnault ne d\u00e9fend ni l\u2019int\u00e9r\u00eat g\u00e9n\u00e9ral ni une forme de rationalit\u00e9 \u00e9conomique: il repr\u00e9sente une forme de radicalisation du capital qui n\u2019h\u00e9site pas \u00e0 voir son salut dans l\u2019extr\u00eame droite.<br \/>\n<br \/><br \/>\n<br \/><a href=\"https:\/\/www.mediapart.fr\/journal\/economie-et-social\/220925\/bernard-arnault-porte-voix-radicalise-du-capital\" target=\"_blank\"\">Source link <\/a><\/p>\n","protected":false},"excerpt":{"rendered":"<p>Dans son offensive contre la taxe Zucman, Bernard Arnault ne d\u00e9fend ni l\u2019int\u00e9r\u00eat g\u00e9n\u00e9ral ni une forme de rationalit\u00e9 \u00e9conomique: il repr\u00e9sente une forme de radicalisation du capital qui n\u2019h\u00e9site&hellip; <\/p>\n","protected":false},"author":1,"featured_media":16334,"comment_status":"open","ping_status":"open","sticky":false,"template":"","format":"standard","meta":{"footnotes":""},"categories":[1],"tags":[],"class_list":["post-16333","post","type-post","status-publish","format-standard","has-post-thumbnail","hentry","category-non-classe"],"_links":{"self":[{"href":"https:\/\/monde25.info\/index.php\/wp-json\/wp\/v2\/posts\/16333","targetHints":{"allow":["GET"]}}],"collection":[{"href":"https:\/\/monde25.info\/index.php\/wp-json\/wp\/v2\/posts"}],"about":[{"href":"https:\/\/monde25.info\/index.php\/wp-json\/wp\/v2\/types\/post"}],"author":[{"embeddable":true,"href":"https:\/\/monde25.info\/index.php\/wp-json\/wp\/v2\/users\/1"}],"replies":[{"embeddable":true,"href":"https:\/\/monde25.info\/index.php\/wp-json\/wp\/v2\/comments?post=16333"}],"version-history":[{"count":0,"href":"https:\/\/monde25.info\/index.php\/wp-json\/wp\/v2\/posts\/16333\/revisions"}],"wp:featuredmedia":[{"embeddable":true,"href":"https:\/\/monde25.info\/index.php\/wp-json\/wp\/v2\/media\/16334"}],"wp:attachment":[{"href":"https:\/\/monde25.info\/index.php\/wp-json\/wp\/v2\/media?parent=16333"}],"wp:term":[{"taxonomy":"category","embeddable":true,"href":"https:\/\/monde25.info\/index.php\/wp-json\/wp\/v2\/categories?post=16333"},{"taxonomy":"post_tag","embeddable":true,"href":"https:\/\/monde25.info\/index.php\/wp-json\/wp\/v2\/tags?post=16333"}],"curies":[{"name":"wp","href":"https:\/\/api.w.org\/{rel}","templated":true}]}}