{"id":16339,"date":"2025-09-22T22:54:36","date_gmt":"2025-09-22T20:54:36","guid":{"rendered":"https:\/\/monde25.info\/index.php\/2025\/09\/22\/la-prefecture-du-doubs-autorise-labattage-de-451-chamois\/"},"modified":"2025-09-22T22:54:36","modified_gmt":"2025-09-22T20:54:36","slug":"la-prefecture-du-doubs-autorise-labattage-de-451-chamois","status":"publish","type":"post","link":"https:\/\/monde25.info\/index.php\/2025\/09\/22\/la-prefecture-du-doubs-autorise-labattage-de-451-chamois\/","title":{"rendered":"La pr\u00e9fecture du Doubs autorise l&#039;abattage de 451 chamois"},"content":{"rendered":"<p> <br \/>\n<br \/><img loading=\"lazy\" decoding=\"async\" src=\"https:\/\/reporterre.net\/local\/cache-vignettes\/L700xH467\/chamoichamembete-ef138.jpg?1758553846\" class=\"spip_logo\" width=\"700\" height=\"467\" alt=\"\" \/><\/p>\n<p>Les chamois, d\u00e9j\u00e0 traqu\u00e9s, vont devoir redoubler de vigilance. Dans le cadre du plan de chasse du Doubs, un arr\u00eat\u00e9 pr\u00e9fectoral publi\u00e9 mi-ao\u00fbt autorise le \u00ab<small class=\"fine d-inline\">\u00a0<\/small>pr\u00e9l\u00e8vement<small class=\"fine d-inline\">\u00a0<\/small>\u00bb de 377 \u00e0 451\u00a0chamois jusqu&rsquo;au 28\u00a0f\u00e9vrier 2026. <br class=\"autobr\" \/><br \/>\nLe motif invoqu\u00e9 par la pr\u00e9fecture du Doubs\u00a0: r\u00e9guler l&rsquo;esp\u00e8ce afin de \u00ab<small class=\"fine d-inline\">\u00a0<\/small>concilier le maintien du gibier avec les agricoles et sylvicoles<small class=\"fine d-inline\">\u00a0<\/small>\u00bb, l&rsquo;animal \u00e9tant accus\u00e9 de causer des \u00ab<small class=\"fine d-inline\">\u00a0<\/small>d\u00e9g\u00e2ts<small class=\"fine d-inline\">\u00a0<\/small>\u00bb sur des for\u00eats d\u00e9j\u00e0 affect\u00e9es par le d\u00e9r\u00e8glement climatique. <br class=\"autobr\" \/><br \/>\nDes arguments\u00a0(\u2026)<\/p>\n<p>                    <a target=\"_blank\" href=\"https:\/\/reporterre.net\/La-prefecture-du-Doubs-autorise-l-abattage-de-451-chamois?utm_source=RSS&amp;utm_medium=RSS\">Lire la suite<\/a><\/p>\n<p>                    &#8211;<br \/>\n                        <a target=\"_blank\" href=\"https:\/\/reporterre.net\/Breves-20\" rel=\"directory\">En bref<\/a><\/p>\n<p>                    \/<br \/>\n                        <a target=\"_blank\" href=\"https:\/\/reporterre.net\/Animaux\" rel=\"tag\">Animaux<\/a><br \/>\n                    ,<br \/>\n                        <a target=\"_blank\" href=\"https:\/\/reporterre.net\/Chasse\" rel=\"tag\">Chasse<\/a><br \/>\n<br \/><br \/>\n<br \/><a href=\"https:\/\/reporterre.net\/La-prefecture-du-Doubs-autorise-l-abattage-de-451-chamois\" target=\"_blank\"\">Source link <\/a><\/p>\n","protected":false},"excerpt":{"rendered":"<p>Les chamois, d\u00e9j\u00e0 traqu\u00e9s, vont devoir redoubler de vigilance. Dans le cadre du plan de chasse du Doubs, un arr\u00eat\u00e9 pr\u00e9fectoral publi\u00e9 mi-ao\u00fbt autorise le \u00ab\u00a0pr\u00e9l\u00e8vement\u00a0\u00bb de 377 \u00e0 451\u00a0chamois&hellip; <\/p>\n","protected":false},"author":1,"featured_media":0,"comment_status":"open","ping_status":"open","sticky":false,"template":"","format":"standard","meta":{"footnotes":""},"categories":[1],"tags":[],"class_list":["post-16339","post","type-post","status-publish","format-standard","hentry","category-non-classe"],"_links":{"self":[{"href":"https:\/\/monde25.info\/index.php\/wp-json\/wp\/v2\/posts\/16339","targetHints":{"allow":["GET"]}}],"collection":[{"href":"https:\/\/monde25.info\/index.php\/wp-json\/wp\/v2\/posts"}],"about":[{"href":"https:\/\/monde25.info\/index.php\/wp-json\/wp\/v2\/types\/post"}],"author":[{"embeddable":true,"href":"https:\/\/monde25.info\/index.php\/wp-json\/wp\/v2\/users\/1"}],"replies":[{"embeddable":true,"href":"https:\/\/monde25.info\/index.php\/wp-json\/wp\/v2\/comments?post=16339"}],"version-history":[{"count":0,"href":"https:\/\/monde25.info\/index.php\/wp-json\/wp\/v2\/posts\/16339\/revisions"}],"wp:attachment":[{"href":"https:\/\/monde25.info\/index.php\/wp-json\/wp\/v2\/media?parent=16339"}],"wp:term":[{"taxonomy":"category","embeddable":true,"href":"https:\/\/monde25.info\/index.php\/wp-json\/wp\/v2\/categories?post=16339"},{"taxonomy":"post_tag","embeddable":true,"href":"https:\/\/monde25.info\/index.php\/wp-json\/wp\/v2\/tags?post=16339"}],"curies":[{"name":"wp","href":"https:\/\/api.w.org\/{rel}","templated":true}]}}