{"id":16344,"date":"2025-09-23T01:06:38","date_gmt":"2025-09-22T23:06:38","guid":{"rendered":"https:\/\/monde25.info\/index.php\/2025\/09\/23\/emmanuel-macron-annonce-la-reconnaissance-de-la-palestine-par-la-france-rt-en-francais\/"},"modified":"2025-09-23T01:06:38","modified_gmt":"2025-09-22T23:06:38","slug":"emmanuel-macron-annonce-la-reconnaissance-de-la-palestine-par-la-france-rt-en-francais","status":"publish","type":"post","link":"https:\/\/monde25.info\/index.php\/2025\/09\/23\/emmanuel-macron-annonce-la-reconnaissance-de-la-palestine-par-la-france-rt-en-francais\/","title":{"rendered":"Emmanuel Macron annonce la reconnaissance de la Palestine par la France \u2014 RT en fran\u00e7ais"},"content":{"rendered":"<p> <br \/>\n<br \/><img decoding=\"async\" src=\"https:\/\/mf.b37mrtl.ru\/french\/images\/2025.09\/thumbnail\/68d1aa6a6f7ccc55bf5521af.jpg\" \/><\/p>\n<div>\n<p class=\"text__summary\">\n                                        Dans un discours, lors de la Conf\u00e9rence internationale pour la mise en \u0153uvre de la solution des deux \u00c9tats, en marge de l\u2019assembl\u00e9e g\u00e9n\u00e9rale de l\u2019ONU, le pr\u00e9sident fran\u00e7ais a annonc\u00e9 ce 22 septembre la reconnaissance par son pays de l\u2019\u00c9tat de Palestine.\n                                    <\/p>\n<p>\u00ab\u00a0Fid\u00e8le \u00e0 l\u2019engagement historique de mon pays au Proche-Orient, pour la paix entre le peuple isra\u00e9lien et le peuple palestinien, je d\u00e9clare que la France reconnait aujourd\u2019hui l\u2019\u00c9tat de Palestine\u00a0\u00bb.<\/p>\n<p>Lors de la 5e session pl\u00e9ni\u00e8re de la Conf\u00e9rence internationale de haut niveau sur le r\u00e8glement pacifique de la question de Palestine et la mise en \u0153uvre de la solution des deux \u00c9tats, co-pr\u00e9sid\u00e9e par la France et l\u2019Arabie saoudite, Emmanuel Macron a annonc\u00e9 ce 22 septembre la reconnaissance de la Palestine par la France.<\/p>\n<p>\u00ab\u00a0Cette reconnaissance est une mani\u00e8re d\u2019affirmer que le peuple palestinien n\u2019est pas un peuple en trop\u00a0\u00bb, a-t-il poursuivi depuis la tribune des Nations unies, devant une salle o\u00f9 Isra\u00ebl avait fait chaise vide, apr\u00e8s avoir \u00e9voqu\u00e9 la \u00ab\u00a0responsabilit\u00e9 collective, d\u2019avoir failli \u00e0 b\u00e2tir une paix juste et durable\u00a0au Proche-Orient\u00a0\u00bb, 78 ans apr\u00e8s l\u2019adoption de la r\u00e9solution 181 qui jetait les bases de la cr\u00e9ation de deux \u00c9tats\u00a0: l\u2019un arabe et l\u2019autre juif, et de placer J\u00e9rusalem sous r\u00e9gime international.<\/p>\n<h3>\u00ab\u00a0Une d\u00e9faite pour le Hamas\u00a0\u00bb, affirme Macron<\/h3>\n<p>\u00ab\u00a0Nous sommes convaincus que cette reconnaissance est la solution qui seule permettra la paix pour Isra\u00ebl. Jamais la France n\u2019a manqu\u00e9 \u00e0 Isra\u00ebl quand sa s\u00e9curit\u00e9 \u00e9tait en jeu, y compris face aux frappes iraniennes\u00a0\u00bb, a-t-il \u00e9galement affirm\u00e9 lors de cette intervention d\u2019une vingtaine de minutes.<\/p>\n<p>\u00ab\u00a0Cette reconnaissance de l\u2019\u00c9tat de Palestine est une d\u00e9faite pour le Hamas comme pour tous ceux qui attisent la haine antis\u00e9mite, nourrissent les obsessions antisionistes et veulent la destruction de l\u2019\u00c9tat d\u2019Isra\u00ebl\u00a0\u00bb, a ajout\u00e9 le pr\u00e9sident fran\u00e7ais.<\/p>\n<p>Celui-ci a notamment \u00e9voqu\u00e9 les reconnaissances de la Palestine \u00e0 venir de l\u2019Andorre, de la Belgique, de Malte et de Saint-Marin, ainsi que celles effectu\u00e9es par l\u2019Australie, le Canada, le Portugal et le Royaume-Uni ou encore celles l\u2019an pass\u00e9 de l\u2019Espagne, de l\u2019Irlande, de la Norv\u00e8ge, de la Slov\u00e9nie \u00ab\u00a0et tant d\u2019autres auparavant\u00a0\u00bb.<\/p>\n<p>Cette reconnaissance par Paris de l\u2019\u00c9tat de Palestine \u00e9tait attendue. Par celle-ci, la France rejoint les plus de 150 pays ayant d\u00e9j\u00e0 franchi ce pas. \u00c0 cette occasion, en France,\u00a0plusieurs dizaines de mairies ont hiss\u00e9 les couleurs palestiniennes sur leur fronton, malgr\u00e9 l&rsquo;opposition du minist\u00e8re de l\u2019Int\u00e9rieur au nom du \u00ab\u00a0principe de neutralit\u00e9 du service public\u00a0\u00bb.<\/p>\n<\/div>\n<p><br \/>\n<br \/><a href=\"https:\/\/francais.rt.com\/international\/125571-nations-unies-macron-reconnaissance-palestine\" target=\"_blank\"\">Source link <\/a><\/p>\n","protected":false},"excerpt":{"rendered":"<p>Dans un discours, lors de la Conf\u00e9rence internationale pour la mise en \u0153uvre de la solution des deux \u00c9tats, en marge de l\u2019assembl\u00e9e g\u00e9n\u00e9rale de l\u2019ONU, le pr\u00e9sident fran\u00e7ais a&hellip; <\/p>\n","protected":false},"author":1,"featured_media":16345,"comment_status":"open","ping_status":"open","sticky":false,"template":"","format":"standard","meta":{"footnotes":""},"categories":[1],"tags":[],"class_list":["post-16344","post","type-post","status-publish","format-standard","has-post-thumbnail","hentry","category-non-classe"],"_links":{"self":[{"href":"https:\/\/monde25.info\/index.php\/wp-json\/wp\/v2\/posts\/16344","targetHints":{"allow":["GET"]}}],"collection":[{"href":"https:\/\/monde25.info\/index.php\/wp-json\/wp\/v2\/posts"}],"about":[{"href":"https:\/\/monde25.info\/index.php\/wp-json\/wp\/v2\/types\/post"}],"author":[{"embeddable":true,"href":"https:\/\/monde25.info\/index.php\/wp-json\/wp\/v2\/users\/1"}],"replies":[{"embeddable":true,"href":"https:\/\/monde25.info\/index.php\/wp-json\/wp\/v2\/comments?post=16344"}],"version-history":[{"count":0,"href":"https:\/\/monde25.info\/index.php\/wp-json\/wp\/v2\/posts\/16344\/revisions"}],"wp:featuredmedia":[{"embeddable":true,"href":"https:\/\/monde25.info\/index.php\/wp-json\/wp\/v2\/media\/16345"}],"wp:attachment":[{"href":"https:\/\/monde25.info\/index.php\/wp-json\/wp\/v2\/media?parent=16344"}],"wp:term":[{"taxonomy":"category","embeddable":true,"href":"https:\/\/monde25.info\/index.php\/wp-json\/wp\/v2\/categories?post=16344"},{"taxonomy":"post_tag","embeddable":true,"href":"https:\/\/monde25.info\/index.php\/wp-json\/wp\/v2\/tags?post=16344"}],"curies":[{"name":"wp","href":"https:\/\/api.w.org\/{rel}","templated":true}]}}