{"id":16348,"date":"2025-09-23T02:12:45","date_gmt":"2025-09-23T00:12:45","guid":{"rendered":"https:\/\/monde25.info\/index.php\/2025\/09\/23\/ne-lappelez-plus-letat-disrael\/"},"modified":"2025-09-23T02:12:45","modified_gmt":"2025-09-23T00:12:45","slug":"ne-lappelez-plus-letat-disrael","status":"publish","type":"post","link":"https:\/\/monde25.info\/index.php\/2025\/09\/23\/ne-lappelez-plus-letat-disrael\/","title":{"rendered":"Ne l&rsquo;appelez plus l&rsquo;\u00c9tat d&rsquo;Isra\u00ebl"},"content":{"rendered":"<p> <br \/>\n<\/p>\n<div id=\"\">\n<p>Ne  l\u2019appelez plus l\u2019\u00c9tat d\u2019Isra\u00ebl, ni m\u00eame l\u2019\u00c9tat juif, car c\u2019est un amalgame intol\u00e9rable. D\u2019une part, \u00ab\u00a0\u00eatre juif, c\u2019est toujours \u00eatre aux c\u00f4t\u00e9s des opprim\u00e9s, et jamais du c\u00f4t\u00e9 des oppresseurs\u00a0\u00bb (Marek Edelman, commandant en second de l\u2019insurrection du ghetto de Varsovie) et, d\u2019autre part, cet \u00c9tat ne pr\u00e9tend agir au nom de tous les Juifs  que pour mieux s\u2019accaparer leur m\u00e9moire et user du g\u00e9nocide des Juifs  comme d\u2019un redoutable palladium. Cet \u00c9tat est paradoxalement contre les Juifs, c\u2019est bien pourquoi il a toujours eu le soutien inconditionnel des antis\u00e9mites (Balfour et sa d\u00e9claration, et les sionistes chr\u00e9tiens de nos jours). Il suffit, pour s\u2019en convaincre, de se rappeler  comment, dans cet \u00c9tat, furent trait\u00e9s, qualifi\u00e9s les rares survivants des camps de concentration et d\u2019extermination\u00a0:\u00a0de moutons qui sont all\u00e9s sans r\u00e9sistance \u00e0 l\u2019abattoir et, parfois, surnomm\u00e9s m\u00eame les \u00ab\u00a0savons\u00a0\u00bb.<\/p>\n<p>Ne  l\u2019appelez plus l\u2019\u00c9tat d\u2019Isra\u00ebl, et encore moins l\u2019\u00c9tat h\u00e9breu, car c\u2019est, l\u00e0, un contresens historique (ou, au choix, un terme de pure propagande). Cet \u00c9tat n\u2019est pas dirig\u00e9, ni d\u00e9fendu par des descendants des H\u00e9breux, peuple s\u00e9mite de l\u2019Orient ancien. En effet le Grand Exode de 70 apr\u00e8s J.-C. fait partie du roman national, et rien ne vient l\u2019\u00e9tayer\u00a0:\u00a0ce mythe entretenu ne sert qu\u2019\u00e0 justifier l\u2019injustifiable, \u00e0 savoir l\u2019expulsion des Palestiniens de leurs terres et la cr\u00e9ation d\u2019un foyer  national juif. De m\u00eame, la sp\u00e9cieuse expression \u00ab\u00a0une terre sans peuple pour un peuple sans terre\u00a0\u00bb n\u2019est qu\u2019un mensonge primordial, le premier d\u2019une trop  longue liste.<\/p>\n<p>Ne  l\u2019appelez plus l\u2019\u00c9tat d\u2019Isra\u00ebl, ni m\u00eame l\u2019\u00c9tat sioniste, car cela serait un gentil euph\u00e9misme. Bien s\u00fbr, le sionisme est, par essence, une id\u00e9ologie condamnable\u00a0:\u00a0son unique dessein est la cr\u00e9ation d\u2019un Eretz Isra\u00ebl pur ethniquement. C\u2019est donc un colonialisme de remplacement\u00a0:\u00a0il ne s\u2019agit pas l\u00e0 de faire suer le burnous, mais de le faire d\u00e9guerpir mort ou vif. Et comme toujours pour justifier l\u2019injustifiable, cet \u00c9tat d\u00e9nigre la population indig\u00e8ne, les qualificatifs les plus odieux sortent des bouches officielles jusqu\u2019\u00e0 taxer les Palestiniens d\u2019animaux humains, comme si Gaza et  la Cisjordanie \u00e9taient leur chasse gard\u00e9e. Tout cela sent fort les remugles du colonialisme occidental, que l\u2019on croyait r\u00e9volu. Et non\u00a0! Le sionisme reste bel et bien une id\u00e9ologie arri\u00e9r\u00e9e et occidentale du XIXe, et qui entra\u00eene ses adeptes dans une folie collective.<\/p>\n<p>Ne  l\u2019appelez plus l\u2019\u00c9tat d\u2019Isra\u00ebl, appelez-le sans barguigner l\u2019\u00c9tat jud\u00e9o-nazi, car \u00ab\u00a0mal nommer les choses, c\u2019est ajouter au malheur du monde\u00a0\u00bb (Albert Camus).<\/p>\n<p>Le terme de jud\u00e9o-nazi a \u00e9t\u00e9 forg\u00e9 par le philosophe isra\u00e9lien (et accessoirement sioniste)  Yeshayahou Leibowitz qui s\u2019exprima ainsi\u00a0: \u00ab\u00a0dans les territoires occup\u00e9s, nous employons la torture. La torture\u00a0! Nous l\u2019employons en vertu de l\u2019autorisation qui nous a \u00e9t\u00e9 donn\u00e9e par la cr\u00e9ature qui, il y a encore trois ans \u00e9tait pr\u00e9sident  de la Cour Supr\u00eame de l\u2019\u00c9tat d\u2019Isra\u00ebl [Moshe Landau\u00a0de 1980 \u00e0 82\u00a0; il pr\u00e9sida aussi le proc\u00e8s Eichmann en 1961]. [..] Voil\u00e0 ce que j\u2019entends par jud\u00e9o-nazis. Les jud\u00e9o-nazis existent. Je constate un fait.\u00a0Si j\u2019\u00e9l\u00e8ve la voix, c\u2019est que les gens l\u2019ignorent encore.\u00a0\u00bb<\/p>\n<p>D\u00e9j\u00e0, en 1948, Albert Einstein et Hannah Arendt \u00e9crivaient dans le\u00a0<i>New York Times<\/i>\u00a0:\u00a0\u00ab\u00a0parmi les ph\u00e9nom\u00e8nes politiques les plus inqui\u00e9tants de notre \u00e9poque, il y a dans l\u2019\u00c9tat nouvellement cr\u00e9\u00e9 d\u2019Isra\u00ebl l\u2019apparition du \u00ab\u00a0Parti de la Libert\u00e9\u00a0\u00bb (Tnuat Haberut) [Menahem Begin  fut chef de ce parti], un parti politique \u00e9troitement apparent\u00e9 dans son organisation, ses m\u00e9thodes, sa philosophie politique et son appel social aux partis Nazi et fascistes.\u00a0Il a \u00e9t\u00e9 form\u00e9 par les membres et partisans de l\u2019ancien Irgun Zvai leumi, une organisation terroriste d\u2019extr\u00eame-droite et nationaliste en Palestine.\u00a0\u00bb<\/p>\n<p>Le sionisme portait donc en germe le crime supr\u00eame comme la nu\u00e9e l\u2019orage\u00a0: de volont\u00e9 de cr\u00e9er un juif nouveau, en volont\u00e9 de puret\u00e9 ethnique, en passant par le supr\u00e9macisme juif et la d\u00e9shumanisation des Palestiniens, tout cela ne pouvait que mal finir. \u00c0 force de violations r\u00e9p\u00e9t\u00e9es du Droit international, \u00e0 force de crimes de guerre et de crimes contre l\u2019humanit\u00e9 toujours impunis, \u00e0 force de complicit\u00e9s occidentales  intangibles et de soutiens inconditionnels ind\u00e9fectibles, tout cela ne pouvait qu\u2019amener au g\u00e9nocide des Palestiniens.<\/p>\n<p>Mais comment\u00a0se peut-il\u00a0? Mais comment ce peuple qui a subi le pire, \u00e0 savoir les pogroms et l\u2019extermination nazie, pourrait-il \u00e0 son tour commettre des crimes, voire un g\u00e9nocide\u00a0?<\/p>\n<p>Il n\u2019y a l\u00e0 aucune contradiction\u00a0: les victimes du pass\u00e9 ne sont en rien comptables des crimes actuels. Seules subsistent leurs m\u00e9moires. Utilis\u00e9es jusqu\u2019\u00e0 l\u2019obsc\u00e8ne, leurs m\u00e9moires sont souill\u00e9es par tous ces crimes qui ont d\u00e9but\u00e9 bien avant le g\u00e9nocide en cours et m\u00eame avant  la Nakba.<\/p>\n<p>William Blum disait\u00a0: \u00ab\u00a0<a target=\"_blank\" href=\"https:\/\/www.legrandsoir.info\/La-pire-chose-qui-soit-arrivee-au-peuple-juif-apres-l-Holocauste.html\">la pire chose qui soit jamais arriv\u00e9e au peuple juif, apr\u00e8s l\u2019Holocauste, c\u2019est la cr\u00e9ation de l\u2019\u00c9tat d\u2019Isra\u00ebl.<\/a>\u00a0\u00bb<\/p>\n<p>Bien s\u00fbr, il reviendra \u00e0 l\u2019Histoire de d\u00e9signer les nouveaux Justes. Mais, d\u2019ores et d\u00e9j\u00e0, il est juste d\u2019\u00e9crire  que  la pire chose qui soit jamais arriv\u00e9e aux Palestiniens, c\u2019est l\u2019existence de l\u2019\u00c9tat jud\u00e9o-nazi.<\/p>\n<p><strong>Personne<\/strong><\/p>\n<\/div>\n<p><br \/>\n<br \/><a href=\"https:\/\/www.legrandsoir.info\/ne-l-appelez-plus-l-etat-d-israel.html\" target=\"_blank\"\">Source link <\/a><\/p>\n","protected":false},"excerpt":{"rendered":"<p>Ne l\u2019appelez plus l\u2019\u00c9tat d\u2019Isra\u00ebl, ni m\u00eame l\u2019\u00c9tat juif, car c\u2019est un amalgame intol\u00e9rable. D\u2019une part, \u00ab\u00a0\u00eatre juif, c\u2019est toujours \u00eatre aux c\u00f4t\u00e9s des opprim\u00e9s, et jamais du c\u00f4t\u00e9 des&hellip; <\/p>\n","protected":false},"author":1,"featured_media":16349,"comment_status":"open","ping_status":"open","sticky":false,"template":"","format":"standard","meta":{"footnotes":""},"categories":[1],"tags":[],"class_list":["post-16348","post","type-post","status-publish","format-standard","has-post-thumbnail","hentry","category-non-classe"],"_links":{"self":[{"href":"https:\/\/monde25.info\/index.php\/wp-json\/wp\/v2\/posts\/16348","targetHints":{"allow":["GET"]}}],"collection":[{"href":"https:\/\/monde25.info\/index.php\/wp-json\/wp\/v2\/posts"}],"about":[{"href":"https:\/\/monde25.info\/index.php\/wp-json\/wp\/v2\/types\/post"}],"author":[{"embeddable":true,"href":"https:\/\/monde25.info\/index.php\/wp-json\/wp\/v2\/users\/1"}],"replies":[{"embeddable":true,"href":"https:\/\/monde25.info\/index.php\/wp-json\/wp\/v2\/comments?post=16348"}],"version-history":[{"count":0,"href":"https:\/\/monde25.info\/index.php\/wp-json\/wp\/v2\/posts\/16348\/revisions"}],"wp:featuredmedia":[{"embeddable":true,"href":"https:\/\/monde25.info\/index.php\/wp-json\/wp\/v2\/media\/16349"}],"wp:attachment":[{"href":"https:\/\/monde25.info\/index.php\/wp-json\/wp\/v2\/media?parent=16348"}],"wp:term":[{"taxonomy":"category","embeddable":true,"href":"https:\/\/monde25.info\/index.php\/wp-json\/wp\/v2\/categories?post=16348"},{"taxonomy":"post_tag","embeddable":true,"href":"https:\/\/monde25.info\/index.php\/wp-json\/wp\/v2\/tags?post=16348"}],"curies":[{"name":"wp","href":"https:\/\/api.w.org\/{rel}","templated":true}]}}