{"id":16352,"date":"2025-09-23T03:18:38","date_gmt":"2025-09-23T01:18:38","guid":{"rendered":"https:\/\/monde25.info\/index.php\/2025\/09\/23\/la-chaleur-de-lete-2024-a-fait-pres-de-63-000-morts-en-europe\/"},"modified":"2025-09-23T03:18:38","modified_gmt":"2025-09-23T01:18:38","slug":"la-chaleur-de-lete-2024-a-fait-pres-de-63-000-morts-en-europe","status":"publish","type":"post","link":"https:\/\/monde25.info\/index.php\/2025\/09\/23\/la-chaleur-de-lete-2024-a-fait-pres-de-63-000-morts-en-europe\/","title":{"rendered":"La chaleur de l&#039;\u00e9t\u00e9 2024 a fait pr\u00e8s de 63 000 morts en Europe"},"content":{"rendered":"<p> <br \/>\n<br \/><img loading=\"lazy\" decoding=\"async\" src=\"https:\/\/reporterre.net\/local\/cache-vignettes\/L700xH467\/pexels-stephan-saloth-28489944-13089531_1_-fbb8b.jpg?1758553200\" class=\"spip_logo\" width=\"700\" height=\"467\" alt=\"\" \/><\/p>\n<p>L&rsquo;ann\u00e9e 2024 a \u00e9t\u00e9 la plus chaude jamais enregistr\u00e9e en Europe et cela a eu des cons\u00e9quences dramatiques\u00a0: quelque 62\u00a0775 personnes sont mortes entre le 1<sup class=\"typo_exposants\">er<\/sup>\u00a0juin et le 30\u00a0septembre 2024 sur le continent \u00e0 cause de la chaleur. Tel est le r\u00e9sultat d&rsquo;une \u00e9tude dirig\u00e9e par des chercheurs de l&rsquo;Institut de Barcelone pour la sant\u00e9 mondiale (ISGlobal), publi\u00e9e le 22\u00a0septembre dans la revue Nature Medicine. <br class=\"autobr\" \/><br \/>\nCette mortalit\u00e9 li\u00e9e \u00e0 la chaleur correspond \u00e0 une hausse de 23,6<small class=\"fine d-inline\">\u00a0<\/small>% par rapport \u00e0 celle\u00a0(\u2026)<\/p>\n<p>                    <a target=\"_blank\" href=\"https:\/\/reporterre.net\/La-chaleur-de-l-ete-2024-a-fait-pres-de-63-000-morts-en-Europe?utm_source=RSS&amp;utm_medium=RSS\">Lire la suite<\/a><\/p>\n<p>                    &#8211;<br \/>\n                        <a target=\"_blank\" href=\"https:\/\/reporterre.net\/Breves-20\" rel=\"directory\">En bref<\/a><\/p>\n<p>                    \/<br \/>\n                        <a target=\"_blank\" href=\"https:\/\/reporterre.net\/Climat-18\" rel=\"tag\">Climat <\/a><br \/>\n<br \/><br \/>\n<br \/><a href=\"https:\/\/reporterre.net\/La-chaleur-de-l-ete-2024-a-fait-pres-de-63-000-morts-en-Europe\" target=\"_blank\"\">Source link <\/a><\/p>\n","protected":false},"excerpt":{"rendered":"<p>L&rsquo;ann\u00e9e 2024 a \u00e9t\u00e9 la plus chaude jamais enregistr\u00e9e en Europe et cela a eu des cons\u00e9quences dramatiques\u00a0: quelque 62\u00a0775 personnes sont mortes entre le 1er\u00a0juin et le 30\u00a0septembre 2024&hellip; <\/p>\n","protected":false},"author":1,"featured_media":0,"comment_status":"open","ping_status":"open","sticky":false,"template":"","format":"standard","meta":{"footnotes":""},"categories":[1],"tags":[],"class_list":["post-16352","post","type-post","status-publish","format-standard","hentry","category-non-classe"],"_links":{"self":[{"href":"https:\/\/monde25.info\/index.php\/wp-json\/wp\/v2\/posts\/16352","targetHints":{"allow":["GET"]}}],"collection":[{"href":"https:\/\/monde25.info\/index.php\/wp-json\/wp\/v2\/posts"}],"about":[{"href":"https:\/\/monde25.info\/index.php\/wp-json\/wp\/v2\/types\/post"}],"author":[{"embeddable":true,"href":"https:\/\/monde25.info\/index.php\/wp-json\/wp\/v2\/users\/1"}],"replies":[{"embeddable":true,"href":"https:\/\/monde25.info\/index.php\/wp-json\/wp\/v2\/comments?post=16352"}],"version-history":[{"count":0,"href":"https:\/\/monde25.info\/index.php\/wp-json\/wp\/v2\/posts\/16352\/revisions"}],"wp:attachment":[{"href":"https:\/\/monde25.info\/index.php\/wp-json\/wp\/v2\/media?parent=16352"}],"wp:term":[{"taxonomy":"category","embeddable":true,"href":"https:\/\/monde25.info\/index.php\/wp-json\/wp\/v2\/categories?post=16352"},{"taxonomy":"post_tag","embeddable":true,"href":"https:\/\/monde25.info\/index.php\/wp-json\/wp\/v2\/tags?post=16352"}],"curies":[{"name":"wp","href":"https:\/\/api.w.org\/{rel}","templated":true}]}}