{"id":16357,"date":"2025-09-23T05:30:50","date_gmt":"2025-09-23T03:30:50","guid":{"rendered":"https:\/\/monde25.info\/index.php\/2025\/09\/23\/la-bande-de-gaza-sest-vue-condamner-a-mort-par-le-gouvernement-israelien-denonce-la-diplomatie-russe-rt-en-francais\/"},"modified":"2025-09-23T05:30:50","modified_gmt":"2025-09-23T03:30:50","slug":"la-bande-de-gaza-sest-vue-condamner-a-mort-par-le-gouvernement-israelien-denonce-la-diplomatie-russe-rt-en-francais","status":"publish","type":"post","link":"https:\/\/monde25.info\/index.php\/2025\/09\/23\/la-bande-de-gaza-sest-vue-condamner-a-mort-par-le-gouvernement-israelien-denonce-la-diplomatie-russe-rt-en-francais\/","title":{"rendered":"\u00abLa bande de Gaza s\u2019est vue condamner \u00e0 mort par le gouvernement isra\u00e9lien\u00bb, d\u00e9nonce la diplomatie russe \u2014 RT en fran\u00e7ais"},"content":{"rendered":"<p> <br \/>\n<br \/><img decoding=\"async\" src=\"https:\/\/mf.b37mrtl.ru\/french\/images\/2025.09\/thumbnail\/68d1d94187f3ec6ffa320e98.jpg\" \/><\/p>\n<div>\n<p class=\"text__summary\">\n                                        Lors de Conf\u00e9rence internationale pour la mise en \u0153uvre de la solution des deux \u00c9tats, aux Nations Unies, le vice-ministre russe des Affaires \u00e9trang\u00e8res a mis en garde contre la poursuite par Isra\u00ebl de la colonisation en Cisjordanie, \u00e0 l\u2019heure o\u00f9 certains des derniers pays qui ne reconnaissaient pas encore la Palestine franchissent le pas.\n                                    <\/p>\n<p>\u00abNombreux sont les \u00c9tats qui ont promis la reconnaissance de l\u2019\u00c9tat palestinien et certains l\u2019ont fait aujourd\u2019hui, mais ils l\u2019ont fait 80 ans apr\u00e8s l\u2019adoption de la r\u00e9solution qui d\u00e9cr\u00e9tait la partition de la Palestine mandataire\u00bb.<\/p>\n<p>Lors de son intervention dans la nuit du 22 au 23 septembre, au si\u00e8ge des Nations unies \u00e0 New York, \u00e0 l\u2019occasion de la Conf\u00e9rence internationale de haut niveau sur le r\u00e8glement pacifique de la question de Palestine et la mise en \u0153uvre de la solution des deux \u00c9tats, le vice-ministre russe des Affaires \u00e9trang\u00e8res Sergue\u00ef Verchinine a r\u00e9it\u00e9r\u00e9 la position de son pays vis-\u00e0-vis du conflit en cours \u00e0 Moyen-Orient.<\/p>\n<p>\u00ab\u00a0Ce qui se d\u00e9roule aujourd\u2019hui au Moyen-Orient d\u00e9passe ce que nous pouvons imaginer\u00a0\u00bb, a-t-il d\u00e9clar\u00e9. \u00ab\u00a0Nous voyons aujourd\u2019hui une agression contre la souverainet\u00e9 et l\u2019int\u00e9grit\u00e9 territoriale de pays membres des Nations unies, nous voyons \u00e9galement une attaque contre des installations nucl\u00e9aires se trouvant sous les garanties de l\u2019AIEA\u00a0\u00bb, l\u2019Agence internationale de l&rsquo;\u00e9nergie atomique, a constat\u00e9 le ministre russe.<\/p>\n<p>\u00ab\u00a0Quant \u00e0 la bande de Gaza\u00a0\u00bb, a poursuivi Verchinine, elle est aujourd\u2019hui affam\u00e9e, une famine provoqu\u00e9e par l\u2019homme\u00a0: 50\u00a0000 enfants sont d\u00e9j\u00e0 morts, et d\u2019autres souffrent de\u00a0malnutrition aig\u00fce et de famine\u00bb, a-t-il soulign\u00e9 \u00e0 l\u2019occasion de cette conf\u00e9rence en marge de l\u2019Assembl\u00e9e g\u00e9n\u00e9rale annuelle des Nations unies. Conf\u00e9rence, co-pr\u00e9sid\u00e9e par l\u2019Arabie saoudite et la France, au cours de laquelle le Pr\u00e9sident fran\u00e7ais a annonc\u00e9 la reconnaissance par son pays de l\u2019\u00c9tat de Palestine.\u00a0Une reconnaissance par laquelle la France a rejoint les plus de 150 pays qui ont d\u00e9j\u00e0 franchi ce pas.<\/p>\n<h3>Ne pas agir \u00ab\u00a0serait m\u00eame une complicit\u00e9 passive\u00a0\u00bb<\/h3>\n<p>\u00ab\u00a0La bande de Gaza s\u2019est vu condamner \u00e0 mort par le gouvernement isra\u00e9lien, qui compte annexer la Cisjordanie et d\u2019\u00e9tablir le \u00ab\u00a0Projet E1&Prime;\u00a0\u00bb, a-t-il alert\u00e9, en r\u00e9f\u00e9rence \u00e0 ce projet de colonie qui pr\u00e9voit la construction de plus de 3 000 logements \u00e0 l\u2019est de J\u00e9rusalem. Projet \u00ab\u00a0qui saperait la possibilit\u00e9 d\u2019\u00e9tablir un \u00c9tat palestinien d\u2019un seul tenant et viable\u00a0\u00bb, a-t-il insist\u00e9. En effet, ce projet avalis\u00e9 le 20 ao\u00fbt par le gouvernement de Benjamin Netanyahou, couperait la Cisjordanie en deux.<\/p>\n<p>Outre le vice-ministre russe des Affaires \u00e9trang\u00e8res, plus d\u2019une trentaine de repr\u00e9sentants se sont succ\u00e9d\u00e9s \u00e0 la tribune des Nations unies durant plus de trois heures, r\u00e9affirmant leur soutien \u00e0 une r\u00e9solution \u00e0 ce conflit qui d\u00e9chire depuis pr\u00e8s de deux ans le Proche-Orient.<\/p>\n<p>Intervenant par visioconf\u00e9rence le Pr\u00e9sident de l&rsquo;\u00c9tat de Palestine, Mahmoud Abbas a salu\u00e9 une d\u00e9claration \u00abhistorique\u00bb, en r\u00e9f\u00e9rence \u00e0 la <a target=\"_blank\" href=\"https:\/\/francais.rt.com\/news\/125196-palestine-onu-adopte-declaration-new-york-sur-solution-a-deux-etats-malgre-opposition-israel\">d\u00e9claration de New York<\/a>, \u00ab\u00a0qui marque le d\u00e9but d\u2019un chemin irr\u00e9versible pour mettre un terme \u00e0 la catastrophe humanitaire et pour mettre fin \u00e0 l\u2019occupation conform\u00e9ment aux initiatives internationales\u00a0\u00bb.<\/p>\n<p>\u00ab\u00a0Devant tant d\u2019inhumanit\u00e9\u00a0\u00bb, a pour sa part interpell\u00e9 le pr\u00e9sident s\u00e9n\u00e9galais Bassirou Diomaye Faye, \u00ab\u00a0ne pas agir ce n\u2019est pas une option, ce serait m\u00eame une complicit\u00e9 passive\u00a0\u00bb. Condamnant le terrorisme \u00ab\u00a0sous toutes ses formes et manifestations\u00a0\u00bb et appelant \u00e0 la lib\u00e9ration des derniers otages retenus par le Hamas \u00ab\u00a0pour avancer sur la voie de la d\u00e9tente n\u00e9cessaire au dialogue\u00a0\u00bb, le pr\u00e9sident de l\u2019Angola, Jo\u00e3o Louren\u00e7o, n\u2019a pas m\u00e2ch\u00e9 ses mots \u00e0 l\u2019endroit de l\u2019\u00c9tat h\u00e9breu dans le conflit l\u2019opposant au Hamas depuis le 7 octobre.<\/p>\n<h3>\u00ab\u00a0Le peuple palestinien est en train d\u2019\u00eatre an\u00e9anti\u00a0\u00bb, alerte Sanchez<\/h3>\n<p>\u00ab\u00a0Tout en condamnant, de fa\u00e7on limpide, les actes de violence d\u00e9lib\u00e9r\u00e9s perp\u00e9tr\u00e9s contre les civils isra\u00e9liens par le Hamas, nous condamnons aussi la r\u00e9action disproportionn\u00e9e de l\u2019\u00c9tat d\u2019Isra\u00ebl qui a utilis\u00e9 des avions de combat, des bombardiers, des chars, l\u2019artillerie lourde, non pas contre une arm\u00e9e classique, mais contre une population civile sans d\u00e9fense, contre des journalistes, du personnel m\u00e9dical, des employ\u00e9s des Nations unies, d\u2019organisation humanitaire, sous pr\u00e9texte de poursuivre le Hamas\u00a0\u00bb, a-t-il d\u00e9clar\u00e9.<\/p>\n<p>M\u00eame tonalit\u00e9 du c\u00f4t\u00e9 de l\u2019Espagne. \u00ab\u00a0Si la reconnaissance de l\u2019\u00c9tat palestinien est urgente, l\u2019existence d\u2019un peuple palestinien &#8211; dans un \u00c9tat que nous pr\u00e9tendons reconnaitre -, l\u2019est encore plus. H\u00e9las, le peuple palestinien est en train d\u2019\u00eatre an\u00e9anti\u00a0\u00bb, a d\u00e9clar\u00e9 le Premier ministre espagnol Pedro S\u00e1nchez. \u00ab\u00a0Au nom de la raison, au nom du droit international, au nom de la dignit\u00e9 humaine, nous devons faire cesser ce massacre imm\u00e9diatement\u00a0\u00bb, a-t-il poursuivi.<\/p>\n<p>S\u2019il a salu\u00e9 une \u00ab\u00a0\u00e9tape cruciale\u00a0\u00bb, \u00ab\u00a0fondamentale\u00a0\u00bb, au travers de cette conf\u00e9rence d\u00e9di\u00e9e \u00e0 la r\u00e9affirmation de la solution \u00e0 deux \u00c9tats, \u00ab\u00a0que les choses soient claires, il n\u2019y a pas de solution possible lorsque la population d\u2019un de ces \u00c9tats est victime d\u2019un g\u00e9nocide\u00a0\u00bb, a encore affirm\u00e9 S\u00e1nchez, demandant \u00e0 ce que l\u2019\u00c9tat de Palestine devienne un membre de plein droit aux Nations unies et que \u00abdes mesures pour freiner la barbarie et rendre la paie possible\u00bb soient adopt\u00e9es.<\/p>\n<p>\u00ab\u00a0Il est urgent de prendre des mesures collectives pour mettre un terme \u00e0 cette guerre d\u00e9chirante\u00ad\u00a0\u00bb, a \u00e9galement appel\u00e9 le chef de la diplomatie mexicaine, Juan Ram\u00f3n de la Fuente. Pour sa part, la pr\u00e9sidente de la Commission europ\u00e9enne, Ursula von der Leyen &#8211; qui ne compte plus les dizaines de milliards engag\u00e9s en faveur de son soutien \u00e0 Kiev -, a pr\u00e9sent\u00e9 l\u2019UE comme la \u00ab\u00a0planche de salut de l\u2019autorit\u00e9 palestinienne\u00bb en \u00e9voquant une \u00ab\u00a0enveloppe budg\u00e9taire sans pr\u00e9c\u00e9dent de 1,6 milliard d\u2019euros\u00a0\u00bb ainsi que la mise en place d\u2019un \u00ab\u00a0instrument sp\u00e9cial pour la reconstruction de Gaza\u00a0\u00bb et d\u2019enjoindre les pays membres de l\u2019ONU \u00e0 \u00ab\u00a0en faire davantage\u00a0\u00bb.<\/p>\n<\/div>\n<p><br \/>\n<br \/><a href=\"https:\/\/francais.rt.com\/international\/125572-bande-gaza-condamner-mort-verchinine\" target=\"_blank\"\">Source link <\/a><\/p>\n","protected":false},"excerpt":{"rendered":"<p>Lors de Conf\u00e9rence internationale pour la mise en \u0153uvre de la solution des deux \u00c9tats, aux Nations Unies, le vice-ministre russe des Affaires \u00e9trang\u00e8res a mis en garde contre la&hellip; <\/p>\n","protected":false},"author":1,"featured_media":16358,"comment_status":"open","ping_status":"open","sticky":false,"template":"","format":"standard","meta":{"footnotes":""},"categories":[1],"tags":[],"class_list":["post-16357","post","type-post","status-publish","format-standard","has-post-thumbnail","hentry","category-non-classe"],"_links":{"self":[{"href":"https:\/\/monde25.info\/index.php\/wp-json\/wp\/v2\/posts\/16357","targetHints":{"allow":["GET"]}}],"collection":[{"href":"https:\/\/monde25.info\/index.php\/wp-json\/wp\/v2\/posts"}],"about":[{"href":"https:\/\/monde25.info\/index.php\/wp-json\/wp\/v2\/types\/post"}],"author":[{"embeddable":true,"href":"https:\/\/monde25.info\/index.php\/wp-json\/wp\/v2\/users\/1"}],"replies":[{"embeddable":true,"href":"https:\/\/monde25.info\/index.php\/wp-json\/wp\/v2\/comments?post=16357"}],"version-history":[{"count":0,"href":"https:\/\/monde25.info\/index.php\/wp-json\/wp\/v2\/posts\/16357\/revisions"}],"wp:featuredmedia":[{"embeddable":true,"href":"https:\/\/monde25.info\/index.php\/wp-json\/wp\/v2\/media\/16358"}],"wp:attachment":[{"href":"https:\/\/monde25.info\/index.php\/wp-json\/wp\/v2\/media?parent=16357"}],"wp:term":[{"taxonomy":"category","embeddable":true,"href":"https:\/\/monde25.info\/index.php\/wp-json\/wp\/v2\/categories?post=16357"},{"taxonomy":"post_tag","embeddable":true,"href":"https:\/\/monde25.info\/index.php\/wp-json\/wp\/v2\/tags?post=16357"}],"curies":[{"name":"wp","href":"https:\/\/api.w.org\/{rel}","templated":true}]}}