{"id":16364,"date":"2025-09-23T08:48:52","date_gmt":"2025-09-23T06:48:52","guid":{"rendered":"https:\/\/monde25.info\/index.php\/2025\/09\/23\/pendant-la-reconnaissance-les-massacres-continuent-le-monde-diplomatique-22-septembre-2025\/"},"modified":"2025-09-23T08:48:52","modified_gmt":"2025-09-23T06:48:52","slug":"pendant-la-reconnaissance-les-massacres-continuent-le-monde-diplomatique-22-septembre-2025","status":"publish","type":"post","link":"https:\/\/monde25.info\/index.php\/2025\/09\/23\/pendant-la-reconnaissance-les-massacres-continuent-le-monde-diplomatique-22-septembre-2025\/","title":{"rendered":"Pendant la reconnaissance, les massacres continuent (Le Monde diplomatique, 22 septembre 2025)"},"content":{"rendered":"<p> <br \/>\n<\/p>\n<div>\n<figure class=\"spip_document_34949 spip_documents spip_documents_center xl\" style=\"width:890px;\">\n<div class=\"limage\">\n<p>\t\t\t<img loading=\"lazy\" decoding=\"async\" src=\"https:\/\/www.monde-diplomatique.fr\/\/local\/cache-vignettes\/L890xH590\/palestine-manifmars890-415ad.jpg?1758560258\" width=\"890\" height=\"590\" class=\"spip_logos\" alt=\"JPEG - 153\u00a0ko\"\/><\/p><\/div><figcaption>\n<p>Manifestation pour la Palestine en juin 2025 \u00e0 Marseille<\/p>\n<p>\u00a9 baroug\n<\/p>\n<\/figcaption><\/figure>\n<p><span class=\"mot-lettrine\"><span class=\"lettrine\">L<\/span>a<\/span> quatre-vingti\u00e8me session de l\u2019Assembl\u00e9e g\u00e9n\u00e9rale des Nations unies (ONU) doit marquer la relance d\u2019une \u00ab<small class=\"fine\">\u00a0<\/small>solution \u00e0 deux \u00c9tats<small class=\"fine\">\u00a0<\/small>\u00bb au Proche-Orient. La reconnaissance officielle de l\u2019\u00c9tat de Palestine par plusieurs pays occidentaux, dont le Royaume-Uni et la France \u2014\u00a0membres permanents du Conseil de s\u00e9curit\u00e9\u00a0\u2014 vise \u00e0 donner un \u00e9lan \u00e0 ce sommet mondial. Avec l\u2019Australie, la Belgique, le Canada, le Luxembourg, Malte et Saint-Marin, le Portugal, ces \u00c9tats rejoignent une tr\u00e8s large majorit\u00e9 de pays du monde\u00a0: 148 sur 193 avant l\u2019annonce du pr\u00e9sident Emmanuel Macron \u00e0 New York dans la soir\u00e9e du 22\u00a0septembre <i>(voir <a target=\"_blank\" href=\"http:\/\/www.monde-diplomatique.fr\/carnet\/2025-09-22-Pendant-la-reconnaissance-les#carte\" class=\"spip_ancre\">la carte ci-dessous<\/a>).<\/i><\/p>\n<p><q class=\"lire_aussi sanslogo\">   <\/p>\n<p>Lire aussi Amnon Kapeliouk, \u00ab\u00a0<a target=\"_blank\" href=\"https:\/\/www.monde-diplomatique.fr\/1988\/12\/KAPELIOUK\/41323\">Pari palestinien, refus isra\u00e9lien<\/a>\u00a0\u00bb, <i>Le Monde diplomatique<\/i>, d\u00e9cembre\u00a01988.<br \/>\n<\/q>La Palestine est d\u00e9j\u00e0 un membre observateur de l\u2019ONU depuis 2012. Elle a \u00e9t\u00e9 admise \u00e0 l\u2019Organisation des Nations unies pour l\u2019\u00e9ducation, la science et la culture (Unesco) en 2011 et \u00e0 la Cour p\u00e9nale internationale (CPI) en 2015. Mais sa reconnaissance comme membre \u00e0 part enti\u00e8re des Nations unies suppose l\u2019approbation du Conseil de s\u00e9curit\u00e9, et des deux tiers des pays membres de l\u2019Assembl\u00e9e g\u00e9n\u00e9rale. Elle s\u2019est toujours heurt\u00e9e au veto des \u00c9tats-Unis qui ne redoutent gu\u00e8re d\u2019\u00eatre isol\u00e9s sur cette question, comme en avril 2024.<\/p>\n<p><q class=\"lire_aussi sanslogo\">   <\/p>\n<p>Lire aussi Edward W. Said, \u00ab\u00a0<a target=\"_blank\" href=\"https:\/\/www.monde-diplomatique.fr\/1993\/11\/SAID\/45741\">Comment conjurer le risque d\u2019une perp\u00e9tuelle soumission \u00e0 l\u2019Etat d\u2019Isra\u00ebl<\/a>\u00a0\u00bb, <i>Le Monde diplomatique<\/i>, novembre\u00a01993.<br \/>\n<\/q>En proclamant un \u00c9tat de Palestine le 15\u00a0novembre 1988, tout en reconnaissant Isra\u00ebl, les r\u00e9solutions de l\u2019ONU et des fronti\u00e8res qui laissaient aux Palestiniens une portion congrue (23<small class=\"fine\">\u00a0<\/small>% du territoire sous mandat britannique avant 1948), <a target=\"_blank\" href=\"https:\/\/www.monde-diplomatique.fr\/1988\/12\/KAPELIOUK\/41323\" class=\"spip_in\">l\u2019Organisation de lib\u00e9ration de la Palestine (OLP) faisait le pari de la paix<\/a>. Elle admettait davantage encore un rapport de force in\u00e9gal <a target=\"_blank\" href=\"https:\/\/www.monde-diplomatique.fr\/1993\/11\/SAID\/45741\" class=\"spip_in\">en signant les accords d\u2019Oslo en 1993<\/a>. Ceux-ci ne pr\u00e9voyaient rien pour l\u2019\u00c9tat palestinien, sinon de renvoyer la question cinq\u00a0ans plus tard. Depuis, les Occidentaux n\u2019ont cess\u00e9 d\u2019en pr\u00e9ciser les contours et les contraintes, <a target=\"_blank\" href=\"https:\/\/www.monde-diplomatique.fr\/2011\/10\/GRESH\/21106\" class=\"spip_in\">tout en repoussant sans cesse cette perspective<\/a>, comme l\u2019horizon qui s\u2019\u00e9loigne quand on s\u2019en approche.<\/p>\n<blockquote class=\"spip\">\n<h3 class=\"spip\">Une reconnaissance progressive<\/h3>\n<figure class=\"spip_document_34948 spip_documents spip_documents_left colmargedroite\" style=\"float:left; width:810px;\">\n<div class=\"limage\">\n<p>\t\t\t<img loading=\"lazy\" decoding=\"async\" src=\"https:\/\/www.monde-diplomatique.fr\/\/local\/cache-vignettes\/L810xH689\/photo_2025-09-22_18.51.10-9162b.jpg?1758559907\" width=\"810\" height=\"689\" class=\"spip_logos\" alt=\"JPEG - 79.3\u00a0ko\"\/><\/p><\/div><figcaption>\n<\/figcaption><\/figure>\n<p>Esquisse de l\u2019ensemble cartographique \u00e0 para\u00eetre dans notre prochaine \u00e9dition en kiosque mercredi 1<sup>er<\/sup>\u00a0octobre.<\/p>\n<\/blockquote>\n<p><q class=\"lire_aussi sanslogo\">   <\/p>\n<p>Lire aussi Alain Gresh, \u00ab\u00a0<a target=\"_blank\" href=\"https:\/\/www.monde-diplomatique.fr\/2011\/10\/GRESH\/21106\">Demain l\u2019Etat palestinien, toujours demain<\/a>\u00a0\u00bb, <i>Le Monde diplomatique<\/i>, octobre\u00a02011.<br \/>\n<\/q>Plus l\u2019id\u00e9e d\u2019un \u00c9tat s\u2019impose dans les instances internationales, moins sa r\u00e9alit\u00e9 appara\u00eet tangible sur le terrain. Isra\u00ebl dicte plus que jamais sa loi par les armes, non seulement \u00e0 Gaza, d\u00e9truite sans r\u00e9pit, en Cisjordanie, o\u00f9 la colonisation ne cesse d\u2019avancer, mais aussi en bombardant ses voisins\u00a0: Liban, Iran, Qatar, Syrie et Y\u00e9men pour ne retenir que les six derniers mois.<\/p>\n<p><q class=\"lire_aussi\">   <\/p>\n<div class=\"logo\"><a target=\"_blank\" href=\"https:\/\/www.monde-diplomatique.fr\/2025\/06\/ACHCAR\/68472\"><img loading=\"lazy\" decoding=\"async\" class=\"spip_logo spip_logos\" alt=\"\" src=\"https:\/\/www.monde-diplomatique.fr\/\/local\/cache-vignettes\/L600xH315\/arton68472-5fe94.jpg?1751040710\" width=\"600\" height=\"315\"\/><\/a><\/div>\n<p>Lire aussi Gilbert Achcar, \u00ab\u00a0<a target=\"_blank\" href=\"https:\/\/www.monde-diplomatique.fr\/2025\/06\/ACHCAR\/68472\">Gaza ou la faillite de l\u2019Occident<\/a>\u00a0\u00bb, <i>Le Monde diplomatique<\/i>, juin\u00a02025.<br \/>\n<\/q><\/p>\n<p>Le 13\u00a0septembre 2024, l\u2019Assembl\u00e9e g\u00e9n\u00e9rale prenait en compte l\u2019avis de la Cour internationale de justice (CIJ) sur <i>\u00ab<small class=\"fine\">\u00a0<\/small>les cons\u00e9quences juridiques d\u00e9coulant des politiques et pratiques d\u2019Isra\u00ebl dans le Territoire palestinien occup\u00e9<small class=\"fine\">\u00a0<\/small>\u00bb.<\/i> Elle exigeait qu\u2019Isra\u00ebl mette fin au plus tard dans les douze mois <i>\u00ab<small class=\"fine\">\u00a0<\/small>\u00e0 sa pr\u00e9sence illicite<small class=\"fine\">\u00a0<\/small>\u00bb.<\/i> L\u2019Assembl\u00e9e demandait \u00e0 tous les pays de <i>\u00ab<small class=\"fine\">\u00a0<\/small>prendre des mesures pour mettre fin \u00e0 l\u2019importation de tout produit provenant des colonies de peuplement isra\u00e9liennes, ainsi qu\u2019\u00e0 la fourniture ou au transfert d\u2019armes, de munitions et de mat\u00e9riel connexe \u00e0 Isra\u00ebl, puissance occupante, dans tous les cas o\u00f9 il y aurait des motifs raisonnables de soup\u00e7onner qu\u2019ils pourraient \u00eatre utilis\u00e9s dans le Territoire palestinien occup\u00e9<small class=\"fine\">\u00a0<\/small>\u00bb.<\/i> Plus audacieux encore, le terme \u00ab<small class=\"fine\">\u00a0<\/small>sanction<small class=\"fine\">\u00a0<\/small>\u00bb \u00e9tait mentionn\u00e9 explicitement.<\/p>\n<p>Douze mois plus tard, la reconnaissance symbolique de l\u2019\u00c9tat de Palestine permet \u00e0 la France, l\u2019Australie ou au Royaume-Uni de faire oublier qu\u2019ils n\u2019ont pris aucune sanction pour faire appliquer le droit international dans les territoires occup\u00e9s depuis 1967, et qu\u2019ils ne font rien de concret non plus pour <a target=\"_blank\" href=\"https:\/\/www.monde-diplomatique.fr\/2025\/06\/ACHCAR\/68472\" class=\"spip_in\">mettre en \u0153uvre leurs propres obligations de pr\u00e9vention et de r\u00e9pression du crime de g\u00e9nocide<\/a>.<\/p>\n<\/p><\/div>\n<p><br \/>\n<br \/><a href=\"https:\/\/www.monde-diplomatique.fr\/carnet\/2025-09-22-Pendant-la-reconnaissance-les\" target=\"_blank\"\">Source link <\/a><\/p>\n","protected":false},"excerpt":{"rendered":"<p>Manifestation pour la Palestine en juin 2025 \u00e0 Marseille \u00a9 baroug La quatre-vingti\u00e8me session de l\u2019Assembl\u00e9e g\u00e9n\u00e9rale des Nations unies (ONU) doit marquer la relance d\u2019une \u00ab\u00a0solution \u00e0 deux \u00c9tats\u00a0\u00bb&hellip; <\/p>\n","protected":false},"author":1,"featured_media":16365,"comment_status":"open","ping_status":"open","sticky":false,"template":"","format":"standard","meta":{"footnotes":""},"categories":[1],"tags":[],"class_list":["post-16364","post","type-post","status-publish","format-standard","has-post-thumbnail","hentry","category-non-classe"],"_links":{"self":[{"href":"https:\/\/monde25.info\/index.php\/wp-json\/wp\/v2\/posts\/16364","targetHints":{"allow":["GET"]}}],"collection":[{"href":"https:\/\/monde25.info\/index.php\/wp-json\/wp\/v2\/posts"}],"about":[{"href":"https:\/\/monde25.info\/index.php\/wp-json\/wp\/v2\/types\/post"}],"author":[{"embeddable":true,"href":"https:\/\/monde25.info\/index.php\/wp-json\/wp\/v2\/users\/1"}],"replies":[{"embeddable":true,"href":"https:\/\/monde25.info\/index.php\/wp-json\/wp\/v2\/comments?post=16364"}],"version-history":[{"count":0,"href":"https:\/\/monde25.info\/index.php\/wp-json\/wp\/v2\/posts\/16364\/revisions"}],"wp:featuredmedia":[{"embeddable":true,"href":"https:\/\/monde25.info\/index.php\/wp-json\/wp\/v2\/media\/16365"}],"wp:attachment":[{"href":"https:\/\/monde25.info\/index.php\/wp-json\/wp\/v2\/media?parent=16364"}],"wp:term":[{"taxonomy":"category","embeddable":true,"href":"https:\/\/monde25.info\/index.php\/wp-json\/wp\/v2\/categories?post=16364"},{"taxonomy":"post_tag","embeddable":true,"href":"https:\/\/monde25.info\/index.php\/wp-json\/wp\/v2\/tags?post=16364"}],"curies":[{"name":"wp","href":"https:\/\/api.w.org\/{rel}","templated":true}]}}