{"id":16367,"date":"2025-09-23T10:27:40","date_gmt":"2025-09-23T08:27:40","guid":{"rendered":"https:\/\/monde25.info\/index.php\/2025\/09\/23\/antisemitisme-et-boucs-emissaires-la-vieille-rengaine\/"},"modified":"2025-09-23T10:27:40","modified_gmt":"2025-09-23T08:27:40","slug":"antisemitisme-et-boucs-emissaires-la-vieille-rengaine","status":"publish","type":"post","link":"https:\/\/monde25.info\/index.php\/2025\/09\/23\/antisemitisme-et-boucs-emissaires-la-vieille-rengaine\/","title":{"rendered":"Antis\u00e9mitisme et boucs \u00e9missaires : la vieille rengaine"},"content":{"rendered":"<p> <br \/>\n<\/p>\n<div>\n<blockquote>\n<p>R\u00e9sum\u00e9\u00a0: permettez-moi de condenser pour vous, en quelques traits incisifs, le c\u0153ur de cet \u00e9dito qui br\u00fble d\u2019une col\u00e8re lucide. L\u2019antis\u00e9mitisme, ce vieux spectre, n\u2019est pas qu\u2019une haine rance ressurgissant des bas-fonds ; c\u2019est une arme, une rengaine \u00e9cul\u00e9e que les \u00e9lites politiques et m\u00e9diatiques brandissent pour d\u00e9tourner vos regards des v\u00e9ritables plaies de notre temps. Regardez bien : pendant que la d\u00e9sindustrialisation ronge les classes moyennes, que l\u2019inflation d\u00e9vore vos fins de mois, que les fractures sociales fissurent le contrat r\u00e9publicain, on vous sert du bouc \u00e9missaire sur un plateau d\u2019argent. Les Juifs, hier comme aujourd\u2019hui, ou la Russie et son Poutine, d\u00e9sign\u00e9s comme les grands m\u00e9chants pour mieux absoudre les vrais coupables : ce conglom\u00e9rat d\u2019int\u00e9r\u00eats priv\u00e9s, ces requins de la finance qui, depuis 1850, orchestrent crises sur crises pour asseoir leur domination.<\/p>\n<p>Ce n\u2019est pas un hasard, non, c\u2019est une m\u00e9canique huil\u00e9e. Souvenez-vous des ann\u00e9es 1930, du krach de 1929, quand l\u2019Europe en ruines a fait des Juifs le paratonnerre de la fureur populaire, d\u00e9tournant ainsi la col\u00e8re des politiciens v\u00e9reux et des banquiers cyniques. Aujourd\u2019hui, rien n\u2019a chang\u00e9, sauf les costumes. Les politiciens pyromanes, avec \u00e0 leur t\u00eate un Emmanuel Macron, ma\u00eetre dans l\u2019art du double jeu, allument les feux de la division et se posent ensuite en pompiers sauveurs. Prenez Notre-Dame, ce symbole qu\u2019il a laiss\u00e9 br\u00fbler en 2019 pour mieux en faire un d\u00e9cor de sa gloire en 2024, violant au passage la la\u00efcit\u00e9 qu\u2019il pr\u00e9tend ch\u00e9rir. Et les m\u00e9dias ? Ils soufflent sur les braises, transformant un tag antis\u00e9mite ou une banderole maladroite en apocalypse imminente, pendant que l\u2019ins\u00e9curit\u00e9 quotidienne, elle, est rel\u00e9gu\u00e9e au second plan. Les chiffres du CRIF parlent d\u2019une hausse de 300 % des actes antis\u00e9mites, mais c\u2019est peanuts face aux maux qui gangr\u00e8nent nos banlieues. Qu\u2019importe, le spectacle paie : en clics, en voix, en dividendes.<\/p>\n<p>Et que dire du conflit isra\u00e9lo-palestinien, ce brasier o\u00f9 s\u2019entrelacent hypocrisie et cynisme ? Macron condamne l\u2019antis\u00e9mitisme d\u2019un tweet, soutient des r\u00e9solutions symboliques, mais ferme les yeux sur les colonies en Cisjordanie et les disproportions dans la r\u00e9ponse isra\u00e9lienne au 7 octobre 2023. Pendant ce temps, Netanyahou, d\u00e9fiant la CPI et ses mandats d\u2019arr\u00eat pour crimes de guerre, jette de l\u2019huile sur le feu, attisant un ressentiment mondial qui se mue trop souvent en antis\u00e9mitisme aveugle. \u00c0 l\u2019autre bout, Macron envoie des armes en Ukraine, contre la volont\u00e9 populaire et sans l\u2019aval du Parlement, alors qu\u2019il tra\u00eene des pieds pour la paix au Proche-Orient. Pourquoi ? Parce que le chaos est son fonds de commerce, une aubaine pour occulter la catastrophe \u00e9conomique, sociale et politique dans laquelle il a plong\u00e9 la France.<\/p>\n<p>Ce syst\u00e8me repose sur une peur savamment entretenue et un bouc \u00e9missaire bien choisi. Mais attention : la crise qui s\u2019annonce, avec la faillite officialis\u00e9e de la France, sera si colossale que les Juifs ne seront pas les seuls \u00e0 \u00eatre jet\u00e9s au b\u00fbcher. L\u2019immigr\u00e9, le \u00ab woke \u00bb, le voisin qui vote mal\u2026 tous y passeront si nous ne brisons pas cette vieille rengaine. Les citoyens, ces h\u00e9ros oubli\u00e9s, en ont assez des croisades virtuelles et des discours enflamm\u00e9s. Ils veulent la paix, l\u2019\u00e9galit\u00e9, l\u2019autonomie, pas des \u00e9pouvantails agit\u00e9s pour masquer l\u2019\u00e9chec des r\u00e9formes. \u00c9teignons ces feux dormants avant que le vent des crises \u2013 \u00e9conomique, migratoire, identitaire \u2013 n\u2019embrase le pays tout entier. Car, croyez-moi, si nous laissons faire, ce ne sera pas seulement Notre-Dame qui partira en flammes, mais la France elle-m\u00eame, livr\u00e9e au chaos par ceux qui dansent sur ses cendres.<\/p>\n<\/blockquote>\n<p>\u00a0<\/p>\n<p class=\"text-align-center\">*** Edito version augment\u00e9e ***<\/p>\n<p class=\"text-align-center\">\u00a0<\/p>\n<p>Alors que l&rsquo;Europe tangue entre crises \u00e9conomiques et surchauffe g\u00e9opolitique, un fant\u00f4me familier se profile de nouveau dans les brumes automnales de septembre 2025\u00a0: l&rsquo;antis\u00e9mitisme. Pas celui des bas-fonds, tapi dans les murmures haineux des forums obscurs, mais celui que l&rsquo;on exhume comme un vieux refrain. Ce vieux refrain propagandiste amplifi\u00e9 par les sir\u00e8nes des m\u00e9dias et les cuivres des politiciens opportunistes. C&rsquo;est l&rsquo;\u00e9ternelle rengaine des boucs \u00e9missaires\u00a0: <strong>l&rsquo;astuce mill\u00e9naire pour d\u00e9tourner les regards des vraies plaies.<\/strong> En l&rsquo;occurrence la d\u00e9sindustrialisation qui ronge les classes moyennes, l&rsquo;inflation qui d\u00e9vore les fins de mois et la division sociale qui fracture le contrat r\u00e9publicain. Et comme hier, aujourd&rsquo;hui ce n&rsquo;est pas une r\u00e9surgence spontan\u00e9e du mal. Non. C&rsquo;est encore une fois une posture calcul\u00e9e, un carburant jet\u00e9 sur les feux dormants par des politiciens pyromanes qui se r\u00eavent en pompiers-sauveurs, avec les m\u00e9dias <a target=\"_blank\" href=\"https:\/\/youtu.be\/s3O1Xro7oAI\">pour souffler sur les braises fa\u00e7on Johnny Hallyday<\/a>.\u00a0<\/p>\n<p>Rappelons-nous les ann\u00e9es 1930. <strong>Cette ombre noire plane encore sur nos consciences<\/strong>.<\/p>\n<p>C&rsquo;\u00e9tait l&rsquo;\u00e9poque dite de \u00ab\u00a0la Grande D\u00e9pression\u00a0\u00bb, en suite \u00e0 \u00ab\u00a0Le jeudi noir\u00a0\u00bb\u00a0: le crack boursier du 24 octobre 1929. L&rsquo;Allemagne \u00e9tait en ruine et l&rsquo;Europe en miettes, et voil\u00e0 que les Juifs devinrent alors soudainement le bouc \u00e9missaire id\u00e9al. Un vrai miracle pour les responsables politiques, tous attach\u00e9s \u00e0 \u00ab\u00a0la cause\u00a0\u00bb qui a plong\u00e9 le monde dans cette crise \u00e9pouvantable pour le peuple. Car <strong>coupables officiellement d\u00e9sign\u00e9s que sont les Juifs de tous les maux et malheurs du peuple (de la d\u00e9faite aux complots financiers)<\/strong>, c&rsquo;est contre les Juifs que la furie du peuple se d\u00e9cha\u00eene, et non pas contre les responsables politiques en question. Des membres du conglom\u00e9rat d&rsquo;int\u00e9r\u00eats priv\u00e9s qui s\u00e9vit depuis 1850. Les requins de la finance et autres despotes en col blanc adeptes revendiqu\u00e9s de l&rsquo;h\u00e9g\u00e9monie sociale et dont le Dieu n&rsquo;est pas Yavh\u00e9 ni J\u00e9hovah, mais l&rsquo;argent.<\/p>\n<p>Gr\u00e2ce aux profits gigantesques g\u00e9n\u00e9r\u00e9s par les trois r\u00e9volutions industrielles intervenues en 150 ans (le charbon et l&rsquo;acier, le p\u00e9trole et l&rsquo;informatique), ce conglom\u00e9rat d&rsquo;int\u00e9r\u00eats priv\u00e9s diam\u00e9tralement contraires aux int\u00e9r\u00eats du peuple est arriv\u00e9 \u00e0 ceci. Il a aujourd&rsquo;hui \u00e0 la fois la mainmise totale sur une haute finance qui r\u00e9git tout dans un monde qui a \u00e9t\u00e9 fa\u00e7onn\u00e9 ainsi expr\u00e8s pour, et la possibilit\u00e9 technologique de maintenir le peuple sous sa domination. \u00c0 savoir d\u00e8s lors que les deux conditions suivantes sont r\u00e9unies\u00a0: 1) la peur collective savamment entretenue, et 2) un bouc \u00e9missaire d\u00e9sign\u00e9, ext\u00e9rieur \u00e0 \u00ab\u00a0la cause\u00a0\u00bb, sur lequel la col\u00e8re du peuple est dirig\u00e9e.<\/p>\n<p>Le syst\u00e8me \u00e9conomique et politique impos\u00e9 par ce conglom\u00e9rat consiste \u00e0 encha\u00eener une succession de crises organis\u00e9es puis d\u00e9clench\u00e9es \u00e0 cet effet, la manipulation serait trop voyante si c&rsquo;est \u00e0 chaque fois \u00ab\u00a0les Juifs\u00a0\u00bb qui \u00e9taient ce bouc \u00e9missaire d\u00e9sign\u00e9. Aussi, entre deux crises majeures, ce conglom\u00e9rat d\u00e9signe un autre bouc \u00e9missaire. Un pays et son dirigeant. C&rsquo;est ainsi que depuis trois ans, c&rsquo;est \u00ab\u00a0La Russie\u00a0\u00bb et \u00ab\u00a0Vladimir Poutine\u00a0\u00bb qui sont le bouc \u00e9missaire d\u00e9sign\u00e9 de tous les maux des peuples europ\u00e9ens. D\u00e9sign\u00e9 par qui\u00a0? Par les repr\u00e9sentants \u00e9tatiques et supra-\u00e9tatiques occidentaux de ce fameux conglom\u00e9rat d&rsquo;int\u00e9r\u00eats priv\u00e9s mondialis\u00e9s. \u00c0 savoir les serviles politiques et technocrates que cette mafia institutionnalis\u00e9e a plac\u00e9es \u00e0 la t\u00eate des pays europ\u00e9ens et \u00e0 la Commission europ\u00e9enne, la pr\u00e9sidente de cette derni\u00e8re servant de chef d&rsquo;orchestre dans cette d\u00e9signation.<\/p>\n<p>Mais lorsqu&rsquo;il s&rsquo;agit d&rsquo;une des \u00ab\u00a0m\u00e9ga crises\u00a0\u00bb gr\u00e2ce auxquelles cette cabale passe au stade sup\u00e9rieur de la domination qu&rsquo;elle a sur le peuple, l\u00e0 ce sont sempiternellement \u00ab\u00a0les Juifs\u00a0\u00bb qui sont le bouc \u00e9missaire d\u00e9sign\u00e9.<\/p>\n<p>Et pourquoi cette vieille rengaine est-elle recycl\u00e9e de la sorte par les politiciens et par les m\u00e9dias\u00a0?<\/p>\n<p>Parce qu&rsquo;elle paie\u00a0! Elle paie en voix \u00e9lectorales, en clics sur les r\u00e9seaux, en dividendes pour les cha\u00eenes d&rsquo;info en continu. Ces vils et z\u00e9l\u00e9s serviteurs du chaos affam\u00e9s d&rsquo;audience, transforment chaque incident en apocalypse. Gardiens autoproclam\u00e9s de la v\u00e9rit\u00e9, les m\u00e9dias mainstream contribuent \u00e0 la pollution informationnelle qui empoisonne les esprits. Ils zooment sur un tag antis\u00e9mite \u00e0 Paris ou une banderole d\u00e9rapante lors d&rsquo;une manif pro-palestinienne, et hop ! C&rsquo;est le retour du Reich\u00a0: le p\u00e9ril imminent. Oubli\u00e9s les chiffres froids. Selon les rapports du CRIF, <strong>les actes antis\u00e9mites ont augment\u00e9 de 300 % ces derni\u00e8res ann\u00e9es, mais ils restent minoritaires<\/strong> face \u00e0 l&rsquo;ins\u00e9curit\u00e9 quotidienne qui ronge les banlieues. Qu&rsquo;importe, les m\u00e9dias mainstream pr\u00e9f\u00e8rent le spectacle, car il vend. Quant aux politiciens, opportunistes jusqu&rsquo;\u00e0 la moelle ils s&rsquo;activent autour du brasier, Zyp allume barbecue \u00e0 la langue.<\/p>\n<p>Depuis la campagne pr\u00e9sidentielle de 2017, un homme politique tout particuli\u00e8rement s&rsquo;est r\u00e9v\u00e9l\u00e9 \u00eatre un As dans cet exercice du pompier pyromane politique\u00a0: Emmanuel Macron<\/p>\n<p>Cracheur de feu et jongleur habile, il sait diriger les projecteurs sur ses pr\u00e9tendues vertus humanistes, post\u00e9rieurement \u00e0 l&rsquo;incendie qu&rsquo;il a lui-m\u00eame d\u00e9clench\u00e9. Souvenez-vous par exemple du 15 avril 2019. Notre-Dame de Paris est en flammes. Symbole de la France \u00e9ternelle qu&rsquo;Emmanuel Macron abhorre, la cath\u00e9drale gothique agonise sous nos yeux.<\/p>\n<p>Et que fait alors le Pr\u00e9sident de la R\u00e9publique\u00a0?<\/p>\n<p>Dans l&rsquo;\u00e9lan th\u00e9\u00e2tral d&rsquo;une allocution t\u00e9l\u00e9vis\u00e9e \u00e0 la solennit\u00e9 surjou\u00e9e, il promet la reconstruction \u00ab\u00a0<em>en cinq ans, plus belle encore<\/em>\u00a0\u00bb. Et miracle \u2013 ou plut\u00f4t, machine bien huil\u00e9e \u2013, cinq ans plus tard, en d\u00e9cembre 2024, Notre-Dame rena\u00eet de ses cendres, restaur\u00e9e. Mais restaur\u00e9e dans un faste qui fr\u00f4le le kitsch, et dans un nouveau d\u00e9corum. Celui d&rsquo;une autre \u00c9glise\u00a0?<\/p>\n<p>Qu&rsquo;importe. Promesse tenue. Bravo, Monsieur le Pr\u00e9sident\u00a0!<\/p>\n<p>Cependant, adorateur qu&rsquo;il est de ce dieu \u00ab\u00a0la\u00efcit\u00e9 d\u00e9voy\u00e9e\u00a0\u00bb (appelons-le ainsi), Emmanuel Macron ne peut s\u2019emp\u00eacher de jouer avec la loi jusqu\u2019\u00e0 la violer. Politicien qui s&rsquo;affranchit des r\u00e8gles qu&rsquo;il affirme faussement servir, il fait ceci. Affichant sa volont\u00e9 de violer l&rsquo;interdit d&rsquo;y proc\u00e9der pos\u00e9 par la loi de 1905 dite \u00ab\u00a0de la s\u00e9paration des \u00c9glises et de l&rsquo;\u00c9tat\u00a0\u00bb, Emmanuel Macron d\u00e9livre \u00e0 cette occasion un discours dans l\u2019enceinte de la Cath\u00e9drale, ouvertement en tant que Pr\u00e9sident de la R\u00e9publique en fonction.<\/p>\n<p>Ah \u00e7a\u00a0! Si seulement cette rapidit\u00e9, cette mobilisation d&rsquo;\u00e9nergie et de fonds, s&rsquo;appliquaient \u00e0 \u00e9teindre les vrais feux qui d\u00e9ciment la France, le pays se porterait \u00e9minemment mieux. Mais non. H\u00e9las non.<\/p>\n<p>Donc pendant ce temps, <strong>les feux dormants de la haine couvent<\/strong>, et attis\u00e9s ils sont par des postures qui ne r\u00e9solvent rien. Bien au contraire\u00a0!<\/p>\n<p>Eh oui\u00a0! Je me r\u00e9p\u00e8te expr\u00e8s, depuis la nuit des temps, les \u00e9lites politiques corrompues excellent dans l&rsquo;art de garder ces failles vives. Elles les r\u00e9veillent au gr\u00e9 des mandats, en entonnant haut et fort toujours le m\u00eame le refrain pour capter l&rsquo;attention\u00a0: l&rsquo;antis\u00e9mitisme. C&rsquo;est l\u00e0 le levier commode au possible pour se poser en rempart de la R\u00e9publique, en bouclier des valeurs.<\/p>\n<p>Mais qui y croit encore ?<\/p>\n<p>Ces oubli\u00e9es du grand th\u00e9\u00e2tre que sont les populations, aspirent \u00e0 bien plus qu&rsquo;\u00e0 des discours enflamm\u00e9s. Elles veulent l&rsquo;autonomie fondamentale et le droit de vivre en paix, sans que l&rsquo;on agite des \u00e9pouvantails pour masquer l&rsquo;\u00e9chec des r\u00e9formes.<\/p>\n<p>Et voil\u00e0 que surgit le n\u0153ud gordien qu&rsquo;il convient alors de trancher, lorsque les dirigeants actionnent le levier politique de l&rsquo;antis\u00e9mitisme : la reconnaissance de l&rsquo;\u00c9tat palestinien. Ce n&rsquo;est pas le probl\u00e8me en soi, c&rsquo;est le sympt\u00f4me d&rsquo;une hypocrisie plus profonde.<\/p>\n<p>Reconna\u00eetre un \u00c9tat, c&rsquo;est bien, mais \u00e0 quoi bon si l&rsquo;on oublie le principe premier, grav\u00e9 dans la D\u00e9claration des droits de l&rsquo;homme : tous les hommes naissent libres et \u00e9gaux en dignit\u00e9 et en droits.<\/p>\n<p>\u00c9gaux, vraiment ?<\/p>\n<p>Non. Pas quand on ferme les yeux sur les colonies qui grignotent la Cisjordanie. Pas quand on tol\u00e8re les discours haineux qui stigmatisent, d&rsquo;un c\u00f4t\u00e9 \u00ab\u00a0les Juifs\u00a0\u00bb comme \u00e9tant des \u00ab\u00a0<em>puissants comploteurs<\/em>\u00a0\u00bb, et de l&rsquo;autre les musulmans comme \u00e9tant une \u00ab\u00a0menace rampante\u00a0\u00bb, et qu&rsquo;en outre l\u2019on omet de parler de proportionnalit\u00e9 dans <a target=\"_blank\" href=\"https:\/\/www.francesoir.fr\/opinions-editos\/le-temps-d-une-reflexion\">les r\u00e9ponses \u00e0 l\u2019attentat du 7 octobre 2023<\/a>.<\/p>\n<p>Et que dire du gouvernement isra\u00e9lien lui-m\u00eame\u00a0?<\/p>\n<p>Loin de contribuer \u00e0 apaiser les tensions globales alimentant l&rsquo;antis\u00e9mitisme, Netanyahou &amp; Cie pr\u00e9f\u00e8rent jeter de l&rsquo;huile sur le feu.<\/p>\n<p>Depuis l&rsquo;\u00e9mission des mandats d&rsquo;arr\u00eat de la Cour p\u00e9nale internationale (CPI), en novembre 2024, contre le Premier ministre Benjamin Netanyahou et d&rsquo;autres responsables pour crimes de guerre et crimes contre l&rsquo;humanit\u00e9 en Gaza, Isra\u00ebl a multipli\u00e9 les d\u00e9fis juridiques et les op\u00e9rations militaires qui d\u00e9fient ouvertement ces d\u00e9cisions. Ce faisant, ils prolongent un cycle de violence qui est qualifi\u00e9 par certains de \u00ab\u00a0g\u00e9nocidaire.\u00a0\u00bb<\/p>\n<p>En avril 2025, la CPI a rejet\u00e9 les appels isra\u00e9liens pour suspendre ces mandats. Pourtant, les frappes et les blocus persistent au m\u00e9pris des r\u00e9solutions internationales. Per\u00e7us comme<strong> une escalade impunie, ces actes attisent le ressentiment mondial<\/strong>, un ressentiment qui se mue trop souvent en antis\u00e9mitisme visc\u00e9ral, qui touche indistinctement juifs isra\u00e9liens et diasporas.<\/p>\n<p>Quant aux feux de paille que sont les postures politiciennes, elles ne font qu&rsquo;attiser la division.<\/p>\n<p>L&rsquo;Ukraine, par exemple.<\/p>\n<p>Que fait Emmanuel Macron\u00a0? Il envoie des armes, des missiles et des chars, cela sans une d\u00e9cision du Parlement exig\u00e9e par l\u2019article 53 de la Constitution, et contre l&rsquo;avis d&rsquo;une tr\u00e8s grande majorit\u00e9 des Fran\u00e7ais, qui sondages \u00e0 l&rsquo;appui pr\u00f4nent la diplomatie plut\u00f4t que l&rsquo;escalade.<\/p>\n<p>Pourquoi cette h\u00e2te guerri\u00e8re, ce z\u00e8le atlantiste, alors qu&rsquo;on lambine sur la paix au Proche-Orient ?<\/p>\n<p>Emmanuel Macron est autant d\u00e9sireux et capable d&rsquo;assurer la paix dans le monde, qu&rsquo;il s&rsquo;est montr\u00e9 d\u00e9sireux et capable de faire la paix avec les non-vaccin\u00e9s et les opposants \u00e0 la r\u00e9forme des retraites. Une r\u00e9forme qu&rsquo;il a impos\u00e9e contre la volont\u00e9 populaire, pour r\u00e9cup\u00e9rer les 24 milliards d&rsquo;euros qui soi-disant faisaient d\u00e9faut dans les caisses de l&rsquo;\u00c9tat, ce qui ne l&rsquo;a pas emp\u00each\u00e9 d&rsquo;allouer trois fois plus \u00e0 l&rsquo;Ukraine, pareillement contre la volont\u00e9 populaire.<\/p>\n<p>\u00ab\u00a0<a target=\"_blank\" href=\"https:\/\/www.francesoir.fr\/opinions-editos\/version-augmentee-emmanuel-macron-le-boulet-de-demolition-1\">L&rsquo;ordre par le chaos\u00a0<\/a>\u00bb \u00e9tant la strat\u00e9gie d&rsquo;Emmanuel Macron, le conflit Isra\u00e9lo-palestinien est pour lui une aubaine. Plut\u00f4t que d&rsquo;\u0153uvrer pour la paix, il souffle sur les braises : un tweet condamnant l&rsquo;antis\u00e9mitisme par-ci, \u00ab\u00a0et en m\u00eame temps\u00a0\u00bb une r\u00e9solution symbolique par-l\u00e0&#8230; Et hop\u00a0! Occult\u00e9s tous les probl\u00e8mes franco-fran\u00e7ais. La situation \u00e9conomique, politique et sociale catastrophiques dans laquelle il a plong\u00e9 le pays. Et au nombre de ces probl\u00e8mes figurent les coupes budg\u00e9taires dans l&rsquo;\u00c9ducation nationale. Elles laissent les jeunes sans d\u00e9fense fasse \u00e0 la d\u00e9sinformation, simultan\u00e9ment \u00e0 ce qu\u2019on leur laisse \u00e0 payer le prix d\u2019une dette sans pareille.<\/p>\n<p>C&rsquo;est l\u00e0 l&rsquo;image flagrante de l\u2019\u00e9chec de tant de politiques qui vendent des promesses sans jamais d\u00e9livrer de changements.<\/p>\n<p>Quand on attise le feu et que souffle le vent, l&rsquo;incendie guette. Ce vent, aujourd&rsquo;hui, ce sont les crises cumul\u00e9es &#8211; \u00e9conomique, migratoire, identitaire &#8211; qui transportent les \u00e9tincelles d&rsquo;un continent \u00e0 l&rsquo;autre. Bouclier derri\u00e8re lequel se cachent les v\u00e9ritables responsables de ces crises, \u00ab\u00a0les Juifs\u00a0\u00bb sont ces boucs \u00e9missaires \u00e9ternels.<\/p>\n<p>Mais proportionnelles qu&rsquo;elles seront au gigantisme de la crise \u00e9conomique et sociale que la faillite officialis\u00e9e de la France va d\u00e9clencher, l&rsquo;\u00e9tendue et l&rsquo;intensit\u00e9 de l&rsquo;incendie seront \u00e0 ce point \u00e9normes cette fois-ci, que \u00ab\u00a0les Juifs\u00a0\u00bb ne seront pas le seul fagot \u00e0 \u00eatre jet\u00e9 dans la fournaise. D&rsquo;autres suivront. L&rsquo;immigr\u00e9, le \u00ab\u00a0woke\u00a0\u00bb ou le voisin qui vote mal, etc.<\/p>\n<p>Complices involontaires ou z\u00e9l\u00e9s, les m\u00e9dias mainstream et autres polluent l&rsquo;air avec leurs boucles infernales : une info biais\u00e9e en am\u00e8ne dix, un hashtag en g\u00e9n\u00e8re mille. Et que font les politiciens ? Ils se repaissent des cendres et dansent sur les cadavres. Ils se positionnent en pompiers et en secouristes, alors qu&rsquo;ils sont les pyromanes responsable du foyer meurtrier. \u00c0 l&rsquo;inverse, ces h\u00e9ros du quotidien que sont les citoyens esseul\u00e9s qui tentent d&rsquo;\u00e9teindre l&rsquo;incendie avec leurs faibles moyens, en ont assez. Ils veulent la paix, pas des croisades virtuelles ; l&rsquo;\u00e9galit\u00e9, pas des hi\u00e9rarchies masqu\u00e9es en vertu.<\/p>\n<blockquote>\n<p>Il est temps de briser la rengaine : <strong>\u00e9teignons les feux dormants avant que le vent ne les propage<\/strong>.<\/p>\n<p>Car sinon, \u00e7a ne sera pas seulement ce lieu embl\u00e9matique de Paris qu&rsquo;est la Cath\u00e9drale Notre-Dame qui partira en flammes cette fois-ci, c&rsquo;est le pays tout entier qui sera mis \u00e0 feu et \u00e0 sang.<\/p>\n<\/blockquote>\n<\/div>\n<p><script>(function(d, s, id) {  var js, fjs = d.getElementsByTagName(s)[0];  if (d.getElementById(id)) return;  js = d.createElement(s); js.id = id;  js.src = \"\/\/connect.facebook.net\/fr_FR\/sdk.js#xfbml=1&version=v2.3\";  fjs.parentNode.insertBefore(js, fjs);}(document, \"script\", \"facebook-jssdk\"));<\/script><br \/>\n<br \/><br \/>\n<br \/><a href=\"https:\/\/www.francesoir.fr\/opinions-editos\/antisemitisme-et-boucs-emissaires-la-vieille-rengaine\" target=\"_blank\"\">Source link <\/a><\/p>\n","protected":false},"excerpt":{"rendered":"<p>R\u00e9sum\u00e9\u00a0: permettez-moi de condenser pour vous, en quelques traits incisifs, le c\u0153ur de cet \u00e9dito qui br\u00fble d\u2019une col\u00e8re lucide. L\u2019antis\u00e9mitisme, ce vieux spectre, n\u2019est pas qu\u2019une haine rance ressurgissant&hellip; <\/p>\n","protected":false},"author":1,"featured_media":16368,"comment_status":"open","ping_status":"open","sticky":false,"template":"","format":"standard","meta":{"footnotes":""},"categories":[1],"tags":[],"class_list":["post-16367","post","type-post","status-publish","format-standard","has-post-thumbnail","hentry","category-non-classe"],"_links":{"self":[{"href":"https:\/\/monde25.info\/index.php\/wp-json\/wp\/v2\/posts\/16367","targetHints":{"allow":["GET"]}}],"collection":[{"href":"https:\/\/monde25.info\/index.php\/wp-json\/wp\/v2\/posts"}],"about":[{"href":"https:\/\/monde25.info\/index.php\/wp-json\/wp\/v2\/types\/post"}],"author":[{"embeddable":true,"href":"https:\/\/monde25.info\/index.php\/wp-json\/wp\/v2\/users\/1"}],"replies":[{"embeddable":true,"href":"https:\/\/monde25.info\/index.php\/wp-json\/wp\/v2\/comments?post=16367"}],"version-history":[{"count":0,"href":"https:\/\/monde25.info\/index.php\/wp-json\/wp\/v2\/posts\/16367\/revisions"}],"wp:featuredmedia":[{"embeddable":true,"href":"https:\/\/monde25.info\/index.php\/wp-json\/wp\/v2\/media\/16368"}],"wp:attachment":[{"href":"https:\/\/monde25.info\/index.php\/wp-json\/wp\/v2\/media?parent=16367"}],"wp:term":[{"taxonomy":"category","embeddable":true,"href":"https:\/\/monde25.info\/index.php\/wp-json\/wp\/v2\/categories?post=16367"},{"taxonomy":"post_tag","embeddable":true,"href":"https:\/\/monde25.info\/index.php\/wp-json\/wp\/v2\/tags?post=16367"}],"curies":[{"name":"wp","href":"https:\/\/api.w.org\/{rel}","templated":true}]}}