{"id":16371,"date":"2025-09-23T11:33:57","date_gmt":"2025-09-23T09:33:57","guid":{"rendered":"https:\/\/monde25.info\/index.php\/2025\/09\/23\/stop-donald-passe-emmanuel-macron-bloque-dans-une-rue-de-new-york-pour-le-passage-du-cortege-du-president-americain-rt-en-francais\/"},"modified":"2025-09-23T11:33:57","modified_gmt":"2025-09-23T09:33:57","slug":"stop-donald-passe-emmanuel-macron-bloque-dans-une-rue-de-new-york-pour-le-passage-du-cortege-du-president-americain-rt-en-francais","status":"publish","type":"post","link":"https:\/\/monde25.info\/index.php\/2025\/09\/23\/stop-donald-passe-emmanuel-macron-bloque-dans-une-rue-de-new-york-pour-le-passage-du-cortege-du-president-americain-rt-en-francais\/","title":{"rendered":"Stop, Donald passe ! Emmanuel Macron bloqu\u00e9 dans une rue de New York pour le passage du cort\u00e8ge du pr\u00e9sident am\u00e9ricain \u2014 RT en fran\u00e7ais"},"content":{"rendered":"<p> <br \/>\n<br \/><img decoding=\"async\" src=\"https:\/\/mf.b37mrtl.ru\/french\/images\/2025.09\/thumbnail\/68d266e687f3ec20540dbd84.jpg\" \/><\/p>\n<div>\n<p class=\"text__summary\">\n                                        \u00c0 sa sortie du si\u00e8ge de l\u2019ONU le 22 septembre, le pr\u00e9sident fran\u00e7ais a \u00e9t\u00e9 bloqu\u00e9 dans une rue de New York par des policiers assurant la s\u00e9curit\u00e9 du cort\u00e8ge de Donald Trump. Macron a alors appel\u00e9 Trump au t\u00e9l\u00e9phone : \u00abDevine quoi, j&rsquo;attends en ce moment dans la rue, car tout est bloqu\u00e9 pour toi\u00bb. Un geste pour le moins insolite.\n                                    <\/p>\n<div class=\"rtcode\">\n<blockquote class=\"twitter-tweet\" data-media-max-width=\"560\">\n<p lang=\"fr\" dir=\"ltr\">\ud83c\uddeb\ud83c\uddf7\ud83c\uddfa\ud83c\uddf8 INSOLITE | Emmanuel Macron a appel\u00e9 Donald Trump car le convoi du pr\u00e9sident des \u00c9tats-Unis le bloquait dans les rues de New York. (Brut) <a target=\"_blank\" href=\"https:\/\/t.co\/YL0EqY9RPY\">pic.twitter.com\/YL0EqY9RPY<\/a><\/p>\n<p>\u2014 AlertesInfos (@AlertesInfos) <a target=\"_blank\" href=\"https:\/\/twitter.com\/AlertesInfos\/status\/1970399063443927133?ref_src=twsrc%5Etfw\">September 23, 2025<\/a><\/p><\/blockquote>\n<\/div>\n<\/div>\n<p><script async src=\"\/\/platform.twitter.com\/widgets.js\" charset=\"utf-8\"><\/script><br \/>\n<br \/><br \/>\n<br \/><a href=\"https:\/\/francais.rt.com\/news\/125585-stop-donald-passe-emmanuel-macron-bloque-dans-rue-new-york\" target=\"_blank\"\">Source link <\/a><\/p>\n","protected":false},"excerpt":{"rendered":"<p>\u00c0 sa sortie du si\u00e8ge de l\u2019ONU le 22 septembre, le pr\u00e9sident fran\u00e7ais a \u00e9t\u00e9 bloqu\u00e9 dans une rue de New York par des policiers assurant la s\u00e9curit\u00e9 du cort\u00e8ge&hellip; <\/p>\n","protected":false},"author":1,"featured_media":16372,"comment_status":"open","ping_status":"open","sticky":false,"template":"","format":"standard","meta":{"footnotes":""},"categories":[1],"tags":[],"class_list":["post-16371","post","type-post","status-publish","format-standard","has-post-thumbnail","hentry","category-non-classe"],"_links":{"self":[{"href":"https:\/\/monde25.info\/index.php\/wp-json\/wp\/v2\/posts\/16371","targetHints":{"allow":["GET"]}}],"collection":[{"href":"https:\/\/monde25.info\/index.php\/wp-json\/wp\/v2\/posts"}],"about":[{"href":"https:\/\/monde25.info\/index.php\/wp-json\/wp\/v2\/types\/post"}],"author":[{"embeddable":true,"href":"https:\/\/monde25.info\/index.php\/wp-json\/wp\/v2\/users\/1"}],"replies":[{"embeddable":true,"href":"https:\/\/monde25.info\/index.php\/wp-json\/wp\/v2\/comments?post=16371"}],"version-history":[{"count":0,"href":"https:\/\/monde25.info\/index.php\/wp-json\/wp\/v2\/posts\/16371\/revisions"}],"wp:featuredmedia":[{"embeddable":true,"href":"https:\/\/monde25.info\/index.php\/wp-json\/wp\/v2\/media\/16372"}],"wp:attachment":[{"href":"https:\/\/monde25.info\/index.php\/wp-json\/wp\/v2\/media?parent=16371"}],"wp:term":[{"taxonomy":"category","embeddable":true,"href":"https:\/\/monde25.info\/index.php\/wp-json\/wp\/v2\/categories?post=16371"},{"taxonomy":"post_tag","embeddable":true,"href":"https:\/\/monde25.info\/index.php\/wp-json\/wp\/v2\/tags?post=16371"}],"curies":[{"name":"wp","href":"https:\/\/api.w.org\/{rel}","templated":true}]}}