{"id":16375,"date":"2025-09-23T14:18:36","date_gmt":"2025-09-23T12:18:36","guid":{"rendered":"https:\/\/monde25.info\/index.php\/2025\/09\/23\/netanyahou-et-le-nazisme-par-thierry-meyssan\/"},"modified":"2025-09-23T14:18:36","modified_gmt":"2025-09-23T12:18:36","slug":"netanyahou-et-le-nazisme-par-thierry-meyssan","status":"publish","type":"post","link":"https:\/\/monde25.info\/index.php\/2025\/09\/23\/netanyahou-et-le-nazisme-par-thierry-meyssan\/","title":{"rendered":"Netanyahou et le nazisme, par Thierry Meyssan"},"content":{"rendered":"<p> <br \/>\n<\/p>\n<div>\n<div class=\"spip_document_250218 spip_document spip_documents spip_document_image spip_documents_center spip_document_center spip_document_avec_legende\" data-legende-len=\"140\" data-legende-lenx=\"xxx\">\n<figure class=\"spip_doc_inner\">\n<img loading=\"lazy\" decoding=\"async\" src=\"https:\/\/www.voltairenet.org\/local\/cache-vignettes\/L756xH567\/400_-_1_3_-38-7d8d4-2-b3e47.jpg?1758432147\" width=\"756\" height=\"567\" alt=\"\"\/><figcaption class=\"spip_doc_legende\">\n<p><strong>Benyamin Netanyahou a toujours pr\u00e9sent\u00e9 Vladimir Jabotinsky comme un h\u00e9ros juif, mais il s\u2019est longtemps abstenu de se revendiquer de lui.<br \/>\n<\/strong><\/p>\n<\/figcaption><\/figure>\n<\/div>\n<p>Le \u00ab\u00a0Comit\u00e9 sp\u00e9cial charg\u00e9 d\u2019enqu\u00eater sur les pratiques isra\u00e9liennes affectant les droits de l\u2019homme du peuple palestinien et des autres Arabes des territoires occup\u00e9s\u00a0\u00bb a rendu son rapport (A\/79\/363), le 20 septembre \u00e0 l\u2019Assembl\u00e9e g\u00e9n\u00e9rale des Nations Unies<span class=\"spip_note_ref\">\u00a0[<a target=\"_blank\" href=\"#nb1\" class=\"spip_note\" rel=\"appendix\" title=\"\u00ab Pratiques et activit\u00e9s d\u2019implantation isra\u00e9liennes affectant les droits du\u00a0(\u2026)\" id=\"nh1\">1<\/a>]<\/span>.<\/p>\n<p>Avec prudence, il nomme ce qu\u2019il a pu constater. Il \u00e9crit \u00ab\u00a0Les faits consign\u00e9s dans le pr\u00e9sent rapport am\u00e8nent le Comit\u00e9 sp\u00e9cial \u00e0 conclure que les politiques et les pratiques isra\u00e9liennes appliqu\u00e9es durant la p\u00e9riode consid\u00e9r\u00e9e pr\u00e9sentent des \u00e9l\u00e9ments caract\u00e9ristiques d\u2019un g\u00e9nocide.\u00a0\u00bb<\/p>\n<p>C\u2019est d\u00e9sormais une \u00e9vidence pour tous\u00a0: l\u2019\u00c9tat d\u2019Isra\u00ebl, sous la conduite de Benyamin Netanyahou se livre \u00e0 un g\u00e9nocide. Un tiers de la population isra\u00e9lienne a manifest\u00e9 contre lui et les deux tiers sont oppos\u00e9s \u00e0 ses actuelles actions militaires. Comment donc l\u2019auto-proclam\u00e9e \u00ab\u00a0seule d\u00e9mocratie du Moyen-Orient\u00a0\u00bb a-t-elle pu en arriver l\u00e0\u00a0?<\/p>\n<p>Pour comprendre, nous devons avant tout distinguer les diff\u00e9rentes communaut\u00e9s juives de la diaspora de la population juive d\u2019Isra\u00ebl. Les r\u00e9actions des uns et des autres sont tr\u00e8s diff\u00e9rentes, m\u00eame si, les communaut\u00e9s juives dans leur ensemble persistent \u00e0 penser qu\u2019Isra\u00ebl est potentiellement leur \u00ab\u00a0refuge\u00a0\u00bb en cas de menace antis\u00e9mite.<\/p>\n<p>Ensuite, nous devons admettre que le gouvernement de coalition de Benyamin Netanyahou, depuis d\u00e9cembre 2022, n\u2019a aucun rapport avec les gouvernements pr\u00e9c\u00e9dents. Seuls les juifs de la diaspora europ\u00e9enne ne l\u2019ont pas compris, alors que, par exemple, ceux de la diaspora \u00e9tats-unienne, se sont d\u00e9j\u00e0 massivement d\u00e9solidaris\u00e9s des crimes de Benyamin Netanyahou.<\/p>\n<p>Trois mois apr\u00e8s son accession au pouvoir, d\u00e9but mars 2023, j\u2019avais expliqu\u00e9 dans ces colonnes, que la coalition gouvernementale isra\u00e9lienne s\u2019\u00e9tait donn\u00e9e comme feuille de route la r\u00e9alisation d\u2019un coup d\u2019\u00c9tat progressif dont je donnais les principales \u00e9tapes \u00e0 venir<span class=\"spip_note_ref\">\u00a0[<a target=\"_blank\" href=\"#nb2\" class=\"spip_note\" rel=\"appendix\" title=\"\u00ab Le coup d\u2019\u00c9tat des straussiens en Isra\u00ebl \u00bb, par Thierry Meyssan, R\u00e9seau\u00a0(\u2026)\" id=\"nh2\">2<\/a>]<\/span>. Je d\u00e9signais aussi le groupe qui se tenait derri\u00e8re ce projet\u00a0: les sionistes r\u00e9visionnistes de Vladimir Jabotinsky (1890-1940) et leurs alli\u00e9s straussiens \u00e9tats-uniens. J\u2019expliquais que les supr\u00e9macistes juifs Itamar Ben-Gvir (ministre de la S\u00e9curit\u00e9 nationale) et Bezalel Smotrich (ministres des Finances), bien que se r\u00e9clamant du rabbin Meir Kahane, \u00e9taient eux-m\u00eames des sionistes r\u00e9visionnistes puisque Kahane \u00e9tait un agent de ceux-ci aux \u00c9tats-Unis.<\/p>\n<p>Or, si les communaut\u00e9s juives ont toujours \u00e9t\u00e9 le th\u00e9\u00e2tre de vives querelles, elles s\u2019unissent pour se persuader qu\u2019aucun de ses membres ne s\u2019est jamais alli\u00e9 au nazisme. Pourtant, les juifs sont comme les autres hommes, et parmi eux, certains se sont li\u00e9s aux nazis. Le ministre russe des Affaires \u00e9trang\u00e8res, Sergue\u00ef Lavrov, qui avait tent\u00e9 d\u2019aborder cette question lors d\u2019un entretien \u00e0 la t\u00e9l\u00e9vision italienne, en mai 2022, fut contraint de ravaler ses propos. Il est vrai qu\u2019il avait eu l\u2019imprudence de parler de la jud\u00e9it\u00e9 de Volodymyr Zelensky et non pas de celle de Benyamin Netanyahou. Cependant, les deux hommes participent aujourd\u2019hui de la m\u00eame id\u00e9ologie et la remarque destin\u00e9e \u00e0 l\u2019un pourrait aussi l\u2019\u00eatre \u00e0 l\u2019autre.<\/p>\n<p>Les relations entre les sionistes r\u00e9visionnistes et les fascistes d\u2019une part, les nazis d\u2019autre part, n\u2019ont toujours pas \u00e9t\u00e9 \u00e9tudi\u00e9es en tant que telles. Tout au plus sait-on que David Ben Gourion avait qualifi\u00e9 Jabotinsky de \u00ab\u00a0s\u00fbrement fasciste et peut-\u00eatre nazi\u00a0\u00bb.<\/p>\n<p>Le fascisme est un culte de la violence. Le nazisme, lui, est une id\u00e9ologie de la hi\u00e9rarchie raciale. Le fascisme entreprend des massacres, le nazisme des g\u00e9nocides.<\/p>\n<p>\u2022 Nous avons toujours la plus grande difficult\u00e9 \u00e0 aborder les relations de Jabotinky avec le duce Benito Mussolini. C\u2019est pourtant sous les auspices de ce dernier qu\u2019il a fond\u00e9 le Betar dans la banlieue de Rome.<\/p>\n<p>\u2022 Les relations des nazis avec les juifs n\u2019ont jamais \u00e9t\u00e9 d\u2019une compl\u00e8te hostilit\u00e9. Reinhard Heydrich prit position dans <i>Das Schwarze Korps<\/i>, en mai 1935, pour distinguer les ennemis, c\u2019est-\u00e0-dire les juifs assimilationnistes, des amis qu\u2019\u00e9taient les juifs favorables \u00e0 leur \u00e9migration en Palestine. Il a plusieurs fois r\u00e9it\u00e9r\u00e9 cette distinction, y compris lorsqu\u2019il a organis\u00e9 la \u00ab\u00a0solution finale\u00a0\u00bb. Il ne s\u2019agissait pas pour lui d\u2019exterminer tous les juifs, mais uniquement ceux qui n\u2019\u00e9taient pas acquis aux th\u00e8ses raciales et qui n\u2019ambitionnaient pas de r\u00e9aliser un \u00ab\u00a0empire juif\u00a0\u00bb.<\/p>\n<p>\u2022 De 1933 \u00e0 1939, les nazis autoris\u00e8rent les juifs allemands \u00e0 \u00e9migrer vers la Palestine mandataire britannique \u00e0 la condition de vendre leurs biens en Allemagne et de r\u00e9cup\u00e9rer leur valeur sous forme d\u2019exportations allemandes en Palestine. Les sionistes r\u00e9visionnistes furent les principaux promoteurs de cet accord (dit \u00ab\u00a0accord d\u2019Haavara\u00a0\u00bb, ou \u00ab\u00a0accord de transfert\u00a0\u00bb) qui fut vilipend\u00e9 par la majorit\u00e9 de la diaspora<span class=\"spip_note_ref\">\u00a0[<a target=\"_blank\" href=\"#nb3\" class=\"spip_note\" rel=\"appendix\" title=\"Selon l\u2019Institut Jabotinsky de Tel-Aviv, les diff\u00e9rentes organisations du\u00a0(\u2026)\" id=\"nh3\">3<\/a>]<\/span>.<\/p>\n<div class=\"spip_document_250224 spip_document spip_documents spip_document_image spip_documents_center spip_document_center spip_document_avec_legende\" data-legende-len=\"323\" data-legende-lenx=\"xxxx\">\n<figure class=\"spip_doc_inner\">\n<a target=\"_blank\" href=\"https:\/\/www.voltairenet.org\/IMG\/jpg\/medal_for_ein_nazi_fa_hrt_nach_pala_stina.jpg\" class=\"spip_doc_lien mediabox\" type=\"image\/jpeg\"><br \/>\n<img loading=\"lazy\" decoding=\"async\" src=\"https:\/\/www.voltairenet.org\/local\/cache-vignettes\/L800xH394\/medal_for_ein_nazi_fa_hrt_nach_pala_stina-e5f0e.jpg?1758435200\" width=\"800\" height=\"394\" alt=\"\"\/><\/a><figcaption class=\"spip_doc_legende\">\n<p><strong>En 1934, l\u2019officier SS Leopold von Mildenstein se rendit en Palestine o\u00f9 il fut re\u00e7u par Ben Gourion. Cette m\u00e9daille arbore la mention\u00a0: \u00ab\u00a0Un nazi se rend en Palestine et en parle dans \u00ab\u00a0Der Angriff\u00a0\u00bb\u00a0\u00bb. Par la suite von Mildenstein recruta Eichmann pour organiser les convois de la \u00ab\u00a0solution finale\u00a0\u00bb.<br \/>\n<\/strong><\/p>\n<\/figcaption><\/figure>\n<\/div>\n<p>\u2022 En avril 1935, les autorit\u00e9s nazies ont autoris\u00e9 le Betar a porter des uniformes noirs car elles consid\u00e9raient que ce mouvement \u00e9tait le meilleur soutien de ces accords<span class=\"spip_note_ref\">\u00a0[<a target=\"_blank\" href=\"#nb4\" class=\"spip_note\" rel=\"appendix\" title=\"The Third Reich and the Palestine Question, Francis R. Nicosia, University\u00a0(\u2026)\" id=\"nh4\">4<\/a>]<\/span>.<\/p>\n<p>\u2022\u00a0Dans une interview au quotidien de Joseph Goebbels <i>Der Angriff<\/i> (L\u2019Attaque), en septembre 1935, le banquier sioniste r\u00e9visionniste, Georg Kareski, d\u00e9fend les lois raciales de Nuremberg. Il explique qu\u2019elles vont dans le m\u00eame sens que les lois propos\u00e9es par les sionistes r\u00e9visionnistes\u00a0: \u00ab\u00a0Les lois de Nuremberg du 15 septembre 1935, outre leurs dispositions constitutionnelles, me semblent aller enti\u00e8rement dans le sens d\u2019un tel respect mutuel de la sp\u00e9cificit\u00e9 de chaque peuple. L\u2019interruption du processus de dissolution de nombreuses communaut\u00e9s juives, favoris\u00e9 par les mariages mixtes, est, d\u2019un point de vue juif, tout \u00e0 fait bienvenue. Pour l\u2019\u00e9tablissement d\u2019une existence nationale juive en Palestine, ces facteurs, religion et famille, rev\u00eatent une importance d\u00e9cisive\u00a0\u00bb.<\/p>\n<p>\u2022 En 1936, dans une interview au journal communiste <i>New Masses<\/i>, Jabotinsky d\u00e9clare\u00a0: \u00ab\u00a0Le r\u00e9visionnisme est na\u00eff, brutal et primitif. Il est sauvage. Vous sortez dans la rue et vous prenez n\u2019importe quel homme \u2013 un Chinois \u2013 et vous lui demandez ce qu\u2019il veut, et il vous r\u00e9pondra \u00e0 100\u00a0%. C\u2019est nous. Nous voulons un empire juif. Tout comme il y a des empires italien ou fran\u00e7ais en M\u00e9diterran\u00e9e, nous voulons un empire juif. [\u2026] La Palestine doit \u00eatre la patrie de dix ou douze millions de Juifs.\u00a0\u00bb<span class=\"spip_note_ref\">\u00a0[<a target=\"_blank\" href=\"#nb5\" class=\"spip_note\" rel=\"appendix\" title=\"\u00ab Brown Shirts in Zion : Jabotinsky\u2014The Jewish Hitler \u00bb, Robert Gessner, New\u00a0(\u2026)\" id=\"nh5\">5<\/a>]<\/span>.<\/p>\n<p>Les sionistes r\u00eavaient d\u2019un \u00ab\u00a0foyer national\u00a0\u00bb juif, les sionistes r\u00e9visionnistes, d\u2019un \u00ab\u00a0empire\u00a0\u00bb juif.<\/p>\n<p>\u2022 En 1937, les sionistes r\u00e9visionnistes ont \u00e9galement soutenu le projet franco-polonais dit \u00ab\u00a0Plan de Madagascar\u00a0\u00bb. Il s\u2019agissait l\u00e0 encore de s\u2019opposer \u00e0 l\u2019assimilationnisme et d\u2019encourager le transfert vers Madagascar pour y \u00e9difier un empire juif.<\/p>\n<p>\u2022 Ce n\u2019est qu\u2019en 1938 que le parti sioniste r\u00e9visionniste allemand (<i>Staatszionisten<\/i>) fut dissous.<\/p>\n<p>\u2022 Jabotinsky est mort au d\u00e9but de la Seconde Guerre mondiale lors de son exil \u00e0 New York. Ben Gourion s\u2019est oppos\u00e9 au retour de sa d\u00e9pouille en Isra\u00ebl. Mais les sionistes r\u00e9visionnistes ont continu\u00e9 \u00e0 travailler avec les nazis.<\/p>\n<p>\u2022 Durant toute la guerre, le \u00ab\u00a0sioniste r\u00e9visionniste\u00a0\u00bb hongrois Rezs\u0151 Kasztner n\u00e9gocia en secret avec les nazis. Il rencontra m\u00eame Adolf Eichmann, probablement en 1944, et en informa des personnalit\u00e9s comme David Ben Gourion. Il pr\u00e9tendit avoir obtenu la permission de fuir pour ceux qui ach\u00e8teraient leur libert\u00e9. Il r\u00e9colta au moins 8,6 millions de francs suisses, mais les envoya \u00e0 la mort. \u00c0 la fin de la Guerre, il devint porte-parole du ministre isra\u00e9lien du Commerce et de l\u2019Industrie. Il fut n\u00e9anmoins mis en cause en 1953, accus\u00e9 d\u2019avoir tromp\u00e9 les juifs hongrois et de les avoir vol\u00e9s. Il devint une figure d\u00e9test\u00e9e en Isra\u00ebl et fut assassin\u00e9 durant son proc\u00e8s. Selon le r\u00e9cent livre de l\u2019historien Nadav Kaplan, son \u00e9limination aurait \u00e9t\u00e9 une op\u00e9ration des services secrets commandit\u00e9e par David Ben Gourion<span class=\"spip_note_ref\">\u00a0[<a target=\"_blank\" href=\"#nb6\" class=\"spip_note\" rel=\"appendix\" title=\"\u00ab \u05de\u05d3\u05d5\u05e2 \u05d7\u05d5\u05e1\u05dc \u05e7\u05e1\u05d8\u05e0\u05e8 \u00bb (Pourquoi Kastner a-t-il \u00e9t\u00e9 assassin\u00e9 ?), Nadav Kaplan,\u00a0(\u2026)\" id=\"nh6\">6<\/a>]<\/span>. La question a \u00e9t\u00e9 pos\u00e9e de savoir \u00e0 qui les man\u0153uvres de Rezs\u0151 Kasztner ont profit\u00e9\u00a0: aux seuls nazis, ou aussi aux \u00ab\u00a0sionistes r\u00e9visionnistes\u00a0\u00bb\u00a0? En d\u2019autres termes, les deux groupes ont-ils travaill\u00e9 ensemble contre les juifs hongrois\u00a0?<\/p>\n<p>Dans un entretien \u00e0 <i>Life<\/i>, en 1960, Eichmann pr\u00e9tendit que Kasztner \u00ab\u00a0avait accept\u00e9 de faire tout son possible pour que les Juifs n\u2019opposent aucune r\u00e9sistance \u00e0 leur d\u00e9portation, et m\u00eame qu\u2019ils se comportent correctement dans les camps de regroupement, si je fermais les yeux et laissais quelques centaines ou quelques milliers de jeunes Juifs \u00e9migrer vers la Palestine, c\u2019\u00e9tait une bonne affaire\u00a0\u00bb. En d\u2019autres termes, il aurait sacrifi\u00e9 450\u00a0000\u00a0juifs hongrois pour sauver 1\u00a0684\u00a0juifs r\u00e9visionnistes<\/p>\n<p>\u2022 Toutes ces affaires ont resurgi, lorsque le juge Benjamin Halevy, qui avait statu\u00e9 dans l\u2019affaire Rezs\u0151 Kasztner, dut pr\u00e9sider le proc\u00e8s du SS Adolf Eichmann. Ce dernier confirma \u00eatre membre d\u2019une association sioniste r\u00e9visionniste. Il n\u2019\u00e9tait \u00e9videmment pas possible de le v\u00e9rifier, mais Anna Arendt, qui assistait au proc\u00e8s, en fut convaincue.<br class=\"autobr\"\/><br \/>\n\u00c0 partir de ce moment, les Sovi\u00e9tiques d\u00e9nonc\u00e8rent la collusion entre les sionistes r\u00e9visionnistes et les nazis, mais les Occidentaux, n\u2019examinant pas leurs dires, qualifi\u00e8rent Khrouchtchev d\u2019antis\u00e9mite.<\/p>\n<div class=\"spip_document_250225 spip_document spip_documents spip_document_image spip_documents_center spip_document_center spip_document_avec_legende\" data-legende-len=\"176\" data-legende-lenx=\"xxx\">\n<figure class=\"spip_doc_inner\">\n<img loading=\"lazy\" decoding=\"async\" src=\"https:\/\/www.voltairenet.org\/local\/cache-vignettes\/L640xH400\/f091227ms19-640x400-2-e41a3.jpg?1758435723\" width=\"640\" height=\"400\" alt=\"\"\/><figcaption class=\"spip_doc_legende\">\n<p><strong>Si Benyamin Netanyahou n\u2019avait jamais revendiqu\u00e9 une filiation avec Vladimir Jabotinsky, il a toujours pr\u00e9sent\u00e9 le successeur de Jabotinsky, Yitzhak Shamir, comme son mentor.<br \/>\n<\/strong><\/p>\n<\/figcaption><\/figure>\n<\/div>\n<p>Durant l\u2019apr\u00e8s-guerre, les sionistes r\u00e9visionnistes s\u2019enkyst\u00e8rent au Mossad, sous l\u2019autorit\u00e9 de Yitzhak Shamir. Ils commirent divers crimes en Am\u00e9rique latine, en Afrique et en Asie, sous la protection de la CIA dans le cadre de la Guerre froide. C\u2019est \u00e0 cette \u00e9poque qu\u2019ils recrut\u00e8rent le commandant des Forces sp\u00e9ciales SS, Otto Skorzeny.<\/p>\n<p>D\u00e9sormais, lorsque nous assistons au massacre des civils palestiniens, sous le pr\u00e9texte d\u2019en finir avec le Hamas, qui n\u2019a de toute mani\u00e8re plus les moyens de riposter, nous ne pouvons que nous demander si Benyamin Netanyahou ne se comporte-t-il pas, lui aussi, en nazi\u00a0?<\/p>\n<div class=\"spip_document_250217 spip_document spip_documents spip_document_image spip_documents_center spip_document_center spip_document_avec_legende\" data-legende-len=\"195\" data-legende-lenx=\"xxx\">\n<figure class=\"spip_doc_inner\">\n<a target=\"_blank\" href=\"https:\/\/www.voltairenet.org\/IMG\/webp\/netanyahu3-superjumbo.webp\" class=\"spip_doc_lien mediabox\" type=\"image\/webp\"><br \/>\n<img loading=\"lazy\" decoding=\"async\" src=\"https:\/\/www.voltairenet.org\/local\/cache-vignettes\/L800xH511\/netanyahu3-superjumbo-661f7.webp?1758432147\" width=\"800\" height=\"511\" alt=\"\"\/><\/a><figcaption class=\"spip_doc_legende\">\n<p><strong>Benyamin Netanyahou est le fils de Benzion Netanyahou, le secr\u00e9taire particulier du fasciste \u2014 et \u00ab\u00a0peut-\u00eatre nazi\u00a0\u00bb \u2014 Vladimir Jabotinsky.<br \/>\n<\/strong><\/p>\n<p>Source\u00a0: gouvernement isra\u00e9lien\n<\/p>\n<\/figcaption><\/figure>\n<\/div>\n<p>Pour que les choses soient claires, Benyamin Netanyahou, qui avait toujours refus\u00e9 de parler du \u00ab\u00a0Grand Isra\u00ebl\u00a0\u00bb, l\u2019a \u00e9voqu\u00e9 lors d\u2019une interview sur i24News en h\u00e9breu, il y a un mois, le 23 ao\u00fbt 2025. Il r\u00e9pondait aux questions du journaliste Sharon Gal, ancien d\u00e9put\u00e9 du parti Israel Beytenou. Celui-ci lui a remis une amulette, que l\u2019on ne voit pas \u00e0 l\u2019\u00e9cran, repr\u00e9sentant \u00ab\u00a0une carte de la Terre promise\u00a0\u00bb, celle du \u00ab\u00a0Grand Isra\u00ebl\u00a0\u00bb. Puis, il lui a demand\u00e9 s\u2019il se sentait proche de cette id\u00e9e. Avec provocation, le Premier ministre a r\u00e9pondu qu\u2019il se sentait investi d\u2019une \u00ab\u00a0mission historique et spirituelle\u00a0\u00bb et qu\u2019il \u00e9tait \u00ab\u00a0tr\u00e8s\u00a0\u00bb attach\u00e9 \u00e0 la vision d\u2019un \u00ab\u00a0Grand Isra\u00ebl\u00a0\u00bb<span class=\"spip_note_ref\">\u00a0[<a target=\"_blank\" href=\"#nb7\" class=\"spip_note\" rel=\"appendix\" title=\"Voltaire, actualit\u00e9 internationale - N\u00b0140-141 - 5 septembre 2025.\" id=\"nh7\">7<\/a>]<\/span>.<\/p>\n<div class=\"spip_document_250219 spip_document spip_documents spip_document_image spip_documents_center spip_document_center spip_document_avec_legende\" data-legende-len=\"265\" data-legende-lenx=\"xxxx\">\n<figure class=\"spip_doc_inner\">\n<img loading=\"lazy\" decoding=\"async\" src=\"https:\/\/www.voltairenet.org\/local\/cache-vignettes\/L784xH439\/netanyahou_grand_israel-20000.png?1758432147\" width=\"784\" height=\"439\" alt=\"\"\/><figcaption class=\"spip_doc_legende\">\n<p><strong>Le 23 ao\u00fbt 2025, Benyamin Netanyahou d\u00e9clare sur i24News que sa \u00ab\u00a0mission historique et spirituelle\u00a0\u00bb est de r\u00e9aliser le Grand Isra\u00ebl du Nil \u00e0 l\u2019Euphrate. Il est le seul chef de gouvernement au monde \u00e0 annoncer ainsi son intention d\u2019annexer ses voisins.<br \/>\n<\/strong><\/p>\n<\/figcaption><\/figure>\n<\/div>\n<p>Le rapport du \u00ab\u00a0Comit\u00e9 sp\u00e9cial\u00a0\u00bb de l\u2019ONU n\u2019est pas simplement un avis d\u2019expert sur lequel les juges de la Cour internationale de Justice pourront s\u2019appuyer. C\u2019est aussi une question qui nous est pos\u00e9e\u00a0: avons-nous tir\u00e9 les conclusions du changement de r\u00e9gime progressif en Isra\u00ebl\u00a0?<\/p>\n<p>Les Isra\u00e9liens qui refusent de regarder la v\u00e9rit\u00e9 en face seront les prochaines victimes de Netanyahou\u00a0: comme les nazis tu\u00e8rent les d\u00e9mocrates allemands, les sionistes r\u00e9visionnistes n\u2019auront aucun \u00e9gard pour eux.<\/p>\n<\/div>\n<p><br \/>\n<br \/><a href=\"https:\/\/www.voltairenet.org\/article222821.html\" target=\"_blank\"\">Source link <\/a><\/p>\n","protected":false},"excerpt":{"rendered":"<p>Benyamin Netanyahou a toujours pr\u00e9sent\u00e9 Vladimir Jabotinsky comme un h\u00e9ros juif, mais il s\u2019est longtemps abstenu de se revendiquer de lui. Le \u00ab\u00a0Comit\u00e9 sp\u00e9cial charg\u00e9 d\u2019enqu\u00eater sur les pratiques isra\u00e9liennes&hellip; <\/p>\n","protected":false},"author":1,"featured_media":16376,"comment_status":"open","ping_status":"open","sticky":false,"template":"","format":"standard","meta":{"footnotes":""},"categories":[1],"tags":[],"class_list":["post-16375","post","type-post","status-publish","format-standard","has-post-thumbnail","hentry","category-non-classe"],"_links":{"self":[{"href":"https:\/\/monde25.info\/index.php\/wp-json\/wp\/v2\/posts\/16375","targetHints":{"allow":["GET"]}}],"collection":[{"href":"https:\/\/monde25.info\/index.php\/wp-json\/wp\/v2\/posts"}],"about":[{"href":"https:\/\/monde25.info\/index.php\/wp-json\/wp\/v2\/types\/post"}],"author":[{"embeddable":true,"href":"https:\/\/monde25.info\/index.php\/wp-json\/wp\/v2\/users\/1"}],"replies":[{"embeddable":true,"href":"https:\/\/monde25.info\/index.php\/wp-json\/wp\/v2\/comments?post=16375"}],"version-history":[{"count":0,"href":"https:\/\/monde25.info\/index.php\/wp-json\/wp\/v2\/posts\/16375\/revisions"}],"wp:featuredmedia":[{"embeddable":true,"href":"https:\/\/monde25.info\/index.php\/wp-json\/wp\/v2\/media\/16376"}],"wp:attachment":[{"href":"https:\/\/monde25.info\/index.php\/wp-json\/wp\/v2\/media?parent=16375"}],"wp:term":[{"taxonomy":"category","embeddable":true,"href":"https:\/\/monde25.info\/index.php\/wp-json\/wp\/v2\/categories?post=16375"},{"taxonomy":"post_tag","embeddable":true,"href":"https:\/\/monde25.info\/index.php\/wp-json\/wp\/v2\/tags?post=16375"}],"curies":[{"name":"wp","href":"https:\/\/api.w.org\/{rel}","templated":true}]}}