{"id":1638,"date":"2024-12-06T19:06:07","date_gmt":"2024-12-06T18:06:07","guid":{"rendered":"https:\/\/monde25.info\/index.php\/2024\/12\/06\/la-foi-des-reconvertis-par-anne-jourdain-le-monde-diplomatique-decembre-2024\/"},"modified":"2024-12-06T19:06:07","modified_gmt":"2024-12-06T18:06:07","slug":"la-foi-des-reconvertis-par-anne-jourdain-le-monde-diplomatique-decembre-2024","status":"publish","type":"post","link":"https:\/\/monde25.info\/index.php\/2024\/12\/06\/la-foi-des-reconvertis-par-anne-jourdain-le-monde-diplomatique-decembre-2024\/","title":{"rendered":"La foi des reconvertis, par Anne Jourdain (Le Monde diplomatique, d\u00e9cembre 2024)"},"content":{"rendered":"<p> <br \/>\n<\/p>\n<div couleurfade=\"fde9e5\" couleurclaire=\"f5e7d5\" couleurpale=\"f3d0a4\" couleurmi=\"be2e0d\" couleurfoncee=\"8e220a\" couleursombre=\"2f0b03\" couleurfond=\"7b554c\" couleurtexte=\"ffffff\">\n<div class=\"enapercu\">\n<p><i><span class=\"mot-lettrine\"><span class=\"lettrine\"><span class=\"guillemet\">\u00ab<\/span>R<\/span>etrouvez<\/span> du sens au travail<small class=\"fine\">\u00a0<\/small>\u00bb, \u00ab<small class=\"fine\">\u00a0<\/small>(Re)donnez du sens \u00e0 votre vie pro<small class=\"fine\">\u00a0<\/small>\u00bb, \u00ab<small class=\"fine\">\u00a0<\/small>Tournez-vous vers un job qui fait sens pour vous<small class=\"fine\">\u00a0<\/small>\u00bb<\/i>\u2026 Apr\u00e8s la pand\u00e9mie de Covid-19, alors que s\u00e9vit une \u00ab<small class=\"fine\">\u00a0<\/small>grande d\u00e9mission<small class=\"fine\">\u00a0<\/small>\u00bb et tandis que la critique des <i>bullshit jobs<\/i> (\u00ab<small class=\"fine\">\u00a0<\/small>boulots \u00e0 la con<small class=\"fine\">\u00a0<\/small>\u00bb) se banalise, l\u2019offre foisonne \u00e0 destination des salari\u00e9s en questionnement. Toujours plus d\u2019entreprises proposent d\u2019accompagner les transitions ou les reconversions professionnelles de cadres qui n\u2019y croient plus, s\u2019ennuient, s\u2019\u00e9puisent ou d\u00e9sesp\u00e8rent de continuer \u00e0 gravir les \u00e9chelons de la hi\u00e9rarchie. Pour les aider \u00e0 trouver le \u00ab<small class=\"fine\">\u00a0<\/small>job de leurs r\u00eaves<small class=\"fine\">\u00a0<\/small>\u00bb, la gamme de services comporte notamment du coaching \u2014 de 1\u00a0500 \u00e0 4\u00a0000\u00a0euros la dizaine de s\u00e9ances pour effectuer un travail sur soi.<\/p>\n<p>Si la grande majorit\u00e9 des coachs exercent \u00e0 leur compte, le plus souvent en tant qu\u2019autoentrepreneurs, certains proposent leurs services d\u2019accompagnement au sein de plus grandes entreprises ou de start-up qui tendent aujourd\u2019hui \u00e0 structurer le march\u00e9, comme Chance, Garance &amp; Moi ou Primaveras. Car la qu\u00eate de \u00ab<small class=\"fine\">\u00a0<\/small>sens<small class=\"fine\">\u00a0<\/small>\u00bb tient de l\u2019aspiration autant que du produit et fait aujourd\u2019hui l\u2019objet d\u2019une vaste marchandisation. La reconversion professionnelle a ses plates-formes num\u00e9riques \u2014 Je-change-de-m\u00e9tier.com \u2014 ou ses podcasts \u2014 \u00ab<small class=\"fine\">\u00a0<\/small>Trouver sa voie<small class=\"fine\">\u00a0<\/small>\u00bb, \u00ab<small class=\"fine\">\u00a0<\/small>J\u2019peux pas j\u2019ai business<small class=\"fine\">\u00a0<\/small>\u00bb, \u00ab<small class=\"fine\">\u00a0<\/small>Maintenant j\u2019aime le lundi<small class=\"fine\">\u00a0<\/small>\u00bb. En 2014, le groupe AEF info \u2014 pr\u00e9sid\u00e9 par M.\u00a0Raymond Soubie, ancien conseiller social de M.\u00a0Nicolas Sarkozy \u00e0 l\u2019\u00c9lys\u00e9e \u2014 cr\u00e9ait le salon Nouvelle vie professionnelle, premier \u00e9v\u00e9nement exclusivement consacr\u00e9 \u00e0 la reconversion.<\/p>\n<p>Et les coachs<small class=\"fine\">\u00a0<\/small>? D\u2019o\u00f9 viennent-ils<small class=\"fine\">\u00a0<\/small>? Qui sont-ils<small class=\"fine\">\u00a0<\/small>? D\u2019anciens cadres \u2014 eux-m\u00eames reconvertis \u00e0 la suite de difficult\u00e9s professionnelles \u2014 forment le gros du bataillon. Fond\u00e9 sur des valeurs d\u2019altruisme et d\u2019empathie, le coaching est parfois associ\u00e9 au <i>care (\u00ab<small class=\"fine\">\u00a0<\/small>soin<small class=\"fine\">\u00a0<\/small>\u00bb, \u00ab<small class=\"fine\">\u00a0<\/small>attention<small class=\"fine\">\u00a0<\/small>\u00bb).<\/i> Cette conception explique que, parmi les praticiens experts en transition professionnelle, on trouve 82<small class=\"fine\">\u00a0<\/small>% de femmes. Elles disent appr\u00e9cier la flexibilit\u00e9\u00a0(&#8230;)<\/p>\n<\/p><\/div>\n<p>Taille de l\u2019article complet\u00a0:\u00a0<span>1\u00a0312<\/span>\u00a0mots.<\/p>\n<div class=\"promo_dispo_article\">\n<h2 class=\"avantbloc\">\n\tCet article est r\u00e9serv\u00e9 aux\u00a0abonn\u00e9s<\/p>\n<\/h2>\n<div class=\"abo_inst\">\n\t<strong>Lyc\u00e9es, biblioth\u00e8ques, administrations, entreprises,<\/strong><br \/>\n\tacc\u00e9dez \u00e0 la base de donn\u00e9es en ligne de tous les articles du <i>Monde diplomatique<\/i> de 1954 \u00e0 nos\u00a0jours.<br \/>\n\t<a target=\"_blank\" id=\"pw-institutions\" class=\"suivi\" href=\"https:\/\/www.monde-diplomatique.fr\/archives\/institutions\">Retrouvez cette\u00a0offre sp\u00e9cifique<\/a>.\n<\/div>\n<\/div><\/div>\n<p><br \/>\n<br \/><a href=\"https:\/\/www.monde-diplomatique.fr\/2024\/12\/JOURDAIN\/67836\" target=\"_blank\"\">Source link <\/a><\/p>\n","protected":false},"excerpt":{"rendered":"<p>\u00abRetrouvez du sens au travail\u00a0\u00bb, \u00ab\u00a0(Re)donnez du sens \u00e0 votre vie pro\u00a0\u00bb, \u00ab\u00a0Tournez-vous vers un job qui fait sens pour vous\u00a0\u00bb\u2026 Apr\u00e8s la pand\u00e9mie de Covid-19, alors que s\u00e9vit une&hellip; <\/p>\n","protected":false},"author":1,"featured_media":1639,"comment_status":"open","ping_status":"open","sticky":false,"template":"","format":"standard","meta":{"footnotes":""},"categories":[1],"tags":[],"class_list":["post-1638","post","type-post","status-publish","format-standard","has-post-thumbnail","hentry","category-non-classe"],"_links":{"self":[{"href":"https:\/\/monde25.info\/index.php\/wp-json\/wp\/v2\/posts\/1638","targetHints":{"allow":["GET"]}}],"collection":[{"href":"https:\/\/monde25.info\/index.php\/wp-json\/wp\/v2\/posts"}],"about":[{"href":"https:\/\/monde25.info\/index.php\/wp-json\/wp\/v2\/types\/post"}],"author":[{"embeddable":true,"href":"https:\/\/monde25.info\/index.php\/wp-json\/wp\/v2\/users\/1"}],"replies":[{"embeddable":true,"href":"https:\/\/monde25.info\/index.php\/wp-json\/wp\/v2\/comments?post=1638"}],"version-history":[{"count":0,"href":"https:\/\/monde25.info\/index.php\/wp-json\/wp\/v2\/posts\/1638\/revisions"}],"wp:featuredmedia":[{"embeddable":true,"href":"https:\/\/monde25.info\/index.php\/wp-json\/wp\/v2\/media\/1639"}],"wp:attachment":[{"href":"https:\/\/monde25.info\/index.php\/wp-json\/wp\/v2\/media?parent=1638"}],"wp:term":[{"taxonomy":"category","embeddable":true,"href":"https:\/\/monde25.info\/index.php\/wp-json\/wp\/v2\/categories?post=1638"},{"taxonomy":"post_tag","embeddable":true,"href":"https:\/\/monde25.info\/index.php\/wp-json\/wp\/v2\/tags?post=1638"}],"curies":[{"name":"wp","href":"https:\/\/api.w.org\/{rel}","templated":true}]}}