{"id":16380,"date":"2025-09-23T15:58:50","date_gmt":"2025-09-23T13:58:50","guid":{"rendered":"https:\/\/monde25.info\/index.php\/2025\/09\/23\/discours-demmanuel-macron-lors-de-la-conference-pour-la-solution-a-deux-etats-par-emmanuel-macron\/"},"modified":"2025-09-23T15:58:50","modified_gmt":"2025-09-23T13:58:50","slug":"discours-demmanuel-macron-lors-de-la-conference-pour-la-solution-a-deux-etats-par-emmanuel-macron","status":"publish","type":"post","link":"https:\/\/monde25.info\/index.php\/2025\/09\/23\/discours-demmanuel-macron-lors-de-la-conference-pour-la-solution-a-deux-etats-par-emmanuel-macron\/","title":{"rendered":"Discours d&rsquo;Emmanuel Macron lors de la conf\u00e9rence pour la solution \u00e0 deux \u00c9tats, par Emmanuel Macron"},"content":{"rendered":"<p> <br \/>\n<br \/><img decoding=\"async\" src=\"https:\/\/www.voltairenet.org\/local\/cache-vignettes\/L150xH113\/400_-_1_2_-271-5c7be.jpg?1758622094\" \/><\/p>\n<div>\n<iframe loading=\"lazy\" title=\"Le temps de la paix est venu.\" width=\"1110\" height=\"624\" src=\"https:\/\/www.youtube.com\/embed\/63ADvJUEwpQ?feature=oembed\" frameborder=\"0\" allow=\"accelerometer; autoplay; clipboard-write; encrypted-media; gyroscope; picture-in-picture; web-share\" referrerpolicy=\"strict-origin-when-cross-origin\" allowfullscreen><\/iframe><\/p>\n<p>Madame la Pr\u00e9sidente de l\u2019Assembl\u00e9e g\u00e9n\u00e9rale, Monsieur le Secr\u00e9taire g\u00e9n\u00e9ral,<br class=\"manualbr\"\/>Mesdames et messieurs les chefs d\u2019\u00c9tat et de gouvernement, <br class=\"manualbr\"\/>Mesdames et Messieurs,<\/p>\n<p>Nous sommes l\u00e0 car le temps est venu. Le temps est venu de lib\u00e9rer les 48 otages d\u00e9tenus par le Hamas. Le temps est venu d\u2019arr\u00eater la guerre, les bombardements \u00e0 Gaza, les massacres et les populations en fuite. Le temps est venu car l\u2019urgence est partout. Le temps de la paix est venu, car nous sommes \u00e0 quelques instants de ne plus pouvoir la saisir. C\u2019est pour cela que nous nous retrouvons aujourd\u2019hui ici. Certains diront trop tard, d\u2019autres diront trop t\u00f4t. Une chose est s\u00fbre nous ne pouvons plus attendre.<\/p>\n<p>En 1947, cette Assembl\u00e9e d\u00e9cidait du partage de la Palestine mandataire entre deux Etats, l\u2019un juif et l\u2019autre arabe, et reconnaissait ainsi le droit de chacun \u00e0 l\u2019autod\u00e9termination. La communaut\u00e9 internationale consacrait l\u00e0 l\u2019Etat d\u2019Isra\u00ebl, accomplissant le destin de ce peuple, enfin, apr\u00e8s des mill\u00e9naires d\u2019errance et de pers\u00e9cution, et qui put fonder l\u00e0 une si belle d\u00e9mocratie. La promesse d\u2019un Etat arabe, elle, reste, jusqu\u2019\u00e0 ce jour, inachev\u00e9e.<\/p>\n<p>Depuis lors, c\u2019est un long chemin d\u2019esp\u00e9rance et de d\u00e9sespoir m\u00eal\u00e9s qu\u2019Isra\u00e9liens et Palestiniens ont parcouru chacun \u00e0 leur mani\u00e8re. Et nous, nous avons chemin\u00e9 avec eux, chacun d\u2019entre nous selon son histoire et sa sensibilit\u00e9. Mais la v\u00e9rit\u00e9 est que nous portons la responsabilit\u00e9 collective d\u2019avoir failli jusqu\u2019ici \u00e0 b\u00e2tir une paix juste et durable au Proche- Orient.<br class=\"autobr\"\/><br \/>\nC\u2019est l\u2019\u00e9vidence m\u00eame qui s\u2019est impos\u00e9e \u00e0 nous le 7 octobre 2023, lorsque le peuple isra\u00e9lien a subi la pire attaque terroriste de son histoire. 1224 hommes, femmes et enfants tu\u00e9s. 4834 hommes, femmes et enfants bless\u00e9s. 251 hommes, femmes et enfants enlev\u00e9s.<\/p>\n<p>La barbarie du Hamas et de ceux qui ont collabor\u00e9 \u00e0 ce massacre a stup\u00e9fait Isra\u00ebl et le monde. Le 7 octobre est une blessure encore vive pour l\u2019\u00e2me isra\u00e9lienne comme pour la conscience universelle. Nous la condamnons sans aucune nuance car rien, jamais, nulle part, ne peut justifier de recourir au terrorisme. Nous pensons en ce jour, aux victimes et \u00e0 leurs familles. Nous disons notre compassion aux Isra\u00e9liens et exigeons avant toute autre chose que tous les otages encore d\u00e9tenus \u00e0 Gaza soient lib\u00e9r\u00e9s sans aucune condition. Nous Fran\u00e7ais avons rendu un hommage national \u00e0 nos 51 compatriotes assassin\u00e9s ce jour-l\u00e0, et \u00e0 toutes les victimes du 7 octobre 2023. Nous ne les oublierons pas. Jamais. Comme jamais nous ne cesserons le combat existentiel contre l\u2019antis\u00e9mitisme.<\/p>\n<p>Fran\u00e7ais, nous savons la morsure du terrorisme. Nous portons au c\u0153ur le souvenir du t\u00e9moignage de fraternit\u00e9 offert apr\u00e8s les attentats commis \u00e0 Paris le 7 janvier 2015, par des dizaines de dirigeants \u00e9trangers manifestant avec eux, au premier rang desquels le premier ministre isra\u00e9lien et le pr\u00e9sident de l\u2019Autorit\u00e9 palestinienne.<\/p>\n<p>Nous savons qu\u2019aucune faiblesse n\u2019est possible face aux terroristes.<\/p>\n<p>Nous savons aussi le danger des guerres sans fin. Nous savons que le droit toujours doit l\u2019emporter sur la force. Nous savons enfin de notre Histoire que l\u2019attachement \u00e0 l\u2019universel et \u00e0 la paix est l\u2019h\u00e9ritage des si\u00e8cles pass\u00e9s comme la condition du salut. J\u2019affirme cela au nom de notre amiti\u00e9 avec Isra\u00ebl, \u00e0 qui notre engagement n\u2019a jamais fait d\u00e9faut. Au nom de notre amiti\u00e9 aussi avec le peuple palestinien pour qui nous voulons que la promesse initiale des Nations unies, celle de deux Etats vivant c\u00f4te \u00e0 c\u00f4te en paix et en s\u00e9curit\u00e9 devienne r\u00e9alit\u00e9.<br class=\"autobr\"\/><br \/>\nOr \u00e0 cette heure, Isra\u00ebl \u00e9tend encore ses op\u00e9rations militaires \u00e0 Gaza dans l\u2019objectif d\u00e9clar\u00e9 de d\u00e9truire le Hamas. Mais ce sont les vies de centaines de milliers de personnes d\u00e9plac\u00e9es, bless\u00e9es, affam\u00e9es, traumatis\u00e9es qui continuent d\u2019\u00eatre d\u00e9truites. Alors m\u00eame que le Hamas a \u00e9t\u00e9 consid\u00e9rablement affaibli et que la n\u00e9gociation d\u2019un cessez-le-feu durable reste le moyen le plus s\u00fbr d\u2019obtenir la lib\u00e9ration des otages.<\/p>\n<p>Rien, rien ne justifie plus la poursuite de la guerre \u00e0 Gaza. Rien. Tout commande au contraire d\u2019y mettre un terme d\u00e9finitif maintenant, \u00e0 d\u00e9faut de l\u2019avoir fait plus t\u00f4t. Pour sauver des vies. Les vies des otages isra\u00e9liens encore d\u00e9tenus dans des conditions atroces. Les vies des centaines de milliers de civils palestiniens accabl\u00e9s par la faim, la souffrance, la peur de mourir, le deuil de leurs proches. Sauver toutes les vies. Car depuis d\u00e9sormais pr\u00e8s de deux ans, c\u2019est bien la n\u00e9gation de l\u2019humanit\u00e9 de l\u2019autre et le sacrifice de la vie humaine qui pr\u00e9valent. Oui, depuis le 7 octobre, c\u2019est bien la vie de l\u2019autre qui est ni\u00e9e.<\/p>\n<p>Nous le disons depuis le premier jour de la guerre \u00e0 Gaza\u00a0: une vie vaut une vie. Je le sais pour avoir pris dans mes bras les familles des otages rencontr\u00e9es \u00e0 Tel Aviv puis \u00e0 Paris. Je pense \u00e0 cet instant \u00e0 la m\u00e8re d\u2019Eyatar David, otage affam\u00e9 et montr\u00e9 \u00e0 la foule par ses bourreaux. Je pense \u00e0 Nimrod Cohen, otage de dix-neuf ans, dont je viens de saluer le p\u00e8re. Je le sais pour \u00eatre aussi all\u00e9 au chevet des victimes palestiniennes des op\u00e9rations militaires isra\u00e9liennes, r\u00e9fugi\u00e9es \u00e0 Al-Arish, des femmes, des enfants, dont je n\u2019oublierai pas le regard.<\/p>\n<p>Je le sais, pour avoir rencontr\u00e9 des jeunes de Gaza accueillis en France et je pense \u00e0 Rita Baroud qui aurait d\u00fb \u00eatre avec nous aujourd\u2019hui et qui continue de t\u00e9moigner de la d\u00e9tresse de ses proches \u00e0 Gaza.<\/p>\n<p>Une vie vaut une vie. Et notre devoir \u00e0 tous est de prot\u00e9ger les uns et les autres, devoir indivisible, comme l\u2019est notre humanit\u00e9 commune.<\/p>\n<p>Une solution existe pour briser le cycle de la guerre et de la destruction. C\u2019est la reconnaissance de l\u2019autre, de sa l\u00e9gitimit\u00e9, de son humanit\u00e9 et de sa dignit\u00e9. Que les uns et les autres rouvrent les yeux et voient des visages humains l\u00e0 o\u00f9 la guerre a plac\u00e9 le masque de l\u2019ennemi ou les traits d\u2019une cible. C\u2019est la reconnaissance qu\u2019Isra\u00e9liens et Palestiniens vivent dans une solitude jumelle, solitude des Isra\u00e9liens apr\u00e8s le cauchemar historique du 7 octobre 2023, solitude des Palestiniens \u00e0 bout de force dans cette guerre sans fin.<\/p>\n<p>Le temps est venu. Car le pire peut advenir, qu\u2019il s\u2019agisse du sacrifice de tant d\u2019autres civils, de l\u2019expulsion de la population de Gaza vers l\u2019Egypte, de l\u2019annexion de la Cisjordanie, de la mort des otages d\u00e9tenus par le Hamas, ou des faits accomplis qui changent de mani\u00e8re irr\u00e9versible la situation sur le terrain. C\u2019est pour cela, c\u2019est pour cela que nous devons aujourd\u2019hui, ici m\u00eame ouvrir ce chemin de paix, car depuis juillet dernier, l\u2019acc\u00e9l\u00e9ration des \u00e9v\u00e8nements est terrible. Au point o\u00f9 nous en sommes, il est \u00e0 craindre que les accords d\u2019Abraham ou de Camp David soient remis en cause par l\u2019action d\u2019Isra\u00ebl et que la paix devienne impossible pour longtemps au Moyen-Orient. Il p\u00e8se donc sur nous une responsabilit\u00e9 historique. Nous devons tout faire pour pr\u00e9server la possibilit\u00e9 m\u00eame d\u2019une solution \u00e0 deux Etats, Isra\u00ebl et la Palestine, vivant c\u00f4te-\u00e0-c\u00f4te en paix et en s\u00e9curit\u00e9.<\/p>\n<p>Le temps est venu. C\u2019est pourquoi, fid\u00e8le \u00e0 l\u2019engagement historique de mon pays au Proche- Orient, pour la paix entre le peuple isra\u00e9lien et le peuple palestinien, je d\u00e9clare que la France reconna\u00eet aujourd\u2019hui l\u2019Etat de Palestine.<\/p>\n<p>Cette reconnaissance est une mani\u00e8re d\u2019affirmer que le peuple palestinien n\u2019est pas un peuple en trop. Qu\u2019il est au contraire ce peuple qui ne dit jamais adieu \u00e0 rien, pour parler avec Mahmoud Darwich. Un peuple fort de son Histoire, de son enracinement, de sa dignit\u00e9.<\/p>\n<p>La reconnaissance des droits l\u00e9gitimes du peuple palestinien n\u2019enl\u00e8ve rien aux droits du peuple isra\u00e9lien, que la France a soutenus d\u00e8s le premier jour et au respect desquels elle n\u2019est pas moins attach\u00e9e. Pr\u00e9cis\u00e9ment car nous sommes convaincus que cette reconnaissance est la solution qui seule permettra la paix pour Isra\u00ebl. Jamais la France n\u2019a manqu\u00e9 \u00e0 Isra\u00ebl quand sa s\u00e9curit\u00e9 \u00e9tait en jeu, y compris face aux frappes iraniennes.<\/p>\n<p>Cette reconnaissance de l\u2019Etat de Palestine est une d\u00e9faite pour le Hamas comme pour tous ceux qui attisent la haine antis\u00e9mite, nourrissent des obsessions antisionistes et veulent la destruction de l\u2019Etat d\u2019Isra\u00ebl.<\/p>\n<p>Cette reconnaissance de la France est accompagn\u00e9e par celles qui seront annonc\u00e9es aujourd\u2019hui entre autres et je les en remercie, celles d\u2019Andorre, de l\u2019Australie, de la Belgique, du Canada, du Luxembourg, de Malte, de Monaco, du Portugal, du Royaume-Uni, de Saint-Marin qui ont attendu avec nous ce moment et saisissant l\u2019appel de juillet dernier, ont fait le choix de la responsabilit\u00e9, de l\u2019exigence et de la paix. Cela, apr\u00e8s le choix fait par l\u2019Espagne, l\u2019Irlande, la Norv\u00e8ge et la Slov\u00e9nie en 2024, et tant d\u2019autres auparavant.<\/p>\n<p>Cette reconnaissance ouvre le chemin d\u2019une n\u00e9gociation utile aux Isra\u00e9liens comme aux Palestiniens.<\/p>\n<p>Ce chemin est celui du plan de paix et de s\u00e9curit\u00e9 pour tous que l\u2019Arabie Saoudite et la France ont soumis au vote de cette assembl\u00e9e, qui l\u2019a adopt\u00e9 \u00e0 une tr\u00e8s large majorit\u00e9. Il porte notre ambition commune de briser l\u2019engrenage de la violence et de changer la donne sur le terrain. Nous avons su faire un pas les uns vers les autres, sortir de nos postures habituelles et nous donner des objectifs concrets. Il nous appartient maintenant, ensemble, de d\u00e9clencher une m\u00e9canique de paix r\u00e9pondant aux besoins de chacun.<\/p>\n<p>Le premier temps ce plan de paix et de s\u00e9curit\u00e9 pour tous, est celui de l\u2019urgence absolue, celle de coupler la lib\u00e9ration des 48 otages et la fin des op\u00e9rations militaires sur tout le territoire de Gaza. Je salue les efforts du Qatar, de l\u2019Egypte et des Etats-Unis pour y parvenir et demande \u00e0 Isra\u00ebl de ne plus rien faire qui entrave leur aboutissement. Le Hamas a \u00e9t\u00e9 vaincu sur le plan militaire par la neutralisation de ses chefs et de ses d\u00e9cideurs. Il doit l\u2019\u00eatre sur le plan politique pour \u00eatre v\u00e9ritablement d\u00e9mantel\u00e9. D\u00e8s lors que le cessez-le-feu aura \u00e9t\u00e9 agr\u00e9\u00e9, c\u2019est un effort massif que nous devrons produire collectivement pour porter secours \u00e0 la population de Gaza. Je remercie l\u2019Egypte et la Jordanie de leur engagement ici et rappelle \u00e0 Isra\u00ebl l\u2019obligation absolue qui est la sienne de faciliter l\u2019acc\u00e8s humanitaire \u00e0 Gaza pour aider une population aujourd\u2019hui d\u00e9munie de tout.<\/p>\n<p>Le deuxi\u00e8me temps est celui de la stabilisation et de la reconstruction \u00e0 Gaza. Une administration de transition int\u00e9grant l\u2019Autorit\u00e9 palestinienne, la jeunesse palestinienne accompagn\u00e9e de forces de s\u00e9curit\u00e9 dont nous acc\u00e9l\u00e9rerons la formation, aura le monopole de la s\u00e9curit\u00e9 \u00e0 Gaza. Elle mettra en \u0153uvre le d\u00e9mant\u00e8lement et le d\u00e9sarmement du Hamas, avec le soutien des partenaires internationaux et les moyens qui seront n\u00e9cessaires \u00e0 cette mission difficile. La France est pr\u00eate \u00e0 contribuer \u00e0 une mission internationale de stabilisation et \u00e0 soutenir, avec ses partenaires europ\u00e9ens, la formation et l\u2019\u00e9quipement des forces de s\u00e9curit\u00e9 palestiniennes. D\u00e8s lors que la n\u00e9gociation le permettra, le Conseil de s\u00e9curit\u00e9 pourra d\u00e9cider le d\u00e9ploiement d\u2019une mission de soutien civil et s\u00e9curitaire, en liaison avec les autorit\u00e9s palestiniennes, avec le consentement des autorit\u00e9s isra\u00e9liennes.<\/p>\n<p>Il reviendra aussi \u00e0 l\u2019Etat de Palestine de rendre espoir \u00e0 sa population \u00e9prouv\u00e9e par des ann\u00e9es de violence, d\u2019occupation mais aussi de division et d\u2019incurie. Il lui reviendra donc d\u2019offrir \u00e0 son peuple un cadre d\u2019expression d\u00e9mocratique, renouvel\u00e9 et s\u00e9curis\u00e9. Le pr\u00e9sident Mahmoud Abbas en a pris l\u2019engagement aupr\u00e8s du prince Mohamed bin Salman et de moi-m\u00eame.<\/p>\n<p>Il a condamn\u00e9 avec force les attaques terroristes du 7 octobre 2023. Il a affirm\u00e9 son soutien au d\u00e9sarmement du Hamas et s\u2019est engag\u00e9 \u00e0 l\u2019exclure de la gouvernance \u00e0 venir de Gaza comme de l\u2019ensemble du territoire palestinien. Il a affirm\u00e9 son engagement \u00e0 lutter contre les discours de haine et a promis une r\u00e9novation en profondeur de la gouvernance palestinienne.<\/p>\n<p>La France sera attentive \u00e0 la pleine mise en \u0153uvre de chacun des engagements pris aupr\u00e8s d\u2019elle. Cette Autorit\u00e9 palestinienne renouvel\u00e9e est une condition n\u00e9cessaire \u00e0 la r\u00e9ussite de l\u2019indispensable n\u00e9gociation qu\u2019il faudra reprendre pour parvenir \u00e0 un accord sur chacune des questions relatives au statut final. C\u2019est dans ce cadre, aussi, que je pourrai d\u00e9cider d\u2019\u00e9tablir une ambassade aupr\u00e8s de l\u2019Etat de Palestine, d\u00e8s lors que tous les otages d\u00e9tenus \u00e0 Gaza auront \u00e9t\u00e9 lib\u00e9r\u00e9s et qu\u2019un cessez-le-feu aura \u00e9t\u00e9 \u00e9tabli.<\/p>\n<p>L\u2019exigence de la France \u00e0 l\u2019\u00e9gard d\u2019Isra\u00ebl ne sera pas moins grande. Avec ses partenaires europ\u00e9ens, elle indexera le niveau de sa coop\u00e9ration avec lui sur les dispositions qu\u2019il prendra pour mettre fin \u00e0 la guerre et n\u00e9gocier la paix.<\/p>\n<p>C\u2019est bien gr\u00e2ce \u00e0 ce chemin que nous obtiendrons un Etat de Palestine souverain, ind\u00e9pendant et d\u00e9militaris\u00e9 regroupant l\u2019ensemble de ses territoires, reconnaissant Isra\u00ebl, et \u00e9tant reconnu par Isra\u00ebl, dans une r\u00e9gion qui conna\u00eetra enfin la paix.<\/p>\n<p>J\u2019attends aussi de nos partenaires arabes et musulmans qui ne l\u2019ont pas encore fait, qu\u2019ils tiennent leur engagement de reconna\u00eetre l\u2019Etat d\u2019Isra\u00ebl et d\u2019avoir avec lui des relations normales d\u00e8s lors que l\u2019Etat de Palestine aura \u00e9t\u00e9 \u00e9tabli. Ainsi ferons-nous la d\u00e9monstration d\u2019une double reconnaissance au b\u00e9n\u00e9fice de la paix et de la s\u00e9curit\u00e9 de tous au Proche-Orient.<\/p>\n<p>Voici, Mesdames et Messieurs, quel est notre plan de paix. Il \u00e9tablit un engrenage exigeant pour sortir de la guerre et entrer dans une phase d\u00e9cisive de n\u00e9gociation. Il permet que la paix isra\u00e9lo- palestinienne soit le premier pilier d\u2019une nouvelle architecture de paix et de s\u00e9curit\u00e9 au Proche et Moyen-Orient. Il cr\u00e9dibilise aussi la possibilit\u00e9 d\u2019une plus grande int\u00e9gration \u00e9conomique.<\/p>\n<p>Rien ne sera possible sans que les autorit\u00e9s isra\u00e9liennes s\u2019approprient pleinement notre ambition renouvel\u00e9e de parvenir enfin \u00e0 la solution des deux Etats. Je sais leurs r\u00e9ticences et leurs craintes. J\u2019entends avec beaucoup de respect le peuple isra\u00e9lien, sa tristesse et sa fatigue, et je veux croire que les autorit\u00e9s isra\u00e9liennes l\u2019entendront \u00e9galement et sauront s\u2019engager \u00e0 leur tour. Je sais que le peuple isra\u00e9lien et ses dirigeants peuvent en avoir la force.<\/p>\n<p>Je me souviens du jeune homme que j\u2019\u00e9tais, apprenant l\u2019assassinat terrible d\u2019Yitzhak Rabin, il y a pr\u00e8s de 30 ans, tu\u00e9 pour avoir voulu la paix. Au moment o\u00f9 la mort allait le ravir, le guerrier h\u00e9ro\u00efque de l\u2019Etat d\u2019Isra\u00ebl venait de prononcer ces mots\u00a0: \u00ab\u00a0J\u2019ai fait la guerre aussi longtemps qu\u2019il n\u2019y avait aucune chance de faire la paix\u00a0\u00bb. Cette chance existe l\u00e0 aujourd\u2019hui. 142 Etats proposent cette paix, main tendue pr\u00eate \u00e0 \u00eatre serr\u00e9e.<\/p>\n<p>Alors, oui, le temps est venu d\u2019arr\u00eater la guerre \u00e0 Gaza, les massacres, la mort, tout de suite. L\u2019urgence nous le commande. Le temps est venu pour Isra\u00ebl de vivre en paix et en s\u00e9curit\u00e9, de la Galil\u00e9e \u00e0 la Mer Rouge, par la mer Morte, par le lac de Tib\u00e9riade, et par J\u00e9rusalem. Le temps est venu de ne plus discuter nulle part l\u2019existence d\u2019un Etat d\u2019Isra\u00ebl et d\u2019en faire une \u00e9vidence.<\/p>\n<p>Le temps est venu de rendre justice au peuple palestinien et ainsi de reconna\u00eetre un Etat de Palestine, fr\u00e8re et voisin, \u00e0 Gaza et en Cisjordanie et par J\u00e9rusalem. Le temps est venu de chasser de ces terres le visage hideux du terrorisme et de b\u00e2tir la paix. Oui, b\u00e2tir la paix, c\u2019est ce qui nous rassemble ici. Et telle est l\u2019esp\u00e9rance qui peut se construire. Alors que pour certains commence une ann\u00e9e nouvelle, c\u2019est un choix \u00e0 faire et c\u2019est notre devoir. La paix est beaucoup plus exigeante, beaucoup plus difficile que toutes les guerres.<\/p>\n<p>Mais le temps est venu.<\/p>\n<\/div>\n<p><br \/>\n<br \/><a href=\"https:\/\/www.voltairenet.org\/article222841.html\" target=\"_blank\"\">Source link <\/a><\/p>\n","protected":false},"excerpt":{"rendered":"<p>Madame la Pr\u00e9sidente de l\u2019Assembl\u00e9e g\u00e9n\u00e9rale, Monsieur le Secr\u00e9taire g\u00e9n\u00e9ral,Mesdames et messieurs les chefs d\u2019\u00c9tat et de gouvernement, Mesdames et Messieurs, Nous sommes l\u00e0 car le temps est venu. Le&hellip; <\/p>\n","protected":false},"author":1,"featured_media":16381,"comment_status":"open","ping_status":"open","sticky":false,"template":"","format":"standard","meta":{"footnotes":""},"categories":[1],"tags":[],"class_list":["post-16380","post","type-post","status-publish","format-standard","has-post-thumbnail","hentry","category-non-classe"],"_links":{"self":[{"href":"https:\/\/monde25.info\/index.php\/wp-json\/wp\/v2\/posts\/16380","targetHints":{"allow":["GET"]}}],"collection":[{"href":"https:\/\/monde25.info\/index.php\/wp-json\/wp\/v2\/posts"}],"about":[{"href":"https:\/\/monde25.info\/index.php\/wp-json\/wp\/v2\/types\/post"}],"author":[{"embeddable":true,"href":"https:\/\/monde25.info\/index.php\/wp-json\/wp\/v2\/users\/1"}],"replies":[{"embeddable":true,"href":"https:\/\/monde25.info\/index.php\/wp-json\/wp\/v2\/comments?post=16380"}],"version-history":[{"count":0,"href":"https:\/\/monde25.info\/index.php\/wp-json\/wp\/v2\/posts\/16380\/revisions"}],"wp:featuredmedia":[{"embeddable":true,"href":"https:\/\/monde25.info\/index.php\/wp-json\/wp\/v2\/media\/16381"}],"wp:attachment":[{"href":"https:\/\/monde25.info\/index.php\/wp-json\/wp\/v2\/media?parent=16380"}],"wp:term":[{"taxonomy":"category","embeddable":true,"href":"https:\/\/monde25.info\/index.php\/wp-json\/wp\/v2\/categories?post=16380"},{"taxonomy":"post_tag","embeddable":true,"href":"https:\/\/monde25.info\/index.php\/wp-json\/wp\/v2\/tags?post=16380"}],"curies":[{"name":"wp","href":"https:\/\/api.w.org\/{rel}","templated":true}]}}