{"id":16384,"date":"2025-09-23T17:04:46","date_gmt":"2025-09-23T15:04:46","guid":{"rendered":"https:\/\/monde25.info\/index.php\/2025\/09\/23\/6-mois-de-prison-ferme-pour-avoir-asperge-matignon-de-peinture\/"},"modified":"2025-09-23T17:04:46","modified_gmt":"2025-09-23T15:04:46","slug":"6-mois-de-prison-ferme-pour-avoir-asperge-matignon-de-peinture","status":"publish","type":"post","link":"https:\/\/monde25.info\/index.php\/2025\/09\/23\/6-mois-de-prison-ferme-pour-avoir-asperge-matignon-de-peinture\/","title":{"rendered":"6 mois de prison ferme pour avoir asperg\u00e9 Matignon de peinture"},"content":{"rendered":"<p> <br \/>\n<br \/><img loading=\"lazy\" decoding=\"async\" src=\"https:\/\/reporterre.net\/local\/cache-vignettes\/L700xH467\/arton27308-2-9acf2.jpg?1758639756\" class=\"spip_logo\" width=\"700\" height=\"467\" alt=\"\" \/><\/p>\n<p>Une sanction \u00ab<small class=\"fine d-inline\">\u00a0<\/small>d&rsquo;une s\u00e9v\u00e9rit\u00e9 incroyable<small class=\"fine d-inline\">\u00a0<\/small>\u00bb, r\u00e9sume le collectif Derni\u00e8re r\u00e9novation (<span class=\"caps\">DR<\/span>). Le tribunal judiciaire de Paris a condamn\u00e9, le 23\u00a0septembre, Rachel, 23 ans, \u00e0 six mois de prison ferme. Son tort<small class=\"fine d-inline\">\u00a0<\/small>? Avoir asperg\u00e9 de peinture orange l&rsquo;h\u00f4tel de Matignon, le 8\u00a0novembre 2023, dans le cadre de la campagne de <span class=\"caps\">DR<\/span>, qui r\u00e9clamait des mesures d&rsquo;ampleur pour la r\u00e9novation \u00e9nerg\u00e9tique. <br class=\"autobr\" \/><br \/>\nSelon le communiqu\u00e9 du groupe, Rachel a \u00e9t\u00e9 reconnue coupable de d\u00e9gradations, mais aussi de violences sur\u00a0(\u2026)<\/p>\n<p>                    <a target=\"_blank\" href=\"https:\/\/reporterre.net\/Six-mois-de-prison-ferme-pour-un-mur-peinturlure-a-Matignon?utm_source=RSS&amp;utm_medium=RSS\">Lire la suite<\/a><\/p>\n<p>                    &#8211;<br \/>\n                        <a target=\"_blank\" href=\"https:\/\/reporterre.net\/Breves-20\" rel=\"directory\">En bref<\/a><\/p>\n<p>                    \/<br \/>\n                        <a target=\"_blank\" href=\"https:\/\/reporterre.net\/Luttes\" rel=\"tag\">Luttes<\/a><br \/>\n                    ,<br \/>\n                        <a target=\"_blank\" href=\"https:\/\/reporterre.net\/Justice\" rel=\"tag\">Justice<\/a><br \/>\n<br \/><br \/>\n<br \/><a href=\"https:\/\/reporterre.net\/Six-mois-de-prison-ferme-pour-un-mur-peinturlure-a-Matignon\" target=\"_blank\"\">Source link <\/a><\/p>\n","protected":false},"excerpt":{"rendered":"<p>Une sanction \u00ab\u00a0d&rsquo;une s\u00e9v\u00e9rit\u00e9 incroyable\u00a0\u00bb, r\u00e9sume le collectif Derni\u00e8re r\u00e9novation (DR). Le tribunal judiciaire de Paris a condamn\u00e9, le 23\u00a0septembre, Rachel, 23 ans, \u00e0 six mois de prison ferme. Son&hellip; <\/p>\n","protected":false},"author":1,"featured_media":0,"comment_status":"open","ping_status":"open","sticky":false,"template":"","format":"standard","meta":{"footnotes":""},"categories":[1],"tags":[],"class_list":["post-16384","post","type-post","status-publish","format-standard","hentry","category-non-classe"],"_links":{"self":[{"href":"https:\/\/monde25.info\/index.php\/wp-json\/wp\/v2\/posts\/16384","targetHints":{"allow":["GET"]}}],"collection":[{"href":"https:\/\/monde25.info\/index.php\/wp-json\/wp\/v2\/posts"}],"about":[{"href":"https:\/\/monde25.info\/index.php\/wp-json\/wp\/v2\/types\/post"}],"author":[{"embeddable":true,"href":"https:\/\/monde25.info\/index.php\/wp-json\/wp\/v2\/users\/1"}],"replies":[{"embeddable":true,"href":"https:\/\/monde25.info\/index.php\/wp-json\/wp\/v2\/comments?post=16384"}],"version-history":[{"count":0,"href":"https:\/\/monde25.info\/index.php\/wp-json\/wp\/v2\/posts\/16384\/revisions"}],"wp:attachment":[{"href":"https:\/\/monde25.info\/index.php\/wp-json\/wp\/v2\/media?parent=16384"}],"wp:term":[{"taxonomy":"category","embeddable":true,"href":"https:\/\/monde25.info\/index.php\/wp-json\/wp\/v2\/categories?post=16384"},{"taxonomy":"post_tag","embeddable":true,"href":"https:\/\/monde25.info\/index.php\/wp-json\/wp\/v2\/tags?post=16384"}],"curies":[{"name":"wp","href":"https:\/\/api.w.org\/{rel}","templated":true}]}}